{"id":201240,"date":"2026-09-03T10:41:10","date_gmt":"2026-09-03T10:41:10","guid":{"rendered":"https:\/\/www.europesays.com\/cz\/201240\/"},"modified":"2026-09-03T10:41:10","modified_gmt":"2026-09-03T10:41:10","slug":"pozor-prekvapeni-skolstvi-ma-uz-zase-smulu","status":"publish","type":"post","link":"https:\/\/www.europesays.com\/cz\/201240\/","title":{"rendered":"Pozor, p\u0159ekvapen\u00ed\u00a0\u2013 \u0161kolstv\u00ed m\u00e1 u\u017e zase sm\u016flu"},"content":{"rendered":"<p class=\"e_bX\">Ministr \u0161kolstv\u00ed Robert Plaga (ANO) za\u017e\u00edv\u00e1 kru\u0161n\u00e9 momenty koali\u010dn\u00edho sou\u017eit\u00ed u\u017e od chv\u00edle, kdy se po \u010dty\u0159let\u00e9 pauze op\u011btovn\u011b ujal k\u0159esla. P\u0159ed \u010dasem se k\u00a0nim ov\u0161em p\u0159idaly z\u00e1drhely i\u00a0na \u00farovni stranick\u00e9. Pot\u00e9, co odrazil <a data-dot=\"atm-link\" target=\"_blank\" href=\"https:\/\/www.seznamzpravy.cz\/clanek\/kampus-zakladni-vzdelavani-mohou-diteti-ve-skole-telefon-zabavit-odpovidame-na-otazky-k-zakazu-mobilu-311258\" class=\"e_n\" rel=\"nofollow noopener\">pr\u00e1zdninov\u00e9 \u0159\u00e1d\u011bn\u00ed sv\u00e9ho \u0161\u00e9fa v\u00a0problematice z\u00e1kazu mobil\u016f ve \u0161kol\u00e1ch<\/a>, nad\u011blili mu nyn\u00ed kolegov\u00e9 dal\u0161\u00ed nemilou\u00a0\u2013 tentokr\u00e1t v\u011bcn\u011b daleko v\u00e1\u017en\u011bj\u0161\u00ed\u00a0\u2013 p\u0159ek\u00e1\u017eku.<\/p>\n<p class=\"e_bX\">\u0160\u00e9fka financ\u00ed Alena Schillerov\u00e1 (ANO) Plagovi v\u00a0n\u00e1vrhu st\u00e1tn\u00edho rozpo\u010dtu <a data-dot=\"atm-link\" target=\"_blank\" rel=\"noopener nofollow\" href=\"https:\/\/www.facebook.com\/photo?fbid=1598722475365497&amp;set=a.151080243463068\" class=\"e_n\">up\u0159ela minim\u00e1ln\u011b \u0161est miliard korun<\/a>, kter\u00e9 ale podle jeho slov resort nutn\u011b pot\u0159ebuje k\u00a0pokryt\u00ed z\u00e1vazk\u016f. Konkr\u00e9tn\u011b jde dle \u201eo\u017eebra\u010den\u00e9ho\u201c ministra o\u00a0t\u0159i miliardy na z\u00e1konn\u00e9 v\u00fddaje pro soukrom\u00e9 \u0161koly, dv\u011b a\u00a0p\u016fl miliardy na dofinancov\u00e1n\u00ed plat\u016f v\u00a0region\u00e1ln\u00edm a\u00a0vysok\u00e9m \u0161kolstv\u00ed a\u00a0600\u00a0milion\u016f na svazkov\u00e9 \u0161koly v\u00a0p\u0159et\u00ed\u017een\u00fdch regionech.<\/p>\n<p class=\"e_bX\">Ministryn\u011b financ\u00ed z\u0159ejm\u011b jen zapomn\u011bla, co se p\u00ed\u0161e v\u00a0p\u016fl roku star\u00e9m programov\u00e9m prohl\u00e1\u0161en\u00ed vl\u00e1dy, j\u00ed\u017e hrd\u011b m\u00edstop\u0159edsed\u00e1.<\/p>\n<p class=\"e_bX\">\u201eNa\u0161e \u0161koly\u00a0\u2013 od mate\u0159sk\u00fdch a\u017e po vysok\u00e9\u00a0\u2013 jsou pro n\u00e1s prioritou. Investice do vzd\u011bl\u00e1v\u00e1n\u00ed nejsou pouh\u00fdm v\u00fddajem, ale kl\u00ed\u010dovou investic\u00ed do budoucnosti \u010cesk\u00e9 republiky,\u201c <a data-dot=\"atm-link\" target=\"_blank\" rel=\"noopener nofollow\" href=\"https:\/\/vlada.gov.cz\/cz\/vlada\/programove-prohlaseni\/programove-prohlaseni-vlady-224629\/#vzdelavani\" class=\"e_n\">stoj\u00ed v\u00a0l\u00edbiv\u00e9m dokumentu<\/a>. \u0160kolstv\u00ed jako priorita. Fr\u00e1ze, kter\u00e1 by bezkonkuren\u010dn\u011b vyhr\u00e1la sout\u011b\u017e o\u00a0nejklamav\u011bj\u0161\u00ed slib ka\u017ed\u00e9 nastoupiv\u0161\u00ed vl\u00e1dy. \u010clov\u011bk by skoro v\u011b\u0159il, \u017ee opakov\u00e1n\u00ed tohoto kli\u0161\u00e9 p\u0159edepisuje \u00fastava pod hrozbou velezrady.<\/p>\n<p class=\"e_bX\">Vl\u00e1da v\u00a0pas\u00e1\u017ei o\u00a0programu pro vzd\u011bl\u00e1v\u00e1n\u00ed ne\u0161et\u0159ila superlativy, v\u00e1bila mimo jin\u00e9 i\u00a0na dorovn\u00e1n\u00ed v\u00fddaj\u016f na pr\u016fm\u011br zem\u00ed OECD. D\u00edra mezi n\u00edm a\u00a0\u010ceskem nyn\u00ed zeje na \u00farovni v\u00edce ne\u017e 50\u00a0miliard. Na dotahov\u00e1n\u00ed vysp\u011bl\u00e9ho sv\u011bta tak s\u00a0jistotou u\u017e dal\u0161\u00ed volebn\u00ed obdob\u00ed v\u00a0\u0159ad\u011b nedojde. Meziro\u010dn\u00ed n\u00e1r\u016fst do \u0161kolstv\u00ed delegovan\u00fdch financ\u00ed o\u00a01,5\u00a0procenta v\u00a0situaci, kdy kabinet vyrukoval se schodkem 389\u00a0miliard, nevypov\u00edd\u00e1 o\u00a0mo\u017enostech st\u00e1tn\u00ed kasy, ale o\u00a0skute\u010dn\u00fdch z\u00e1jmech vl\u00e1dy.<\/p>\n<p>Souvisej\u00edc\u00ed<a data-dot=\"mol-article-card-media\" aria-hidden=\"true\" tabindex=\"-1\" href=\"https:\/\/www.seznamzpravy.cz\/clanek\/audio-podcast-vlevo-dole-vlevo-dole-ministri-plaga-a-vojtech-uz-jen-brani-napadum-spd-a-motoristu-313154\" class=\"e_n f_l8\" rel=\"nofollow noopener\" target=\"_blank\"><img fetchpriority=\"high\" height=\"1080\"   width=\"1920\" src=\"https:\/\/www.europesays.com\/cz\/wp-content\/uploads\/2026\/09\/1788432070_386_vlevo-dole.jpeg\" loading=\"eager\" decoding=\"sync\" class=\"e_aa e_Z\"\/><\/a><\/p>\n<p class=\"e_bX\">P\u0159edchoz\u00ed Fial\u016fv kabinet si, by\u0165 slo\u017een z\u00a0velk\u00e9 \u010d\u00e1sti z\u00a0u\u010ditel\u016f, po\u010d\u00ednal na poli (samoz\u0159ejm\u011b takt\u00e9\u017e prioritn\u00edho) \u0161kolstv\u00ed nav\u00fdsost hrozn\u011b. Po skute\u010dn\u011b nep\u0159esv\u011bd\u010div\u00e9m v\u00fdkonu tria Gazd\u00edk\u2013Bala\u0161\u2013Bek z\u00a0hnut\u00ed STAN na M\u0160MT se proto na Plag\u016fv comeback t\u011b\u0161ili i\u00a0leckte\u0159\u00ed nejzaryt\u011bj\u0161\u00ed odp\u016frci Andreje Babi\u0161e.<\/p>\n<p>O\u010dividn\u011b naivn\u00ed p\u0159edstava<\/p>\n<p class=\"e_bX\">V\u011b\u0159ili, \u017ee p\u0159esn\u011b takov\u00e9mu \u0161krcen\u00ed financ\u00ed a\u00a0odklonu \u0161kolstv\u00ed na druhou kolej superambici\u00f3zn\u00ed Plaga zabr\u00e1n\u00ed. \u017de kdy\u017e u\u017e Babi\u0161ovi svoj\u00ed agilnost\u00ed podruh\u00e9 poslou\u017eil jako l\u00e1kadlo t\u0159eba pro zklaman\u00e9 voli\u010de p\u011btikoalice a\u00a0ve jm\u00e9nu \u0161kolstv\u00ed poh\u0159bil svou d\u016fstojnost hlasov\u00e1n\u00edm pro Okamuru do \u010dela Sn\u011bmovny, vyjedn\u00e1 si pro sv\u016fj resort siln\u011bj\u0161\u00ed pozici a\u00a0nenech\u00e1 se odb\u00fdt.<\/p>\n<p class=\"e_bX\">Tahle p\u0159edstava byla o\u010dividn\u011b naivn\u00ed. V\u0161em fanou\u0161k\u016fm kvalitn\u011bj\u0161\u00edho vzd\u011bl\u00e1v\u00e1n\u00ed nezb\u00fdv\u00e1 ne\u017e doufat, \u017ee se mu do 30.\u00a0z\u00e1\u0159\u00ed, ne\u017e n\u00e1vrh z\u00e1kona poputuje k\u00a0poslanc\u016fm, poda\u0159\u00ed z\u00a0ministryn\u011b financ\u00ed p\u00e1r miliard navrch vym\u00e1mit.<\/p>\n<p class=\"e_bX\">Od za\u010d\u00e1tku se p\u0159itom nab\u00edzelo primitivn\u00ed \u0159e\u0161en\u00ed. Sta\u010dilo Babi\u0161ovi vnuknout my\u0161lenku, aby do rodinn\u00e9ho portfolia za\u0159adil vlastn\u00ed s\u00ed\u0165 st\u0159edn\u00edch zem\u011bd\u011blek \u010di zdravotnick\u00fdch lyce\u00ed. To by se te\u010f zostuzen\u00fd Plaga nesta\u010dil divit, jak snadno do resortn\u00ed kasi\u010dky dok\u00e1\u017eou p\u0159it\u00e9ct schodkov\u00e9 miliardy i\u00a0bez handrkov\u00e1n\u00ed se Schillerovou.<\/p>\n","protected":false},"excerpt":{"rendered":"Ministr \u0161kolstv\u00ed Robert Plaga (ANO) za\u017e\u00edv\u00e1 kru\u0161n\u00e9 momenty koali\u010dn\u00edho sou\u017eit\u00ed u\u017e od chv\u00edle, kdy se po \u010dty\u0159let\u00e9 pauze&hellip;\n","protected":false},"author":2,"featured_media":201241,"comment_status":"","ping_status":"","sticky":false,"template":"","format":"standard","meta":{"footnotes":"","_share_on_mastodon":"0"},"categories":[7],"tags":[43,42,41,40,5416,442,3502,562,887,1717],"class_list":["post-201240","post","type-post","status-publish","format-standard","has-post-thumbnail","category-cesko","tag-ceska-republika","tag-cesko","tag-czech-republic","tag-czechia","tag-robert-plaga","tag-skolstvi","tag-statni-rozpocet","tag-vlada-andreje-babise","tag-vydaje-finance","tag-vzdelavani"],"share_on_mastodon":{"url":"https:\/\/pubeurope.com\/@cz\/117206692220155293","error":""},"_links":{"self":[{"href":"https:\/\/www.europesays.com\/cz\/wp-json\/wp\/v2\/posts\/201240","targetHints":{"allow":["GET"]}}],"collection":[{"href":"https:\/\/www.europesays.com\/cz\/wp-json\/wp\/v2\/posts"}],"about":[{"href":"https:\/\/www.europesays.com\/cz\/wp-json\/wp\/v2\/types\/post"}],"author":[{"embeddable":true,"href":"https:\/\/www.europesays.com\/cz\/wp-json\/wp\/v2\/users\/2"}],"replies":[{"embeddable":true,"href":"https:\/\/www.europesays.com\/cz\/wp-json\/wp\/v2\/comments?post=201240"}],"version-history":[{"count":0,"href":"https:\/\/www.europesays.com\/cz\/wp-json\/wp\/v2\/posts\/201240\/revisions"}],"wp:featuredmedia":[{"embeddable":true,"href":"https:\/\/www.europesays.com\/cz\/wp-json\/wp\/v2\/media\/201241"}],"wp:attachment":[{"href":"https:\/\/www.europesays.com\/cz\/wp-json\/wp\/v2\/media?parent=201240"}],"wp:term":[{"taxonomy":"category","embeddable":true,"href":"https:\/\/www.europesays.com\/cz\/wp-json\/wp\/v2\/categories?post=201240"},{"taxonomy":"post_tag","embeddable":true,"href":"https:\/\/www.europesays.com\/cz\/wp-json\/wp\/v2\/tags?post=201240"}],"curies":[{"name":"wp","href":"https:\/\/api.w.org\/{rel}","templated":true}]}}