{"id":201248,"date":"2026-09-03T10:45:13","date_gmt":"2026-09-03T10:45:13","guid":{"rendered":"https:\/\/www.europesays.com\/cz\/201248\/"},"modified":"2026-09-03T10:45:13","modified_gmt":"2026-09-03T10:45:13","slug":"pogacar-po-operaci-opustil-nemocnici-v-barcelone","status":"publish","type":"post","link":"https:\/\/www.europesays.com\/cz\/201248\/","title":{"rendered":"Poga\u010dar po operaci opustil nemocnici v\u00a0Barcelon\u011b"},"content":{"rendered":"<p class=\"b_bA\">Poga\u010dar po karambolu v\u00a0osm\u00e9 etap\u011b utrp\u011bl tak\u00e9 zlomeninu kr\u010dn\u00edho obratle, ot\u0159es mozku a\u00a0r\u016fzn\u00e9 od\u0159eniny. V\u00a0rekonvalescenci bude pokra\u010dovat doma v\u00a0Monaku.<\/p>\n<p class=\"b_bA\">Po Vuelt\u011b, kde cht\u011bl sedmadvacetilet\u00fd Slovinec zkompletovat sb\u00edrku titul\u016f z\u00a0Grand Tours, m\u011bl Poga\u010dar koncem z\u00e1\u0159\u00ed bojovat na mistrovstv\u00ed sv\u011bta v\u00a0Montrealu o\u00a0t\u0159et\u00ed zlato v\u00a0\u0159ad\u011b. Svou \u00fa\u010dast na \u0161ampion\u00e1tu zat\u00edm nevzdal, ale podle l\u00e9ka\u0159e slovinsk\u00e9 reprezentace Kri\u0161tofa Knapa je jeho start v\u00a0podstat\u011b vylou\u010den\u00fd.<\/p>\n<p class=\"b_bA\">\u201eNen\u00ed to realistick\u00e9, i\u00a0kdy\u017e bychom si to v\u0161ichni p\u0159\u00e1li,\u201c \u0159ekl Knap slovinsk\u00e9 televizi. \u201eKoneckonc\u016f, Tadej Poga\u010dar je tak\u00e9 \u010dlov\u011bk, kter\u00fd mus\u00ed po skon\u010den\u00ed kari\u00e9ry pro\u017e\u00edt zbytek \u017eivota ve sv\u00e9m vlastn\u00edm t\u011ble. Bylo by dobr\u00e9, aby nem\u011bl \u017e\u00e1dn\u00e9 n\u00e1sledky. Koneckonc\u016f m\u00e1 p\u0159ed sebou je\u0161t\u011b p\u00e1r let kari\u00e9ry a\u00a0je d\u016fle\u017eit\u00e9, aby nic neusp\u011bchal,\u201c uvedl l\u00e9ka\u0159.<\/p>\n<p><a data-dot=\"atm-link\" target=\"_self\" href=\"https:\/\/www.sport.cz\/clanek\/cyklistika-pogacara-prevezli-sanitkou-do-nemocnice-v-barcelone-sam-zverejnil-fotku-z-luzka-5521214\" class=\"b_V g_ig\" rel=\"nofollow noopener\"><img fetchpriority=\"high\" height=\"2730\" width=\"3641\" src=\"https:\/\/www.europesays.com\/cz\/wp-content\/uploads\/2026\/09\/a7d1.jpeg\" loading=\"eager\" decoding=\"sync\" class=\"b_B b_z\"\/><\/a><\/p>\n","protected":false},"excerpt":{"rendered":"Poga\u010dar po karambolu v\u00a0osm\u00e9 etap\u011b utrp\u011bl tak\u00e9 zlomeninu kr\u010dn\u00edho obratle, ot\u0159es mozku a\u00a0r\u016fzn\u00e9 od\u0159eniny. V\u00a0rekonvalescenci bude pokra\u010dovat doma&hellip;\n","protected":false},"author":2,"featured_media":201249,"comment_status":"","ping_status":"","sticky":false,"template":"","format":"standard","meta":{"footnotes":"","_share_on_mastodon":"0"},"categories":[15],"tags":[4967,94,93,8969],"class_list":["post-201248","post","type-post","status-publish","format-standard","has-post-thumbnail","category-sport","tag-cyklistika","tag-sport","tag-sports","tag-tadej-pogacar"],"share_on_mastodon":{"url":"https:\/\/pubeurope.com\/@cz\/117206707603703665","error":""},"_links":{"self":[{"href":"https:\/\/www.europesays.com\/cz\/wp-json\/wp\/v2\/posts\/201248","targetHints":{"allow":["GET"]}}],"collection":[{"href":"https:\/\/www.europesays.com\/cz\/wp-json\/wp\/v2\/posts"}],"about":[{"href":"https:\/\/www.europesays.com\/cz\/wp-json\/wp\/v2\/types\/post"}],"author":[{"embeddable":true,"href":"https:\/\/www.europesays.com\/cz\/wp-json\/wp\/v2\/users\/2"}],"replies":[{"embeddable":true,"href":"https:\/\/www.europesays.com\/cz\/wp-json\/wp\/v2\/comments?post=201248"}],"version-history":[{"count":0,"href":"https:\/\/www.europesays.com\/cz\/wp-json\/wp\/v2\/posts\/201248\/revisions"}],"wp:featuredmedia":[{"embeddable":true,"href":"https:\/\/www.europesays.com\/cz\/wp-json\/wp\/v2\/media\/201249"}],"wp:attachment":[{"href":"https:\/\/www.europesays.com\/cz\/wp-json\/wp\/v2\/media?parent=201248"}],"wp:term":[{"taxonomy":"category","embeddable":true,"href":"https:\/\/www.europesays.com\/cz\/wp-json\/wp\/v2\/categories?post=201248"},{"taxonomy":"post_tag","embeddable":true,"href":"https:\/\/www.europesays.com\/cz\/wp-json\/wp\/v2\/tags?post=201248"}],"curies":[{"name":"wp","href":"https:\/\/api.w.org\/{rel}","templated":true}]}}