{"id":201258,"date":"2026-09-03T10:51:14","date_gmt":"2026-09-03T10:51:14","guid":{"rendered":"https:\/\/www.europesays.com\/cz\/201258\/"},"modified":"2026-09-03T10:51:14","modified_gmt":"2026-09-03T10:51:14","slug":"sucho-na-orliku-odhalilo-nekolik-sudu-lide-zavolali-policii","status":"publish","type":"post","link":"https:\/\/www.europesays.com\/cz\/201258\/","title":{"rendered":"Sucho na Orl\u00edku odhalilo n\u011bkolik sud\u016f. Lid\u00e9 zavolali policii"},"content":{"rendered":"<p class=\"c_bB\">\u201eSkute\u010dn\u011b jsme v\u00a0uplynul\u00fdch dvou dnech otev\u00edrali spole\u010dn\u011b s\u00a0hasi\u010di dva sudy v\u00a0orlick\u00e9 p\u0159ehrad\u011b. Nakonec v\u0161ak v\u0161echno dob\u0159e dopadlo,\u201c potvrdila Novink\u00e1m mluv\u010d\u00ed p\u00edseck\u00e9 policie Kamila \u010cu\u0159\u00ednov\u00e1 Ingri\u0161ov\u00e1.<\/p>\n<p class=\"c_bB\">Ujistila, \u017ee sudy byly pouze zaplaven\u00e9 vodou. Z\u0159ejm\u011b p\u016fvodn\u011b fungovaly jako sou\u010d\u00e1st pontonu.<\/p>\n<p class=\"c_bB\">Sucho odhaluje na Orl\u00edku celou \u0159adu zaj\u00edmavost\u00ed z\u00a0historie, jako nap\u0159\u00edklad poz\u016fstatky star\u00e9ho \u0159et\u011bzov\u00e9ho mostu pod Podolsk\u00fdm mostem. Bohu\u017eel krom\u011b historie se ukazuj\u00ed tak\u00e9 v\u011bci, kter\u00e9 lid\u00e9 do p\u0159ehrady odhodili. <\/p>\n<p class=\"c_bB\">Sudy jsou pak hned na n\u011bkolika m\u00edstech. V\u011bt\u0161inou je otev\u00edraj\u00ed m\u00edstn\u00ed ryb\u00e1\u0159i nebo sami n\u00e1lezci. Lid\u00e9 mohou v\u00a0p\u0159\u00edpad\u011b obav volat na\u00a0\u010d\u00edslo 158.<\/p>\n<p><a data-dot=\"atm-link\" target=\"_self\" href=\"https:\/\/www.novinky.cz\/clanek\/domaci-zpravy-stredocesky-kraj-hladina-vody-na-orliku-je-na-historickem-minimu-40595809\" class=\"c_I\" rel=\"nofollow noopener\"><img fetchpriority=\"high\" height=\"2304\" width=\"4096\" src=\"https:\/\/www.europesays.com\/cz\/wp-content\/uploads\/2026\/09\/1788432674_267_235e.jpeg\" loading=\"eager\" decoding=\"sync\" class=\"c_t c_r\"\/><\/a><\/p>\n","protected":false},"excerpt":{"rendered":"\u201eSkute\u010dn\u011b jsme v\u00a0uplynul\u00fdch dvou dnech otev\u00edrali spole\u010dn\u011b s\u00a0hasi\u010di dva sudy v\u00a0orlick\u00e9 p\u0159ehrad\u011b. Nakonec v\u0161ak v\u0161echno dob\u0159e dopadlo,\u201c potvrdila&hellip;\n","protected":false},"author":2,"featured_media":201259,"comment_status":"","ping_status":"","sticky":false,"template":"","format":"standard","meta":{"footnotes":"","_share_on_mastodon":"0"},"categories":[10],"tags":[734,17,21,16,42464,5700,325,7031,18,19,22,1644,20],"class_list":["post-201258","post","type-post","status-publish","format-standard","has-post-thumbnail","category-zpravy","tag-hasici","tag-headlines","tag-hlavni-udalosti","tag-news","tag-orlicka-prehrada","tag-orlik","tag-policie","tag-sucho","tag-top-news","tag-top-stories","tag-udalosti-dne","tag-vrazda","tag-zpravy"],"share_on_mastodon":{"url":"https:\/\/pubeurope.com\/@cz\/117206731080383515","error":""},"_links":{"self":[{"href":"https:\/\/www.europesays.com\/cz\/wp-json\/wp\/v2\/posts\/201258","targetHints":{"allow":["GET"]}}],"collection":[{"href":"https:\/\/www.europesays.com\/cz\/wp-json\/wp\/v2\/posts"}],"about":[{"href":"https:\/\/www.europesays.com\/cz\/wp-json\/wp\/v2\/types\/post"}],"author":[{"embeddable":true,"href":"https:\/\/www.europesays.com\/cz\/wp-json\/wp\/v2\/users\/2"}],"replies":[{"embeddable":true,"href":"https:\/\/www.europesays.com\/cz\/wp-json\/wp\/v2\/comments?post=201258"}],"version-history":[{"count":0,"href":"https:\/\/www.europesays.com\/cz\/wp-json\/wp\/v2\/posts\/201258\/revisions"}],"wp:featuredmedia":[{"embeddable":true,"href":"https:\/\/www.europesays.com\/cz\/wp-json\/wp\/v2\/media\/201259"}],"wp:attachment":[{"href":"https:\/\/www.europesays.com\/cz\/wp-json\/wp\/v2\/media?parent=201258"}],"wp:term":[{"taxonomy":"category","embeddable":true,"href":"https:\/\/www.europesays.com\/cz\/wp-json\/wp\/v2\/categories?post=201258"},{"taxonomy":"post_tag","embeddable":true,"href":"https:\/\/www.europesays.com\/cz\/wp-json\/wp\/v2\/tags?post=201258"}],"curies":[{"name":"wp","href":"https:\/\/api.w.org\/{rel}","templated":true}]}}