{"id":201264,"date":"2026-09-03T10:55:12","date_gmt":"2026-09-03T10:55:12","guid":{"rendered":"https:\/\/www.europesays.com\/cz\/201264\/"},"modified":"2026-09-03T10:55:12","modified_gmt":"2026-09-03T10:55:12","slug":"ester-janeckova-vlasova-promena-ji-rozzarila","status":"publish","type":"post","link":"https:\/\/www.europesays.com\/cz\/201264\/","title":{"rendered":"Ester Jane\u010dkov\u00e1: Vlasov\u00e1 prom\u011bna j\u00ed rozz\u00e1\u0159ila"},"content":{"rendered":"<p class=\"b_bt\">A\u010dkoli v\u011bt\u0161ina \u017een se dr\u017e\u00ed pravidla, \u017ee s\u00a0p\u0159ib\u00fdvaj\u00edc\u00edm v\u011bkem se vlasy maj\u00ed <a data-dot=\"atm-link\" target=\"_blank\" href=\"https:\/\/www.prozeny.cz\/clanek\/krasa-a-moda-promeny-promena-ctenarky-lenky-prosvetleni-vlasu-metodou-foilyage-ji-rozzarilo-96901\" class=\"b_g\" rel=\"nofollow noopener\">zesv\u011btlovat<\/a>, o\u010dividn\u011b to neplat\u00ed pro ka\u017ed\u00e9ho. D\u016fkazem je nov\u00fd look moder\u00e1torky Ester Jane\u010dkov\u00e9, kter\u00e1 se po n\u011bkolikalet\u00e9 p\u0159est\u00e1vce vr\u00e1tila ke sv\u00e9mu dvorn\u00edmu kade\u0159n\u00edkovi Michalu Zapom\u011blovi. Ten jej\u00ed l\u00e9tem vy\u0161isovan\u00e9 vlny prom\u011bnil do sofistikovan\u00e9ho hladk\u00e9ho mik\u00e1da s\u00a0podmaniv\u00fdm hn\u011bdofialov\u00fdm odst\u00ednem.<\/p>\n<p class=\"b_bt\">A\u010dkoli zm\u00ednka o\u00a0fialov\u00e9 m\u016f\u017ee leckoho vyd\u011bsit, nov\u00e1 moder\u00e1tor\u010dina barva p\u016fsob\u00ed velmi p\u0159irozen\u011b a\u00a0elegantn\u011b. Jak vlasov\u00fd m\u00e1g <a data-dot=\"atm-link\" target=\"_blank\" href=\"https:\/\/www.prozeny.cz\/clanek\/krasa-a-moda-vlasy-10-tipu-pro-krasne-zdrave-vlasy-spravna-pece-neni-slozita-rika-znamy-kadernik-michal-zapomel-101505\" class=\"b_g\" rel=\"nofollow noopener\">Michal Zapom\u011bl<\/a> prozradil, ve v\u00fdsledku se toti\u017e postarala jen o\u00a0to, aby z\u00a0vlas\u016f zmizely tepl\u00e9 podt\u00f3ny.<\/p>\n<p class=\"b_bt\">\u201eJe to fresh, vl\u00e1sky kr\u00e1sn\u011b o\u017eily a\u00a0i kdy\u017e je Ester kr\u00e1sn\u011b okat\u00e1 i\u00a0ve sv\u011btl\u00fdch vlasech, za m\u011b j\u00ed hn\u011bd\u00e1 dod\u00e1v\u00e1 v\u011bt\u0161\u00ed jiskru, drive, \u0161\u0165\u00e1vu, energii, charisma, vibe, sex-appeal, gr\u00e1dy, prost\u011b wow efekt,\u201c pochvaluje si sv\u016fj v\u00fdkon kade\u0159n\u00edk.<\/p>\n<p class=\"b_bt\">A spokojen\u00fd je nejen on. Jak moder\u00e1torka na instagramov\u00e9m p\u0159\u00edsp\u011bvku p\u0159izn\u00e1v\u00e1, nad\u0161en\u00fd je z\u00a0prom\u011bny i\u00a0jej\u00ed man\u017eel. A\u00a0tak\u00e9 v\u0161echny moder\u00e1tor\u010diny fanynky, kter\u00e9 obdivuj\u00ed p\u0159edev\u0161\u00edm pr\u00e1v\u011b to, jak v\u00a0tmav\u00e9m odst\u00ednu vynikaj\u00ed moder\u00e1tor\u010diny <a data-dot=\"atm-link\" target=\"_blank\" href=\"https:\/\/www.prozeny.cz\/clanek\/co-o-vas-prozradi-barva-oci-60326\" class=\"b_g\" rel=\"nofollow noopener\">modr\u00e9 o\u010di<\/a>: \u201eKr\u00e1sn\u00fd kukadla. K\u00a0pan\u00ed Ester tmav\u00e9 vlasy pat\u0159\u00ed,\u201c \u201eAno, Ester nejv\u00edc slu\u0161\u00ed tmav\u00e1.\u201c<\/p>\n<p class=\"b_bt\">A kde moder\u00e1tor\u010diny vlasy dostaly tolik zabrat? Na mo\u0159i. Ester Jane\u010dkov\u00e1 a\u00a0jej\u00ed mu\u017e, l\u00e9ka\u0159 Zden\u011bk Jane\u010dek, jsou toti\u017e nad\u0161en\u00ed jachta\u0159i a\u00a0letos svou malou plachetnic\u00ed k\u0159i\u017eovali Baltsk\u00e9 mo\u0159e z\u00a0n\u011bmeck\u00e9 <a data-dot=\"atm-link\" target=\"_blank\" href=\"https:\/\/www.prozeny.cz\/clanek\/zdravi-a-zivotni-styl-nahaci-ostry-vitr-a-proutene-kose-jak-cechoslovaci-travili-dovolenou-na-rujane-v-80-letech-103733\" class=\"b_g\" rel=\"nofollow noopener\">Ruj\u00e1ny <\/a>a\u017e do d\u00e1nsk\u00e9 Kodan\u011b.<\/p>\n","protected":false},"excerpt":{"rendered":"A\u010dkoli v\u011bt\u0161ina \u017een se dr\u017e\u00ed pravidla, \u017ee s\u00a0p\u0159ib\u00fdvaj\u00edc\u00edm v\u011bkem se vlasy maj\u00ed zesv\u011btlovat, o\u010dividn\u011b to neplat\u00ed pro ka\u017ed\u00e9ho.&hellip;\n","protected":false},"author":2,"featured_media":201265,"comment_status":"","ping_status":"","sticky":false,"template":"","format":"standard","meta":{"footnotes":"","_share_on_mastodon":"0"},"categories":[14],"tags":[2432,79,8916,1421,34043,1417,370,9858,1420,80],"class_list":["post-201264","post","type-post","status-publish","format-standard","has-post-thumbnail","category-zabava","tag-ceske-celebrity","tag-entertainment","tag-ester-janeckova","tag-kadernici","tag-michal-zapomel","tag-promena","tag-vip","tag-vlasove-promeny-slavnych","tag-vlasy","tag-zabava"],"share_on_mastodon":{"url":"https:\/\/pubeurope.com\/@cz\/117206746720297377","error":""},"_links":{"self":[{"href":"https:\/\/www.europesays.com\/cz\/wp-json\/wp\/v2\/posts\/201264","targetHints":{"allow":["GET"]}}],"collection":[{"href":"https:\/\/www.europesays.com\/cz\/wp-json\/wp\/v2\/posts"}],"about":[{"href":"https:\/\/www.europesays.com\/cz\/wp-json\/wp\/v2\/types\/post"}],"author":[{"embeddable":true,"href":"https:\/\/www.europesays.com\/cz\/wp-json\/wp\/v2\/users\/2"}],"replies":[{"embeddable":true,"href":"https:\/\/www.europesays.com\/cz\/wp-json\/wp\/v2\/comments?post=201264"}],"version-history":[{"count":0,"href":"https:\/\/www.europesays.com\/cz\/wp-json\/wp\/v2\/posts\/201264\/revisions"}],"wp:featuredmedia":[{"embeddable":true,"href":"https:\/\/www.europesays.com\/cz\/wp-json\/wp\/v2\/media\/201265"}],"wp:attachment":[{"href":"https:\/\/www.europesays.com\/cz\/wp-json\/wp\/v2\/media?parent=201264"}],"wp:term":[{"taxonomy":"category","embeddable":true,"href":"https:\/\/www.europesays.com\/cz\/wp-json\/wp\/v2\/categories?post=201264"},{"taxonomy":"post_tag","embeddable":true,"href":"https:\/\/www.europesays.com\/cz\/wp-json\/wp\/v2\/tags?post=201264"}],"curies":[{"name":"wp","href":"https:\/\/api.w.org\/{rel}","templated":true}]}}