{"id":201268,"date":"2026-09-03T10:57:14","date_gmt":"2026-09-03T10:57:14","guid":{"rendered":"https:\/\/www.europesays.com\/cz\/201268\/"},"modified":"2026-09-03T10:57:14","modified_gmt":"2026-09-03T10:57:14","slug":"vlajkova-skodovka-ujede-pres-900-km-na-jedno-nabiti-z-mlade-boleslavi-k-mori-dojela-s-rekordni-spotrebou","status":"publish","type":"post","link":"https:\/\/www.europesays.com\/cz\/201268\/","title":{"rendered":"Vlajkov\u00e1 \u0160kodovka ujede p\u0159es 900\u00a0km na jedno nabit\u00ed! Z\u00a0Mlad\u00e9 Boleslavi k\u00a0mo\u0159i dojela s\u00a0rekordn\u00ed spot\u0159ebou"},"content":{"rendered":"<p class=\"b_bs\">Jak daleko a\u00a0s jakou spot\u0159ebou m\u016f\u017ee dojet <a data-dot=\"atm-tag-link\" href=\"https:\/\/www.garaz.cz\/tag\/skoda-peaq-127465\" class=\"b_X atm-tag-link\" rel=\"nofollow noopener\" target=\"_blank\">\u0160koda Peaq<\/a> s\u00a0nejv\u011bt\u0161\u00ed 91kWh bateri\u00ed ve zcela s\u00e9riov\u00e9m stavu? Tuto ot\u00e1zku si polo\u017eili dva \u201e\u0161kodov\u00e1ci\u201c Marek Je\u017e a\u00a0Jakub Krs, sbalili si bat\u016f\u017eky a\u00a0vyrazili z\u00a0Mlad\u00e9 Boleslavi sm\u011br Nizozemsko.<\/p>\n<p><a data-dot=\"atm-link\" aria-hidden=\"true\" tabindex=\"-1\" href=\"https:\/\/www.garaz.cz\/clanek\/auta-historie-zlom-pro-automobilku-skoda-nastal-pred-30-lety-predstavil-se-model-ktery-zmenil-vsechno-21017703\" class=\"b_X o_g7\" rel=\"nofollow noopener\" target=\"_blank\"><img fetchpriority=\"high\" height=\"801\"   width=\"1424\" src=\"https:\/\/www.europesays.com\/cz\/wp-content\/uploads\/2026\/09\/skoda-octavia-prvni-generace.jpeg\" loading=\"eager\" decoding=\"sync\" class=\"b_D b_B\"\/><\/a><\/p>\n<p class=\"b_bs\">Tabulky v\u00a0p\u0159\u00edpad\u011b Peaqu 90 (v\u00fdkon 210\u00a0kW, pohon zadn\u00edch kol, 19&#8243; kola) avizuj\u00ed dojezd a\u017e 647\u00a0kilometr\u016f na jedno nabit\u00ed. Pos\u00e1dka v\u011bd\u011bla, \u017ee p\u0159i vhodn\u011b zvolen\u00e9 trase, defenzivn\u00edm stylu j\u00edzdy a\u00a0\u0161t\u011bst\u00ed na po\u010das\u00ed m\u016f\u017ee zvl\u00e1dnout podstatn\u011b v\u00edc.<\/p>\n<p class=\"b_bs\">Rekordn\u00ed j\u00edzda \u0160kody Peaq.Video: \u0160koda Auto<\/p>\n<p>Rekordn\u00ed spot\u0159eba<\/p>\n<p class=\"b_bs\">Nakonec zam\u011bstnanci \u0160kodovky urazili na jedin\u00e9 nabit\u00ed Peaqu 936\u00a0kilometr\u016f! Z\u00a0Mlad\u00e9 Boleslavi dojeli p\u0159es N\u011bmecko a\u017e k\u00a0p\u0159\u00edmo\u0159sk\u00e9mu letovisku Zandvoort. Sedmim\u00edstn\u00e9 SUV zvl\u00e1dlo trasu pod dohledem certifika\u010dn\u00ed autority T\u00dcV se spot\u0159ebou 9,2\u00a0kWh\/100\u00a0km, co\u017e znamen\u00e1 rekordn\u00ed po\u010din mezi sedmim\u00edstn\u00fdmi elektrick\u00fdmi SUV, ale tak\u00e9 ofici\u00e1ln\u011b uznan\u00fd \u010desk\u00fd rekord v\u00a0kategorii nejdel\u0161\u00ed j\u00edzda elektromobilem na jedno nabit\u00ed.<\/p>\n<p><a data-dot=\"atm-link\" aria-hidden=\"true\" tabindex=\"-1\" href=\"https:\/\/www.novinky.cz\/clanek\/auto-nahlednete-do-vyroby-v-mlade-boleslavi-uz-z-pasu-sjizdi-velke-suv-skoda-peaq-40591520\" class=\"b_X o_g7\" rel=\"nofollow noopener\" target=\"_blank\"><img height=\"1080\"   width=\"1920\" src=\"https:\/\/www.europesays.com\/cz\/wp-content\/uploads\/2026\/09\/1788433031_396_skoda-peaq.jpeg\" loading=\"eager\" decoding=\"sync\" class=\"b_D b_B\"\/><\/a>Trasu si prodlou\u017eili<\/p>\n<p class=\"b_bs\">\u201eC\u00edlem bylo uk\u00e1zat mo\u017enosti techniky na sam\u00e9 hran\u011b jej\u00edch mo\u017enost\u00ed, a\u00a0to v\u00a0b\u011b\u017en\u00e9m provozu. Pro dosa\u017een\u00ed maxim\u00e1ln\u00edho dojezdu jsme samoz\u0159ejm\u011b zvolili nejvhodn\u011bj\u0161\u00ed trasu i\u00a0odpov\u00eddaj\u00edc\u00ed defenzivn\u00ed styl j\u00edzdy,\u201c vysv\u011btluj\u00ed auto\u0159i rekordu s\u00a0t\u00edm, \u017ee \u0161lo hlavn\u011b o\u00a0pokus &#8211; re\u00e1ln\u011b takto Peaqa nejsp\u00ed\u0161 nikdo pou\u017e\u00edvat nebude.<\/p>\n<p><img height=\"1250\"   width=\"1667\" src=\"https:\/\/www.europesays.com\/cz\/wp-content\/uploads\/2026\/09\/1788433032_794_skoda-peaq.jpeg\" loading=\"eager\" decoding=\"sync\" class=\"b_D b_B\"\/>Foto: \u0160koda<\/p>\n<p class=\"b_bs\">Trasa vedla z\u00a0Mlad\u00e9 Boleslavi p\u0159es cel\u00e9 N\u011bmecko a\u017e do Zandvoortu. Je\u017e a\u00a0Krs se za volantem st\u0159\u00eddali po zhruba dvou hodin\u00e1ch, v\u00a0noci pak i\u00a0\u010dast\u011bji.<\/p>\n<p class=\"b_bs\">P\u0159iznali tak\u00e9, \u017ee v\u00fdhodn\u011bj\u0161\u00ed \u010dasto m\u016f\u017ee b\u00fdt placht\u011bn\u00ed sp\u00ed\u0161e ne\u017e intenzivn\u00ed rekuperace. D\u00e1le prozradili, \u017ee kritick\u00fd byl p\u0159edev\u0161\u00edm hust\u00fd provoz ve velk\u00fdch nizozemsk\u00fdch m\u011bstech. P\u0159i j\u00edzd\u011b ucpan\u00fdm centrem s\u00a0k\u0159i\u017eovatkami a\u00a0semafory toti\u017e energie z\u00a0baterky mizela opravdu rychle.<\/p>\n<p class=\"b_bs\">Na del\u0161\u00edch rovinat\u00fdch \u00fasec\u00edch se ale apetit povedlo zase sn\u00ed\u017eit. A\u00a0to i\u00a0k p\u0159ekvapen\u00ed pos\u00e1dky, kter\u00e1 si p\u016fvodn\u00ed trasu do Amsterdamu nakonec prot\u00e1hla a\u017e k\u00a0mo\u0159i\u00a0\u2013 do Zandvoortu\u00a0\u2013 kde akor\u00e1t rozeb\u00edrali tribuny z\u00a0uplynul\u00e9ho z\u00e1vodn\u00edho v\u00edkendu formule 1.<\/p>\n<p><img height=\"1281\"   width=\"1920\" src=\"https:\/\/www.europesays.com\/cz\/wp-content\/uploads\/2026\/09\/1788433033_12_skoda-peaq.jpeg\" loading=\"eager\" decoding=\"sync\" class=\"b_D b_B\"\/>Foto: \u0160koda<\/p>\n<p class=\"b_bs\">Chcete se sv\u00fdm elektromobilem n\u011bco podobn\u00e9ho vyzkou\u0161et i\u00a0vy? \u0160kodov\u00e1ci maj\u00ed na z\u00e1v\u011br je\u0161t\u011b jednu d\u016fle\u017eitou radu: \u201eJ\u00e1 bych poradil n\u011bjakou z\u00e1bavu do auta,\u201c p\u0159ipom\u00edn\u00e1 Jakub Krs s\u00a0t\u00edm, \u017ee \u010dasu na palub\u011b str\u00e1v\u00edte p\u0159i takov\u00e9 j\u00edzd\u011b opravdu hodn\u011b.<\/p>\n<p><a data-dot=\"atm-link\" aria-hidden=\"true\" tabindex=\"-1\" href=\"https:\/\/www.garaz.cz\/clanek\/novinky-skodovka-zahajila-vyrobu-sveho-nejnovejsiho-modelu-tentokrat-doma-21017557\" class=\"b_X o_g7\" rel=\"nofollow noopener\" target=\"_blank\"><img height=\"2304\"   width=\"4096\" src=\"https:\/\/www.europesays.com\/cz\/wp-content\/uploads\/2026\/09\/skoda-peaq-vyroba.jpeg\" loading=\"eager\" decoding=\"sync\" class=\"b_D b_B\"\/><\/a><\/p>\n","protected":false},"excerpt":{"rendered":"Jak daleko a\u00a0s jakou spot\u0159ebou m\u016f\u017ee dojet \u0160koda Peaq s\u00a0nejv\u011bt\u0161\u00ed 91kWh bateri\u00ed ve zcela s\u00e9riov\u00e9m stavu? Tuto ot\u00e1zku&hellip;\n","protected":false},"author":2,"featured_media":201269,"comment_status":"","ping_status":"","sticky":false,"template":"","format":"standard","meta":{"footnotes":"","_share_on_mastodon":"0"},"categories":[12],"tags":[67,68,7213,133,1561,317,14712,293],"class_list":["post-201268","post","type-post","status-publish","format-standard","has-post-thumbnail","category-byznys","tag-business","tag-byznys","tag-dojezd","tag-elektromobily-ev","tag-rekord","tag-skoda-auto","tag-skoda-peaq","tag-suv-auta"],"share_on_mastodon":{"url":"https:\/\/pubeurope.com\/@cz\/117206754896789979","error":""},"_links":{"self":[{"href":"https:\/\/www.europesays.com\/cz\/wp-json\/wp\/v2\/posts\/201268","targetHints":{"allow":["GET"]}}],"collection":[{"href":"https:\/\/www.europesays.com\/cz\/wp-json\/wp\/v2\/posts"}],"about":[{"href":"https:\/\/www.europesays.com\/cz\/wp-json\/wp\/v2\/types\/post"}],"author":[{"embeddable":true,"href":"https:\/\/www.europesays.com\/cz\/wp-json\/wp\/v2\/users\/2"}],"replies":[{"embeddable":true,"href":"https:\/\/www.europesays.com\/cz\/wp-json\/wp\/v2\/comments?post=201268"}],"version-history":[{"count":0,"href":"https:\/\/www.europesays.com\/cz\/wp-json\/wp\/v2\/posts\/201268\/revisions"}],"wp:featuredmedia":[{"embeddable":true,"href":"https:\/\/www.europesays.com\/cz\/wp-json\/wp\/v2\/media\/201269"}],"wp:attachment":[{"href":"https:\/\/www.europesays.com\/cz\/wp-json\/wp\/v2\/media?parent=201268"}],"wp:term":[{"taxonomy":"category","embeddable":true,"href":"https:\/\/www.europesays.com\/cz\/wp-json\/wp\/v2\/categories?post=201268"},{"taxonomy":"post_tag","embeddable":true,"href":"https:\/\/www.europesays.com\/cz\/wp-json\/wp\/v2\/tags?post=201268"}],"curies":[{"name":"wp","href":"https:\/\/api.w.org\/{rel}","templated":true}]}}