{"id":201300,"date":"2026-09-03T11:16:16","date_gmt":"2026-09-03T11:16:16","guid":{"rendered":"https:\/\/www.europesays.com\/cz\/201300\/"},"modified":"2026-09-03T11:16:16","modified_gmt":"2026-09-03T11:16:16","slug":"tanker-za-tanker-usa-v-ramci-nove-taktiky-utoci-na-iranska-plavidla","status":"publish","type":"post","link":"https:\/\/www.europesays.com\/cz\/201300\/","title":{"rendered":"Tanker za tanker. USA v\u00a0r\u00e1mci nov\u00e9 taktiky \u00fato\u010d\u00ed na \u00edr\u00e1nsk\u00e1 plavidla"},"content":{"rendered":"<p class=\"c_bB\">\u201eJe to poprv\u00e9, co americk\u00e1 arm\u00e1da v\u00a0odvet\u011b za \u00edr\u00e1nsk\u00e9 \u00fadery na lod\u011b v\u00a0Hormuzsk\u00e9m pr\u016flivu zni\u010dila tankery isl\u00e1msk\u00e9 republiky m\u00edsto toho, aby jim zabr\u00e1nila v\u00a0poru\u0161en\u00ed n\u00e1mo\u0159n\u00ed blok\u00e1dy,\u201c uvedl <a data-dot=\"atm-link\" target=\"_blank\" rel=\"noopener nofollow\" href=\"https:\/\/www.axios.com\/2026\/09\/02\/iran-tankers-hormuz-attacks-oil\" class=\"c_I\">Axios<\/a>. Zdroj serveru uvedl, \u017ee taktiku \u201etanker za tanker\u201c schv\u00e1lil prezident Trump.<\/p>\n<p class=\"c_bB\">\u00cdr\u00e1nsk\u00e9 tankery kotvily u\u00a0\u00edr\u00e1nsk\u00e9ho pob\u0159e\u017e\u00ed severn\u011b od linie americk\u00e9 n\u00e1mo\u0159n\u00ed blok\u00e1dy v\u00a0Hormuzu. Americk\u00e9 drony odp\u00e1lily rakety, kter\u00e9 zas\u00e1hly jejich strojovny. Na obou plavidlech se pak roz\u0161\u00ed\u0159il po\u017e\u00e1r.<\/p>\n<p class=\"c_bB\">Podle serveru Axios americk\u00e1 arm\u00e1da b\u011bhem \u00fatern\u00edch \u00fader\u016f ude\u0159ila na zhruba stovku \u00edr\u00e1nsk\u00fdch c\u00edl\u016f. Byla mezi nimi stanovi\u0161t\u011b protivzdu\u0161n\u00e9 obrany \u00edr\u00e1nsk\u00fdch revolu\u010dn\u00edch gard, radarov\u00e9 syst\u00e9my, za\u0159\u00edzen\u00ed pro kladen\u00ed min, komunika\u010dn\u00ed stanovi\u0161t\u011b, odpalovac\u00ed za\u0159\u00edzen\u00ed protilodn\u00edch st\u0159el s\u00a0plochou dr\u00e1hou letu a\u00a0\u00fato\u010dn\u00fdch dron\u016f.<\/p>\n<p><a data-dot=\"atm-link\" target=\"_self\" href=\"https:\/\/www.novinky.cz\/clanek\/valka-na-ukrajine-rusko-pomaha-vyvijet-iranu-nadzvukove-strely-proti-americkym-lodim-40595582\" class=\"c_I\" rel=\"nofollow noopener\"><img fetchpriority=\"high\" height=\"1012\" width=\"1800\" src=\"https:\/\/www.europesays.com\/cz\/wp-content\/uploads\/2026\/09\/1788434174_168_ghader-iran.jpeg\" loading=\"eager\" decoding=\"sync\" class=\"c_t c_r\"\/><\/a>\u201ePosekat tr\u00e1vn\u00edk\u201c<\/p>\n<p class=\"c_bB\">\u00datoky byly sou\u010d\u00e1st\u00ed pl\u00e1nu, kter\u00fd Trump a\u00a0jeho poradci v\u00a0posledn\u00edch dnech zva\u017eovali, aby \u00cdr\u00e1nu zabr\u00e1nili v\u00a0obnov\u011b radarov\u00fdch a\u00a0raketov\u00fdch kapacit. C\u00edlem pl\u00e1nu je sn\u00ed\u017eit riziko \u00edr\u00e1nsk\u00fdch \u00fatok\u016f nejen na ropn\u00e9 tankery, ale tak\u00e9 na americk\u00e9 n\u00e1mo\u0159nictvo a\u00a0letectvo.<\/p>\n<p class=\"c_bB\"> \u201eProst\u011b posekat tr\u00e1vn\u00edk,\u201c poznamenal zdroj serveru. Nov\u00e9 \u00fadery zhor\u0161ily \u00fato\u010dn\u00e9 schopnosti \u00cdr\u00e1nu v\u00a0Hormuzsk\u00e9m pr\u016flivu a \u201ekoupily nejm\u00e9n\u011b m\u011bs\u00edc\u201c sn\u00ed\u017een\u00e9 \u00farovn\u011b ohro\u017een\u00ed pro obchodn\u00ed lod\u011b, doplnil.<\/p>\n<p class=\"c_bB\">Isl\u00e1msk\u00e1 republika v\u00a0odvet\u011b za nejnov\u011bj\u0161\u00ed americk\u00fd \u00fatok odp\u00e1lila zhruba 25\u00a0balistick\u00fdch raket, ale pouze polovina z\u00a0nich dos\u00e1hla jord\u00e1nsk\u00e9ho vzdu\u0161n\u00e9ho prostoru, kam sm\u011b\u0159ovaly. Deset z\u00a0nich podle serveru zachytila protidronov\u00e1 obrana a\u00a0t\u0159i dopadly do neobydlen\u00fdch m\u00edst.<\/p>\n<p class=\"c_bB\">Podobn\u011b skon\u010dila dvac\u00edtka \u00edr\u00e1nsk\u00fdch dron\u016f, kter\u00e1 m\u011bla zas\u00e1hnout americk\u00e9 z\u00e1kladny v\u00a0Bahrajnu\u00a0\u2013 v\u011bt\u0161inu z\u00a0nich zachytila protivzdu\u0161n\u00e1 obrana, stejn\u011b jako balistick\u00e9 rakety a\u00a0bezpilotn\u00ed letouny sm\u011b\u0159uj\u00edc\u00ed na americk\u00e9 z\u00e1kladny v\u00a0Kuvajtu.<\/p>\n<p class=\"c_bB\">\u201e\u00cdr\u00e1nci nejen ztratili kontrolu nad Hormuzsk\u00fdm pr\u016flivem, ale tak\u00e9 ztratili kontrolu nad konfliktem. Dnes nic nez\u00edskali,\u201c konstatoval jeden ze zdroj\u016f serveru Axios.<\/p>\n<p><a data-dot=\"atm-link\" target=\"_self\" href=\"https:\/\/www.novinky.cz\/clanek\/ekonomika-obnoveni-boju-mezi-usa-a-iranem-zdrazilo-plyn-na-trilete-maximum-40595567\" class=\"c_I\" rel=\"nofollow noopener\"><img height=\"1125\" width=\"2000\" src=\"https:\/\/www.europesays.com\/cz\/wp-content\/uploads\/2026\/09\/1788434175_739_plynovod.jpeg\" loading=\"eager\" decoding=\"sync\" class=\"c_t c_r\"\/><\/a><img height=\"450\"   width=\"800\" src=\"https:\/\/www.europesays.com\/cz\/wp-content\/uploads\/2026\/09\/Mgoe1O.jpeg\" loading=\"eager\" decoding=\"sync\" class=\"c_t c_r\"\/>Foto: David Ryne\u0161, Mapy.com<\/p>\n<p class=\"c_bB\">Hormuzsk\u00fd pr\u016fliv<\/p>\n","protected":false},"excerpt":{"rendered":"\u201eJe to poprv\u00e9, co americk\u00e1 arm\u00e1da v\u00a0odvet\u011b za \u00edr\u00e1nsk\u00e9 \u00fadery na lod\u011b v\u00a0Hormuzsk\u00e9m pr\u016flivu zni\u010dila tankery isl\u00e1msk\u00e9 republiky&hellip;\n","protected":false},"author":2,"featured_media":201301,"comment_status":"","ping_status":"","sticky":false,"template":"","format":"standard","meta":{"footnotes":"","_share_on_mastodon":"0"},"categories":[11],"tags":[353,6387,7825,4554,54,1908,5524,53,52],"class_list":["post-201300","post","type-post","status-publish","format-standard","has-post-thumbnail","category-svet","tag-dronovy-utok","tag-hormuzsky-pruliv","tag-konflikt-usa-izrael-iran","tag-rakety","tag-svet","tag-tanker","tag-uder","tag-world","tag-world-news"],"share_on_mastodon":{"url":"https:\/\/pubeurope.com\/@cz\/117206829403139560","error":""},"_links":{"self":[{"href":"https:\/\/www.europesays.com\/cz\/wp-json\/wp\/v2\/posts\/201300","targetHints":{"allow":["GET"]}}],"collection":[{"href":"https:\/\/www.europesays.com\/cz\/wp-json\/wp\/v2\/posts"}],"about":[{"href":"https:\/\/www.europesays.com\/cz\/wp-json\/wp\/v2\/types\/post"}],"author":[{"embeddable":true,"href":"https:\/\/www.europesays.com\/cz\/wp-json\/wp\/v2\/users\/2"}],"replies":[{"embeddable":true,"href":"https:\/\/www.europesays.com\/cz\/wp-json\/wp\/v2\/comments?post=201300"}],"version-history":[{"count":0,"href":"https:\/\/www.europesays.com\/cz\/wp-json\/wp\/v2\/posts\/201300\/revisions"}],"wp:featuredmedia":[{"embeddable":true,"href":"https:\/\/www.europesays.com\/cz\/wp-json\/wp\/v2\/media\/201301"}],"wp:attachment":[{"href":"https:\/\/www.europesays.com\/cz\/wp-json\/wp\/v2\/media?parent=201300"}],"wp:term":[{"taxonomy":"category","embeddable":true,"href":"https:\/\/www.europesays.com\/cz\/wp-json\/wp\/v2\/categories?post=201300"},{"taxonomy":"post_tag","embeddable":true,"href":"https:\/\/www.europesays.com\/cz\/wp-json\/wp\/v2\/tags?post=201300"}],"curies":[{"name":"wp","href":"https:\/\/api.w.org\/{rel}","templated":true}]}}