{"id":201302,"date":"2026-09-03T11:17:12","date_gmt":"2026-09-03T11:17:12","guid":{"rendered":"https:\/\/www.europesays.com\/cz\/201302\/"},"modified":"2026-09-03T11:17:12","modified_gmt":"2026-09-03T11:17:12","slug":"z-hypermarketu-v-olomouci-ukradli-prepravky-s-temer-tisicovkou-lahvi-pak-se-je-snazili-vratit-jinde","status":"publish","type":"post","link":"https:\/\/www.europesays.com\/cz\/201302\/","title":{"rendered":"Z\u00a0hypermarketu v\u00a0Olomouci ukradli p\u0159epravky s\u00a0t\u00e9m\u011b\u0159 tis\u00edcovkou lahv\u00ed, pak se je sna\u017eili vr\u00e1tit jinde"},"content":{"rendered":"<p class=\"c_bB\">\u201eZam\u011bstnanec jednoho z\u00a0olomouck\u00fdch hypermarket\u016f v\u00a0\u00fater\u00fd r\u00e1no policii sd\u011blil, \u017ee v\u00a0noci se nezn\u00e1m\u00ed pachatel\u00e9 vloupali do skladu. Odtud odcizili \u010dty\u0159i n\u00e1kupn\u00ed voz\u00edky a\u00a0celkem 46\u00a0p\u0159epravek pln\u00fdch pivn\u00edch lahv\u00ed, kter\u00fdch bylo celkem 920,\u201c informoval ve \u010dtvrtek policejn\u00ed mluv\u010d\u00ed Jaroslav Herz\u00e1n.<\/p>\n<p class=\"c_bB\">V jednom z\u00a0nedalek\u00fdch supermarket\u016f policist\u00e9 n\u00e1sledn\u011b zjistili, \u017ee se tam objevily dv\u011b osoby, kter\u00e9 vracely velk\u00e9 mno\u017estv\u00ed plastov\u00fdch p\u0159epravek, ov\u0161em bez lahv\u00ed.<\/p>\n<p class=\"c_bB\">\u201ePorovn\u00e1n\u00edm kamerov\u00fdch z\u00e1znam\u016f ze skladu hypermarketu a\u00a0t\u00e9to prodejny bylo zji\u0161t\u011bno, \u017ee by se mohlo jednat o\u00a0stejn\u00e9 osoby, kter\u00e9 se dopustily kr\u00e1de\u017ee. N\u00e1sledn\u011b se poda\u0159ilo velmi rychle zjistit toto\u017enost podez\u0159el\u00fdch,\u201c uvedl mluv\u010d\u00ed.<\/p>\n<p><a data-dot=\"atm-link\" target=\"_self\" href=\"https:\/\/www.novinky.cz\/clanek\/krimi-z-bagru-na-rozestavene-d35-zmizelo-500-litru-nafty-40594629\" class=\"c_I\" rel=\"nofollow noopener\"><img fetchpriority=\"high\" height=\"515\" width=\"917\" src=\"https:\/\/www.europesays.com\/cz\/wp-content\/uploads\/2026\/09\/kradez-d35.webp\" loading=\"eager\" decoding=\"sync\" class=\"c_t c_r\"\/><\/a><\/p>\n<p class=\"c_bB\">Oba podez\u0159el\u00e9 se poda\u0159ilo v\u00a0relativn\u011b brzy vyp\u00e1trat a\u00a0zadr\u017eet. Jednat\u0159icetilet\u00fd mu\u017e a\u00a0dvaat\u0159icetilet\u00e1 \u017eena se policist\u016fm ke kr\u00e1de\u017ei p\u0159iznali. Uvedli, \u017ee v\u0161ech 46\u00a0p\u0159epravek postupn\u011b spole\u010dn\u00fdmi silami odvezli ze skladu na nedalekou louku, pobl\u00ed\u017e v\u00fdpadovky na Mohelnici, kde p\u0159edt\u00edm odpo\u010d\u00edvali.<\/p>\n<p class=\"c_bB\">\u201eTam lahve z\u00a0p\u0159epravek vysypali do tr\u00e1vy, aby mohli vracet p\u0159epravky a\u00a0lahve zvl\u00e1\u0161\u0165. K\u00a0vr\u00e1cen\u00ed \u010d\u00e1sti lahv\u00ed vyu\u017eili jednoho z\u00a0m\u00edstn\u00edch bezdomovc\u016f, kter\u00fd ale s\u00a0kr\u00e1de\u017e\u00ed nem\u011bl nic spole\u010dn\u00e9ho,\u201c konstatoval Herz\u00e1n.<\/p>\n<p class=\"c_bB\">V\u011bt\u0161inu odcizen\u00fdch v\u011bc\u00ed se policist\u016fm poda\u0159ilo zajistit a\u00a0vr\u00e1tit zp\u011bt majiteli. Zadr\u017een\u00fdm bylo sd\u011bleno podez\u0159en\u00ed ze sp\u00e1ch\u00e1n\u00ed p\u0159e\u010dinu kr\u00e1de\u017ee, a\u00a0to formou spolupachatelstv\u00ed. \u201eHroz\u00ed jim v\u00a0krajn\u00edm p\u0159\u00edpad\u011b a\u017e dvoulet\u00fd trest odn\u011bt\u00ed svobody,\u201c doplnil policejn\u00ed mluv\u010d\u00ed.<\/p>\n<p><a data-dot=\"atm-link\" target=\"_self\" href=\"https:\/\/www.novinky.cz\/clanek\/krimi-z-prodejny-v-prerove-zmizely-losy-za-temer-300-tisic-podezrela-je-zamestnankyne-40590264\" class=\"c_I\" rel=\"nofollow noopener\"><img height=\"2304\" width=\"4096\" src=\"https:\/\/www.europesays.com\/cz\/wp-content\/uploads\/2026\/09\/1788434232_18_xpolicie-xzachranka-zachranka-policie.mpo.jpeg\" loading=\"eager\" decoding=\"sync\" class=\"c_t c_r\"\/><\/a><\/p>\n","protected":false},"excerpt":{"rendered":"\u201eZam\u011bstnanec jednoho z\u00a0olomouck\u00fdch hypermarket\u016f v\u00a0\u00fater\u00fd r\u00e1no policii sd\u011blil, \u017ee v\u00a0noci se nezn\u00e1m\u00ed pachatel\u00e9 vloupali do skladu. Odtud odcizili&hellip;\n","protected":false},"author":2,"featured_media":201303,"comment_status":"","ping_status":"","sticky":false,"template":"","format":"standard","meta":{"footnotes":"","_share_on_mastodon":"0"},"categories":[7],"tags":[43,42,41,40,4830,396,325,15710],"class_list":["post-201302","post","type-post","status-publish","format-standard","has-post-thumbnail","category-cesko","tag-ceska-republika","tag-cesko","tag-czech-republic","tag-czechia","tag-kradez","tag-olomouc","tag-policie","tag-vratne-lahve"],"share_on_mastodon":{"url":"https:\/\/pubeurope.com\/@cz\/117206833642485182","error":""},"_links":{"self":[{"href":"https:\/\/www.europesays.com\/cz\/wp-json\/wp\/v2\/posts\/201302","targetHints":{"allow":["GET"]}}],"collection":[{"href":"https:\/\/www.europesays.com\/cz\/wp-json\/wp\/v2\/posts"}],"about":[{"href":"https:\/\/www.europesays.com\/cz\/wp-json\/wp\/v2\/types\/post"}],"author":[{"embeddable":true,"href":"https:\/\/www.europesays.com\/cz\/wp-json\/wp\/v2\/users\/2"}],"replies":[{"embeddable":true,"href":"https:\/\/www.europesays.com\/cz\/wp-json\/wp\/v2\/comments?post=201302"}],"version-history":[{"count":0,"href":"https:\/\/www.europesays.com\/cz\/wp-json\/wp\/v2\/posts\/201302\/revisions"}],"wp:featuredmedia":[{"embeddable":true,"href":"https:\/\/www.europesays.com\/cz\/wp-json\/wp\/v2\/media\/201303"}],"wp:attachment":[{"href":"https:\/\/www.europesays.com\/cz\/wp-json\/wp\/v2\/media?parent=201302"}],"wp:term":[{"taxonomy":"category","embeddable":true,"href":"https:\/\/www.europesays.com\/cz\/wp-json\/wp\/v2\/categories?post=201302"},{"taxonomy":"post_tag","embeddable":true,"href":"https:\/\/www.europesays.com\/cz\/wp-json\/wp\/v2\/tags?post=201302"}],"curies":[{"name":"wp","href":"https:\/\/api.w.org\/{rel}","templated":true}]}}