{"id":201314,"date":"2026-09-03T11:23:11","date_gmt":"2026-09-03T11:23:11","guid":{"rendered":"https:\/\/www.europesays.com\/cz\/201314\/"},"modified":"2026-09-03T11:23:11","modified_gmt":"2026-09-03T11:23:11","slug":"zacaly-filmove-benatky-festival-otevrelo-drama-o-murdochovi-cenu-prevzal-george-clooney","status":"publish","type":"post","link":"https:\/\/www.europesays.com\/cz\/201314\/","title":{"rendered":"Za\u010daly filmov\u00e9 Ben\u00e1tky. Festival otev\u0159elo drama o\u00a0Murdochovi, cenu p\u0159evzal George Clooney"},"content":{"rendered":"<p class=\"c_bB\">V hlavn\u00ed festivalov\u00e9 sout\u011b\u017ei se utk\u00e1 jedenadvacet sn\u00edmk\u016f. Mezi nejo\u010dek\u00e1van\u011bj\u0161\u00ed tituly pat\u0159\u00ed mimo jin\u00e9 komedi\u00e1ln\u00ed drama <a data-dot=\"atm-link\" target=\"_blank\" href=\"https:\/\/www.novinky.cz\/clanek\/kultura-filmy-serialy-ani-neumis-napsat-ceskoslovensko-malkovich-a-rockwell-se-spickuji-jako-agenti-cia-40569304\" class=\"c_I\" rel=\"nofollow noopener\">Divok\u00fd k\u016f\u0148 Dev\u00edtka<\/a> re\u017eis\u00e9ra Martina McDonagha nebo thriller o\u00a0vzniku reality show odhaluj\u00edc\u00ed sexu\u00e1ln\u00ed pred\u00e1tory Primetime v\u00a0re\u017eii Lance Oppenheima. Oba filmy nab\u00eddnou do konce leto\u0161ka \u010desk\u00e1 kina.  <\/p>\n<p class=\"c_bB\">Mimo sout\u011b\u017e poutaj\u00ed pozornost p\u0159edev\u0161\u00edm dokumenty. Festival uvede t\u0159eba sn\u00edmek Musk, \u010dty\u0159hodinov\u00e9 investigativn\u00ed d\u00edlo o\u00a0nejbohat\u0161\u00edm mu\u017ei sv\u011bta Elonu Muskovi, \u010di p\u0159\u00edb\u011bh lo\u0148sk\u00e9ho comebacku proslul\u00e9 britpopov\u00e9 kapely v\u00a0\u010dele s\u00a0bratry Gallagherov\u00fdmi Oasis: Don&#8217;t Look Back in Anger.<\/p>\n<p class=\"c_bB\">Trailer filmu Divok\u00fd k\u016f\u0148 Dev\u00edtkaVideo: Falcon<\/p>\n<p class=\"c_bB\">\u010ceskou stopou na festivalu je tentokr\u00e1t restaurovan\u00fd sn\u00edmek <a data-dot=\"atm-link\" target=\"_blank\" href=\"https:\/\/www.novinky.cz\/clanek\/kultura-filmy-serialy-jiresova-valerie-a-tyden-divu-bude-soutezit-v-benatkach-40589475\" class=\"c_I\" rel=\"nofollow noopener\">Valerie a\u00a0t\u00fdden div\u016f<\/a> (1970) re\u017eis\u00e9ra Jaromila Jire\u0161e, kter\u00fd sout\u011b\u017e\u00ed v\u00a0sekci Venice Classics. Prom\u00edtat se bude v\u00a0pond\u011bl\u00ed 7.\u00a0z\u00e1\u0159\u00ed. <\/p>\n<p class=\"c_bB\">Zlat\u00e9ho lva krom\u011b Clooneyho b\u011bhem p\u0159ehl\u00eddky p\u0159evezme tak\u00e9 here\u010dka Ellen Burstynov\u00e1. P\u0159ehl\u00eddku uzav\u0159e prom\u00edt\u00e1n\u00ed komedie Dio ride (B\u016fh se sm\u011bje) v\u00a0re\u017eii Giovanniho Veronesiho. <\/p>\n<p class=\"c_bB\">Leto\u0161n\u00ed ro\u010dn\u00edk prov\u00e1zej\u00ed kontroverze. Rozruch vzbuzuje zejm\u00e9na za\u0159azen\u00ed historick\u00e9ho sn\u00edmku Dau o\u00a0v\u00fdvoji sov\u011btsk\u00e9 atomov\u00e9 bomby, jeho\u017e tv\u016frci jsou podle rozho\u0159\u010den\u00fdch ukrajinsk\u00fdch \u00fa\u0159ad\u016f napojeni na Rusko. <\/p>\n<p><a data-dot=\"atm-link\" target=\"_self\" href=\"https:\/\/www.novinky.cz\/clanek\/kultura-filmy-serialy-foto-85-let-oscara-pod-ochranou-pripomente-si-nejslavnejsi-viteze-filmove-historie-40595572\" class=\"c_I\" rel=\"nofollow noopener\"><img fetchpriority=\"high\" height=\"2304\" width=\"4096\" src=\"https:\/\/www.europesays.com\/cz\/wp-content\/uploads\/2026\/09\/oskar.jpeg\" loading=\"eager\" decoding=\"sync\" class=\"c_t c_r\"\/><\/a><\/p>\n","protected":false},"excerpt":{"rendered":"V hlavn\u00ed festivalov\u00e9 sout\u011b\u017ei se utk\u00e1 jedenadvacet sn\u00edmk\u016f. Mezi nejo\u010dek\u00e1van\u011bj\u0161\u00ed tituly pat\u0159\u00ed mimo jin\u00e9 komedi\u00e1ln\u00ed drama Divok\u00fd k\u016f\u0148&hellip;\n","protected":false},"author":2,"featured_media":201315,"comment_status":"","ping_status":"","sticky":false,"template":"","format":"standard","meta":{"footnotes":"","_share_on_mastodon":"0"},"categories":[14],"tags":[12570,14113,43,3117,461,79,9838,18607,441,607,1943,46056,46055,61,1586,110,80],"class_list":["post-201314","post","type-post","status-publish","format-standard","has-post-thumbnail","category-zabava","tag-atomova-bomba","tag-benatky","tag-ceska-republika","tag-dokumenty","tag-elon-musk","tag-entertainment","tag-festivaly","tag-george-clooney","tag-historie","tag-italie","tag-kontroverze","tag-oasis","tag-rupert-murdoch","tag-rusko","tag-sexualni-predatori","tag-ukrajina","tag-zabava"],"share_on_mastodon":{"url":"https:\/\/pubeurope.com\/@cz\/117206856723648857","error":""},"_links":{"self":[{"href":"https:\/\/www.europesays.com\/cz\/wp-json\/wp\/v2\/posts\/201314","targetHints":{"allow":["GET"]}}],"collection":[{"href":"https:\/\/www.europesays.com\/cz\/wp-json\/wp\/v2\/posts"}],"about":[{"href":"https:\/\/www.europesays.com\/cz\/wp-json\/wp\/v2\/types\/post"}],"author":[{"embeddable":true,"href":"https:\/\/www.europesays.com\/cz\/wp-json\/wp\/v2\/users\/2"}],"replies":[{"embeddable":true,"href":"https:\/\/www.europesays.com\/cz\/wp-json\/wp\/v2\/comments?post=201314"}],"version-history":[{"count":0,"href":"https:\/\/www.europesays.com\/cz\/wp-json\/wp\/v2\/posts\/201314\/revisions"}],"wp:featuredmedia":[{"embeddable":true,"href":"https:\/\/www.europesays.com\/cz\/wp-json\/wp\/v2\/media\/201315"}],"wp:attachment":[{"href":"https:\/\/www.europesays.com\/cz\/wp-json\/wp\/v2\/media?parent=201314"}],"wp:term":[{"taxonomy":"category","embeddable":true,"href":"https:\/\/www.europesays.com\/cz\/wp-json\/wp\/v2\/categories?post=201314"},{"taxonomy":"post_tag","embeddable":true,"href":"https:\/\/www.europesays.com\/cz\/wp-json\/wp\/v2\/tags?post=201314"}],"curies":[{"name":"wp","href":"https:\/\/api.w.org\/{rel}","templated":true}]}}