{"id":201318,"date":"2026-09-03T11:26:10","date_gmt":"2026-09-03T11:26:10","guid":{"rendered":"https:\/\/www.europesays.com\/cz\/201318\/"},"modified":"2026-09-03T11:26:10","modified_gmt":"2026-09-03T11:26:10","slug":"trump-s-putinem-se-setkam-az-bude-pripravena-mirova-dohoda","status":"publish","type":"post","link":"https:\/\/www.europesays.com\/cz\/201318\/","title":{"rendered":"Trump: S\u00a0Putinem se setk\u00e1m, a\u017e bude p\u0159ipravena m\u00edrov\u00e1 dohoda"},"content":{"rendered":"<p class=\"c_bB\">\u201eUd\u011blali bychom to, pokud bych cht\u011bl, ale j\u00e1 to chci ud\u011blat a\u017e tehdy, a\u017e budeme p\u0159ipraveni uzav\u0159\u00edt m\u00edrovou dohodu,\u201c cituje <a data-dot=\"atm-link\" target=\"_blank\" rel=\"noopener nofollow\" href=\"https:\/\/www.pravda.com.ua\/eng\/news\/2026\/09\/03\/8051663\/\" class=\"c_I\">ukrajinsk\u00fd list<\/a> Trumpa, kter\u00fd tato slova vy\u0159kl ve st\u0159edu ve\u010der SEL\u010c na tiskov\u00e9 konferenci.<\/p>\n<p class=\"c_bB\">\u201eChceme m\u00edt dobr\u00e9 vztahy s\u00a0Ruskem, Ukrajinou, se v\u0161emi. To by bylo skv\u011bl\u00e9 pro obchod. (\u2026) D\u011bje se spousta dobr\u00fdch v\u011bc\u00ed. Ale ne, mohli bychom to ud\u011blat. Mohl bych to ud\u011blat okam\u017eit\u011b. Chci to ud\u011blat, a\u017e ta v\u00e1lka skon\u010d\u00ed, a\u00a0mysl\u00edm, \u017ee to ud\u011bl\u00e1me,\u201c doplnil Trump.<\/p>\n<p class=\"c_bB\">\u0160\u00e9f B\u00edl\u00e9ho domu tak nep\u0159\u00edmo odm\u00edtl i\u00a0n\u00e1vrh \u0159editele CIA Johna Ratcliffa, kter\u00fd minul\u00fd t\u00fdden v\u00a0Moskv\u011b navrhl sv\u00fdm rusk\u00fdm zpravodajsk\u00fdm prot\u011bj\u0161k\u016fm trojstrann\u00e9 setk\u00e1n\u00ed mezi Trumpem, Zelensk\u00fdm a\u00a0Putinem. Takov\u00fd summit p\u0159itom odm\u00edtl i\u00a0Kreml, a\u00a0to ze stejn\u00e9ho d\u016fvodu jako Trump.<\/p>\n<p><a data-dot=\"atm-link\" target=\"_self\" href=\"https:\/\/www.novinky.cz\/clanek\/valka-na-ukrajine-jak-vidi-primeri-na-ukrajine-evropa-rusko-a-usa-trump-otocil-40534816\" class=\"c_I\" rel=\"nofollow noopener\"><img fetchpriority=\"high\" height=\"2304\" width=\"4096\" src=\"https:\/\/www.europesays.com\/cz\/wp-content\/uploads\/2026\/09\/a585.jpeg\" loading=\"eager\" decoding=\"sync\" class=\"c_t c_r\"\/><\/a><\/p>\n<p class=\"c_bB\">\u201eU\u017e dlouho se navrhuje uspo\u0159\u00e1dat summit Putin\u2013Trump\u2013Zelenskyj a\u00a0vy dob\u0159e zn\u00e1te postoj na\u0161eho prezidenta: takov\u00e9 setk\u00e1n\u00ed je mo\u017en\u00e9 pouze za \u00fa\u010delem potvrzen\u00ed dohod. A\u00a0tyto dohody nejsou v\u016fbec \u017e\u00e1dnou primitivn\u00ed dohodou, jde o\u00a0velmi slo\u017eit\u00fd proces urovn\u00e1n\u00ed, kter\u00fd se skl\u00e1d\u00e1 z\u00a0obrovsk\u00e9ho mno\u017estv\u00ed detail\u016f,\u201c citovala v\u00a0ned\u011bli rusk\u00e1 st\u00e1tn\u00ed <a data-dot=\"atm-link\" target=\"_blank\" rel=\"noopener nofollow\" href=\"https:\/\/tass.ru\/politika\/28058723\" class=\"c_I\">agentura TASS<\/a> mluv\u010d\u00edho Kremlu Dmitrije Peskova.<\/p>\n<p>Trump oto\u010dil i\u00a0po setk\u00e1n\u00ed na Alja\u0161ce<\/p>\n<p class=\"c_bB\">Nen\u00ed to poprv\u00e9, co Trump za\u010dal opakovat n\u00e1zory Kremlu. Loni administrativa Donalda Trumpa s\u00a0ob\u011bma v\u00e1l\u010d\u00edc\u00edmi stranami intenzivn\u011b jednala o\u00a0mo\u017en\u00e9m 30denn\u00edm bezpodm\u00edne\u010dn\u00e9m p\u0159\u00edm\u011b\u0159\u00ed. Ukrajina jej tehdy p\u0159ijala, Rusko nikoli. Kdy\u017e se n\u00e1sledn\u011b Trump v\u00a0srpnu na Alja\u0161ce setkal s\u00a0Putinem, oto\u010dil a\u00a0uvedl, \u017ee boje ukon\u010d\u00ed a\u017e m\u00edrov\u00e1 dohoda, napsal tehdy den\u00edk <a data-dot=\"atm-link\" target=\"_blank\" rel=\"noopener nofollow\" href=\"https:\/\/www.washingtonpost.com\/world\/2025\/08\/16\/ukraine-washington-zelensky-russia-trump\/\" class=\"c_I\">The Washington Post<\/a>.<\/p>\n<p class=\"c_bB\">Ukrajina krom\u011b p\u0159\u00edm\u011b\u0159\u00ed souhlasila i\u00a0se setk\u00e1n\u00edm s\u00a0Putinem. Zelenskyj nav\u00edc n\u011bkolikr\u00e1t navrhl, \u017ee by se oba l\u00edd\u0159i mohli setkat na neutr\u00e1ln\u00ed p\u016fd\u011b, jako je Ma\u010farsko nebo Turecko. I\u00a0to Kreml odm\u00edtl a\u00a0naopak hovo\u0159il o\u00a0tom, \u017ee se Putin se Zelensk\u00fdm r\u00e1d setk\u00e1, ale v\u00a0Moskv\u011b. Na to n\u00e1sledn\u011b ukrajinsk\u00fd prezident Putina pozval do Kyjeva.<\/p>\n<p class=\"c_bB\">V sou\u010dasnosti jsou vyjedn\u00e1v\u00e1n\u00ed o\u00a0konci v\u00e1lky na Ukrajin\u011b na bodu mrazu. A\u010dkoli americk\u00fd prezident u\u017e v\u00a0p\u0159edvolebn\u00ed kampani sliboval, \u017ee v\u00e1lku ukon\u010d\u00ed do 24\u00a0hodin, nepovedlo se mu to ani po 20\u00a0m\u011bs\u00edc\u00edch vl\u00e1dy. <\/p>\n<p><a data-dot=\"atm-link\" target=\"_self\" href=\"https:\/\/www.novinky.cz\/clanek\/valka-na-ukrajine-ukrajina-je-pripravena-prijmout-okamzite-prozatimni-30denni-primeri-40512622\" class=\"c_I\" rel=\"nofollow noopener\"><img height=\"2304\" width=\"4096\" src=\"https:\/\/www.europesays.com\/cz\/wp-content\/uploads\/2026\/09\/fcc0.jpeg\" loading=\"eager\" decoding=\"sync\" class=\"c_t c_r\"\/><\/a><\/p>\n","protected":false},"excerpt":{"rendered":"\u201eUd\u011blali bychom to, pokud bych cht\u011bl, ale j\u00e1 to chci ud\u011blat a\u017e tehdy, a\u017e budeme p\u0159ipraveni uzav\u0159\u00edt m\u00edrovou&hellip;\n","protected":false},"author":2,"featured_media":201319,"comment_status":"","ping_status":"","sticky":false,"template":"","format":"standard","meta":{"footnotes":"","_share_on_mastodon":"0"},"categories":[11],"tags":[4358,212,44557,1726,16256,61,54,110,113,56,166,57,53,52],"class_list":["post-201318","post","type-post","status-publish","format-standard","has-post-thumbnail","category-svet","tag-dmitrij-sergejevic-peskov","tag-donald-trump","tag-john-ratcliffe","tag-moskva","tag-primeri","tag-rusko","tag-svet","tag-ukrajina","tag-usa","tag-valka-rusko-ukrajina","tag-vladimir-putin","tag-volodymyr-zelenskyj","tag-world","tag-world-news"],"share_on_mastodon":{"url":"https:\/\/pubeurope.com\/@cz\/117206868634920988","error":""},"_links":{"self":[{"href":"https:\/\/www.europesays.com\/cz\/wp-json\/wp\/v2\/posts\/201318","targetHints":{"allow":["GET"]}}],"collection":[{"href":"https:\/\/www.europesays.com\/cz\/wp-json\/wp\/v2\/posts"}],"about":[{"href":"https:\/\/www.europesays.com\/cz\/wp-json\/wp\/v2\/types\/post"}],"author":[{"embeddable":true,"href":"https:\/\/www.europesays.com\/cz\/wp-json\/wp\/v2\/users\/2"}],"replies":[{"embeddable":true,"href":"https:\/\/www.europesays.com\/cz\/wp-json\/wp\/v2\/comments?post=201318"}],"version-history":[{"count":0,"href":"https:\/\/www.europesays.com\/cz\/wp-json\/wp\/v2\/posts\/201318\/revisions"}],"wp:featuredmedia":[{"embeddable":true,"href":"https:\/\/www.europesays.com\/cz\/wp-json\/wp\/v2\/media\/201319"}],"wp:attachment":[{"href":"https:\/\/www.europesays.com\/cz\/wp-json\/wp\/v2\/media?parent=201318"}],"wp:term":[{"taxonomy":"category","embeddable":true,"href":"https:\/\/www.europesays.com\/cz\/wp-json\/wp\/v2\/categories?post=201318"},{"taxonomy":"post_tag","embeddable":true,"href":"https:\/\/www.europesays.com\/cz\/wp-json\/wp\/v2\/tags?post=201318"}],"curies":[{"name":"wp","href":"https:\/\/api.w.org\/{rel}","templated":true}]}}