{"id":201322,"date":"2026-09-03T11:28:13","date_gmt":"2026-09-03T11:28:13","guid":{"rendered":"https:\/\/www.europesays.com\/cz\/201322\/"},"modified":"2026-09-03T11:28:13","modified_gmt":"2026-09-03T11:28:13","slug":"ceska-v-zamori-bojuje-o-kazdou-minutu-nikdy-nevite-co-s-vami-bude-rika","status":"publish","type":"post","link":"https:\/\/www.europesays.com\/cz\/201322\/","title":{"rendered":"\u010ce\u0161ka v\u00a0z\u00e1mo\u0159\u00ed bojuje o\u00a0ka\u017edou minutu. Nikdy nev\u00edte, co s\u00a0v\u00e1mi bude, \u0159\u00edk\u00e1"},"content":{"rendered":"<p class=\"b_bA\">Berl\u00edn (od na\u0161\u00ed zpravodajky)\u00a0\u2013 \u010cty\u0159iadvacetilet\u00e1 rozehr\u00e1va\u010dka p\u0159izn\u00e1v\u00e1, \u017ee a\u010dkoliv je za \u0161anci v\u00a0nejlep\u0161\u00ed sout\u011b\u017ei sv\u011bta extr\u00e9mn\u011b vd\u011b\u010dn\u00e1, psychicky je to velmi n\u00e1ro\u010dn\u00e9. \u201eJe to opravdu hodn\u011b t\u011b\u017ek\u00e9, ale po\u0159\u00e1d je to prvn\u00ed sezona a\u00a0tam se to bere asi tro\u0161ku jinak,\u201c p\u0159izn\u00e1v\u00e1 Joklov\u00e1, kter\u00e1 v\u00a0z\u00e1mo\u0159\u00ed m\u00e1 status \u201erookie\u201c (v p\u0159ekladu nov\u00e1\u010dek). \u201e\u010clov\u011bk si tu \u0161anci mus\u00ed vy\u010dekat a\u00a0kdy\u017e ji dostane, tak ji pot\u0159ebuje vyu\u017e\u00edt naplno. Ale po\u0159\u00e1d jsme v\u00a0nejlep\u0161\u00edm t\u00fdmu WNBA, tak je logick\u00e9, \u017ee budou sp\u00ed\u0161 hr\u00e1t jin\u00ed.\u201c<\/p>\n<p class=\"b_bA\">A\u010dkoliv velkou minut\u00e1\u017e zat\u00edm v\u00a0Minnesot\u011b Joklov\u00e1 nedost\u00e1v\u00e1, v\u00a0tr\u00e9ninkov\u00e9m procesu je naplno. \u201eV Americe se tr\u00e9nuje proti chlap\u016fm, jsme rozd\u011blen\u00e9 na dv\u011b p\u011btky, ale tr\u00e9nujeme v\u0161echny v\u0161echno. Tak\u017ee v\u00a0tom jsem plnohodnotn\u011b zapojen\u00e1,\u201c vysv\u011btluje rozehr\u00e1va\u010dka, jej\u00ed\u017e role v\u00a0t\u00fdmu se zm\u011bnila kv\u016fli zran\u011bn\u00ed krajanky Emmy \u010cechov\u00e9.<\/p>\n<p><a data-dot=\"atm-link\" target=\"_self\" href=\"https:\/\/www.sport.cz\/clanek\/basketbal-z-opory-hamzove-je-joklova-do-zamori-sla-s-podminkou-propustky-na-svatbu-5525321\" class=\"b_V g_ig\" rel=\"nofollow noopener\"><img fetchpriority=\"high\" height=\"1291\" width=\"1722\" src=\"https:\/\/www.europesays.com\/cz\/wp-content\/uploads\/2026\/09\/1788434890_204_basketbal-joklova-hamzova.webp\" loading=\"eager\" decoding=\"sync\" class=\"b_B b_z\"\/><\/a><\/p>\n<p class=\"b_bA\">\u201eBohu\u017eel moji pozici to ovlivnilo hodn\u011b. Krom\u011b Emmy se zranily dal\u0161\u00ed dv\u011b pivotky a\u00a0najednou jsme byly bez podko\u0161ov\u00fdch hr\u00e1\u010dek. A\u00a0j\u00e1 jsem pak najednou byla jedin\u00e1, kdo nebyl v\u00a0pravideln\u00e9 rotaci,\u201c kr\u010dila rameny Joklov\u00e1. \u201eSamoz\u0159ejm\u011b jsem z\u00a0toho byla zklaman\u00e1, hlavn\u011b to p\u0159ijde z\u00a0ni\u010deho nic. M\u00e1m trochu pocit, \u017ee kdy\u017e v\u00a0Americe n\u011bco p\u0159edpokl\u00e1d\u00e1te, tak je to stejn\u011b \u00fapln\u011b jinak.\u201c<\/p>\n<p><img height=\"1200\"   width=\"1800\" src=\"https:\/\/www.europesays.com\/cz\/wp-content\/uploads\/2026\/09\/1788434891_242_joklova-basketbal.jpeg\" loading=\"eager\" decoding=\"sync\" class=\"b_B b_z\"\/>Foto: Profimedia.cz<\/p>\n<p class=\"b_bA\">Anga\u017em\u00e1 v\u00a0WNBA je podle Joklov\u00e9 n\u00e1ro\u010dn\u00e9 zejm\u00e9na psychicky<\/p>\n<p class=\"b_bA\">D\u00edky vlastn\u00ed zku\u0161enosti pochopila rozhovory V\u00edta Krej\u010d\u00edho, kter\u00fd v\u00a0souvislosti s\u00a0NBA zmi\u0148uje trp\u011blivost. \u201eD\u0159\u00edv bych to nech\u00e1pala, ale te\u010f p\u0159esn\u011b v\u00edm, o\u00a0\u010dem mluv\u00ed,\u201c \u0159\u00edk\u00e1 roda\u010dka z\u00a0Brna, kter\u00e1 po peripeti\u00edch v\u00a0\u00favodu sezony mluvila i\u00a0s kou\u010dkou Lynx Cheryl Reeveovou. \u201e\u0158\u00edkala mi, \u017ee se mnou sp\u00ed\u0161 stejn\u011b po\u010d\u00edtali na development (rozvojov\u00fd) kontrakt, tak\u017ee to, \u017ee jsem te\u010f na soupisce je skv\u011bl\u00e9. Jsem r\u00e1da, \u017ee jsem si to m\u00edsto vybojovala,\u201c vykl\u00e1dala Joklov\u00e1.<\/p>\n<p class=\"b_bA\">A i\u00a0kdy\u017e konverzace s\u00a0tren\u00e9ry v\u00a0Americe prob\u00edhaj\u00ed, \u010dlov\u011bk podle Joklov\u00e9 \u017eije st\u00e1le v\u00a0nejistot\u011b. \u201eNikdo v\u00e1m ne\u0159ekne, jestli budete podepsan\u00e1 vy nebo n\u011bkdo jin\u00fd. Nikdy nev\u00edte, co s\u00a0v\u00e1mi bude. Ta zku\u0161enost je fakt t\u011b\u017ek\u00e1 a\u00a0mysl\u00edm, \u017ee ji docen\u00edm a\u017e zp\u011btn\u011b,\u201c p\u0159em\u00edt\u00e1 basketbalistka, kter\u00e1 si d\u00edky z\u00e1mo\u0159sk\u00e9mu anga\u017em\u00e1 v\u00edce uv\u011bdomila svoje pot\u0159eby. \u201e\u010cel\u00edm asi nejv\u011bt\u0161\u00edmu psychick\u00e9mu tlaku ve sv\u00e9 kari\u00e9\u0159e, stra\u0161n\u011b \u010dasto jsem v\u00a0nekomfortn\u00edch situac\u00edch.\u201c<\/p>\n<p><a data-dot=\"atm-link\" target=\"_self\" href=\"https:\/\/www.sport.cz\/clanek\/basketbal-od-maturity-na-svetovy-sampionat-ceska-debutantka-proziva-zivotni-leto-5525156\" class=\"b_V g_ig\" rel=\"nofollow noopener\"><img height=\"1687\" width=\"2249\" src=\"https:\/\/www.europesays.com\/cz\/wp-content\/uploads\/2026\/09\/1788434892_923_kalna-basketbal.jpeg\" loading=\"eager\" decoding=\"sync\" class=\"b_B b_z\"\/><\/a><\/p>\n<p class=\"b_bA\">Basketbalov\u011b vn\u00edm\u00e1 \u010dty\u0159iadvacetilet\u00e1 reprezentantka ohromnou kvalitu. \u201eJe to rychlostn\u011b n\u011bkde \u00fapln\u011b jinde ne\u017e v\u00a0Evrop\u011b. Z\u00e1rove\u0148 je to samoz\u0159ejm\u011b \u00fapln\u011b jin\u00fd styl,\u201c popisuje. S\u00a0t\u00edm souvis\u00ed i\u00a0jin\u00e1 kultura. Sou\u010d\u00e1st\u00ed z\u00e1pas\u016f ve WNBA jsou \u010dasto i\u00a0z\u00e1bavn\u00e9 show. \u201eNejsem \u00fapln\u011b extrovertn\u00ed typ, \u017ee bych se v\u00a0t\u011bchto v\u011bcech vy\u017e\u00edvala. Ale p\u0159i\u0161la jsem do jejich kultury, tak se mus\u00edm p\u0159izp\u016fsobit a\u00a0u\u017e je to lep\u0161\u00ed ne\u017e na za\u010d\u00e1tku,\u201c sm\u011bje se \u010desk\u00e1 rozehr\u00e1va\u010dka.<\/p>\n<p><img height=\"2730\"   width=\"4096\" src=\"https:\/\/www.europesays.com\/cz\/wp-content\/uploads\/2026\/09\/1788434893_613_joklova-basketbal.jpeg\" loading=\"eager\" decoding=\"sync\" class=\"b_B b_z\"\/>Foto: CZ.BASKETBALL\/V\u00e1clav Mudra<\/p>\n<p class=\"b_bA\">Eli\u0161ka Joklov\u00e1 po p\u0159\u00edletu ze z\u00e1mo\u0159\u00ed nastoupila k\u00a0p\u0159\u00edpravn\u00e9mu duelu s\u00a0Ji\u017en\u00ed Koreou<\/p>\n<p class=\"b_bA\">Americk\u00fd zp\u016fsob \u017eivota poci\u0165uje na vlastn\u00ed k\u016f\u017ei i\u00a0mimo palubovku, voln\u00fd \u010das tr\u00e1v\u00ed v\u011bt\u0161inou s\u00a0mimoamerick\u00fdmi spoluhr\u00e1\u010dkami. \u201eBydl\u00edme v\u0161echny v\u00a0jedn\u00e9 budov\u011b, \u010dasto hrajeme hry, sna\u017e\u00edme se vymyslet n\u011bjak\u00e9 v\u00fdlety, kdy\u017e m\u00e1me volno. Hodn\u011b dr\u017e\u00edme spolu a\u00a0vytvo\u0159ily jsme si tam takovou evropskou partu,\u201c p\u0159ibli\u017euje Joklov\u00e1.<\/p>\n<p class=\"b_bA\">Sou\u010d\u00e1st\u00ed zmi\u0148ovan\u00e9 evropsk\u00e9 party v\u00a0Minnesot\u011b je i\u00a0druh\u00e1 \u010desk\u00e1 basketbalistka Emma \u010cechov\u00e1, kterou sice o\u00a0sezonu p\u0159ipravilo zran\u011bn\u00ed, ale Lynx se o\u00a0ni postarali. \u201eBylo to trochu \u0161t\u011bst\u00ed v\u00a0ne\u0161t\u011bst\u00ed, \u017ee tam tu p\u00e9\u010di m\u00e1 skv\u011blou a\u00a0rehabilituje od prvn\u00edho dne. Ale jinak s\u00a0n\u00e1mi je celou dobu a\u00a0je to ur\u010dit\u011b uleh\u010den\u00ed, \u017ee jsme dv\u011b \u010ce\u0161ky,\u201c uzav\u00edr\u00e1 Joklov\u00e1.<\/p>\n<p><a data-dot=\"atm-link\" target=\"_self\" href=\"https:\/\/www.sport.cz\/clanek\/basketbal-opora-ceskeho-narodaku-ma-na-svetovem-sampionatu-specialni-podporu-5524651\" class=\"b_V g_ig\" rel=\"nofollow noopener\"><img height=\"1377\" width=\"1836\" src=\"https:\/\/www.europesays.com\/cz\/wp-content\/uploads\/2026\/09\/1788434893_488_holesinska-basketbal.jpeg\" loading=\"eager\" decoding=\"sync\" class=\"b_B b_z\"\/><\/a><\/p>\n","protected":false},"excerpt":{"rendered":"Berl\u00edn (od na\u0161\u00ed zpravodajky)\u00a0\u2013 \u010cty\u0159iadvacetilet\u00e1 rozehr\u00e1va\u010dka p\u0159izn\u00e1v\u00e1, \u017ee a\u010dkoliv je za \u0161anci v\u00a0nejlep\u0161\u00ed sout\u011b\u017ei sv\u011bta extr\u00e9mn\u011b vd\u011b\u010dn\u00e1, psychicky&hellip;\n","protected":false},"author":2,"featured_media":201323,"comment_status":"","ping_status":"","sticky":false,"template":"","format":"standard","meta":{"footnotes":"","_share_on_mastodon":"0"},"categories":[10],"tags":[1085,4125,6304,17,21,5211,45869,16,2425,18,19,22,19371,20],"class_list":["post-201322","post","type-post","status-publish","format-standard","has-post-thumbnail","category-zpravy","tag-basketbal","tag-berlin","tag-eliska-hamzova","tag-headlines","tag-hlavni-udalosti","tag-minnesota","tag-mistrovstvi-sveta-v-basketbalu-zen","tag-news","tag-reprezentace","tag-top-news","tag-top-stories","tag-udalosti-dne","tag-wnba","tag-zpravy"],"share_on_mastodon":{"url":"https:\/\/pubeurope.com\/@cz\/117206876886992777","error":""},"_links":{"self":[{"href":"https:\/\/www.europesays.com\/cz\/wp-json\/wp\/v2\/posts\/201322","targetHints":{"allow":["GET"]}}],"collection":[{"href":"https:\/\/www.europesays.com\/cz\/wp-json\/wp\/v2\/posts"}],"about":[{"href":"https:\/\/www.europesays.com\/cz\/wp-json\/wp\/v2\/types\/post"}],"author":[{"embeddable":true,"href":"https:\/\/www.europesays.com\/cz\/wp-json\/wp\/v2\/users\/2"}],"replies":[{"embeddable":true,"href":"https:\/\/www.europesays.com\/cz\/wp-json\/wp\/v2\/comments?post=201322"}],"version-history":[{"count":0,"href":"https:\/\/www.europesays.com\/cz\/wp-json\/wp\/v2\/posts\/201322\/revisions"}],"wp:featuredmedia":[{"embeddable":true,"href":"https:\/\/www.europesays.com\/cz\/wp-json\/wp\/v2\/media\/201323"}],"wp:attachment":[{"href":"https:\/\/www.europesays.com\/cz\/wp-json\/wp\/v2\/media?parent=201322"}],"wp:term":[{"taxonomy":"category","embeddable":true,"href":"https:\/\/www.europesays.com\/cz\/wp-json\/wp\/v2\/categories?post=201322"},{"taxonomy":"post_tag","embeddable":true,"href":"https:\/\/www.europesays.com\/cz\/wp-json\/wp\/v2\/tags?post=201322"}],"curies":[{"name":"wp","href":"https:\/\/api.w.org\/{rel}","templated":true}]}}