{"id":201350,"date":"2026-09-03T11:46:17","date_gmt":"2026-09-03T11:46:17","guid":{"rendered":"https:\/\/www.europesays.com\/cz\/201350\/"},"modified":"2026-09-03T11:46:17","modified_gmt":"2026-09-03T11:46:17","slug":"okamura-chce-vyssi-duchody-nez-schillerova-naznacil-castku-prozradil-kde-skrtat-v-rozpoctu","status":"publish","type":"post","link":"https:\/\/www.europesays.com\/cz\/201350\/","title":{"rendered":"Okamura chce vy\u0161\u0161\u00ed d\u016fchody ne\u017e Schillerov\u00e1, nazna\u010dil \u010d\u00e1stku. Prozradil, kde \u0161krtat v rozpo\u010dtu"},"content":{"rendered":"<p>\n                        N\u00e1vrhy vl\u00e1dn\u00edho hnut\u00ed SPD k \u00faspor\u00e1m v pl\u00e1novan\u00e9m st\u00e1tn\u00edm rozpo\u010dtu na p\u0159\u00ed\u0161t\u00ed rok se budou t\u00fdkat i resort\u016f \u0161kolstv\u00ed a zahrani\u010d\u00ed. V rozhovoru pro CNN Prima NEWS to \u0159ekl p\u0159edseda SPD a \u0161\u00e9f doln\u00ed komory parlamentu Tomio Okamura. Prosadit naopak bude cht\u00edt vy\u0161\u0161\u00ed r\u016fst d\u016fchod\u016f, ne\u017e s jak\u00fdm po\u010d\u00edt\u00e1 ministryn\u011b financ\u00ed Alena Schillerov\u00e1 (ANO). Okamura v rozhovoru tak\u00e9 \u0159ekl, \u017ee jeho hnut\u00ed nedovol\u00ed rozpo\u010dtov\u00e9 provizorium. P\u0159ipustil rovn\u011b\u017e, \u017ee koalice nemus\u00ed stihnout prosadit zru\u0161en\u00ed koncesion\u00e1\u0159sk\u00fdch poplatk\u016f k 1. lednu 2027.\n                    <\/p>\n<p><a target=\"_blank\" href=\"https:\/\/cnn.iprima.cz\/spd-proti-rozpoctu-se-schodkem-nemuzu-byt-spokojen-rekl-okamura-chce-jej-probrat-na-vlade-520650\" rel=\"nofollow noopener\">Hnut\u00ed SPD <\/a>a <a target=\"_blank\" href=\"https:\/\/cnn.iprima.cz\/motoriste-chteji-skrtnout-v-rozpoctu-desitky-miliard-babis-nase-hlasy-potrebuje-rekl-pikora-520621\" rel=\"nofollow noopener\">Motorist\u016fm <\/a>se nel\u00edb\u00ed navr\u017een\u00fd schodek st\u00e1tn\u00edho rozpo\u010dtu. M\u00e1m z toho pocit, \u017ee sledujeme prvn\u00ed skute\u010dn\u00fd rozpor ve vl\u00e1d\u011b. Souhlas\u00edte? <br \/>J\u00e1 si mysl\u00edm, \u017ee je to standardn\u00ed diskuse mezi odli\u0161n\u00fdmi politick\u00fdmi stranami. Mysl\u00edme si, \u017ee lze u\u0161et\u0159it miliardy korun, \u017ee je prostor pro \u00faspory. Proto n\u00e1m ten schodek p\u0159ipad\u00e1 p\u0159\u00edli\u0161 vysok\u00fd.<\/p>\n<p>D\u00c1LE \u010cT\u011aTE: <a target=\"_blank\" href=\"https:\/\/cnn.iprima.cz\/pavel-v-cnn-varoval-pred-ruskem-chce-v-evrope-zasit-neduveru-a-rozdelit-spojence-520809\" rel=\"nofollow noopener\">Pavel v americk\u00e9 CNN varoval p\u0159ed Ruskem: Chce v Evrop\u011b zas\u00edt ned\u016fv\u011bru a rozd\u011blit spojence<\/a><\/p>\n<p>\u010cili za v\u00e1s to nen\u00ed doposud nejv\u011bt\u0161\u00ed spor ve vl\u00e1d\u011b? <br \/>Ale my tam \u017e\u00e1dn\u00e9 spory v principu nem\u00e1me. My diskutujeme. SPD u\u017e mnohokr\u00e1t hlasovalo jinak ne\u017e koali\u010dn\u00ed partne\u0159i. My nepodpo\u0159ili muni\u010dn\u00ed iniciativu pro Ukrajinu. D\u00edky SPD se zastavilo jak\u00e9koliv pos\u00edl\u00e1n\u00ed pen\u011bz a zbran\u00ed na Ukrajinu. Tak\u017ee to nen\u00ed nic v osobn\u00ed rovin\u011b. Koalice funguje dob\u0159e.<\/p>\n<p>Koali\u010dn\u00ed rada se sejde v pond\u011bl\u00ed nad po\u017eadavky SPD. \u0158ekn\u011bte pros\u00edm, o kolik by ten schodek st\u00e1tn\u00edho rozpo\u010dtu m\u011bl klesnout, aby ho SPD podpo\u0159ilo. <br \/>\u0160krtl bych okam\u017eit\u011b ve\u0161ker\u00e9 d\u00e1vky vypl\u00e1cen\u00e9 Ukrajinc\u016fm.<\/p>\n<p>K tomu se dostaneme. Ptala jsem se na konkr\u00e9tn\u00ed \u010d\u00edslo, jestli m\u00e1te p\u0159edstavu, o kolik m\u00e1 schodek klesnout. <br \/>Ale mus\u00edm tu v\u011btu do\u0159\u00edct. J\u00e1 jsem ani ne\u0159ekl, o co jde. \u010cesk\u00e1 republika vypl\u00e1c\u00ed Ukrajinc\u016fm na d\u00e1vk\u00e1ch odhadem p\u0159ibli\u017en\u011b sedm a\u017e dev\u011bt miliard korun. Tak\u017ee tady m\u00e1te zrovna obrovsk\u00e9 \u010d\u00edslo, kter\u00e9 nen\u00ed mandatorn\u00edm v\u00fddajem.<\/p>\n<p class=\"intro-title-mobile\">\n        \u010ct\u011bte tak\u00e9\n    <\/p>\n<p>        <a href=\"https:\/\/cnn.iprima.cz\/schillerova-ministr-financi-neni-od-toho-aby-nekomu-delal-radost-k-vyssim-danim-ale-nemirime-520756\" class=\"image-link\" rel=\"nofollow noopener\" target=\"_blank\"><\/p>\n<p>            <img decoding=\"async\" loading=\"lazy\" class=\"image\" src=\"https:\/\/www.europesays.com\/cz\/wp-content\/uploads\/2026\/09\/0bcfb41f55a915a05647084fac145e15.jpg\" alt=\"Ministryn\u011b financ\u00ed Alena Schillerov\u00e1 ve vys\u00edl\u00e1n\u00ed CNN Prima NEWS\"\/><\/p>\n<p>            <\/a><\/p>\n<p class=\"intro-title-desktop\">\n            \u010ct\u011bte tak\u00e9\n        <\/p>\n<p>                <a href=\"https:\/\/cnn.iprima.cz\/schillerova-ministr-financi-neni-od-toho-aby-nekomu-delal-radost-k-vyssim-danim-ale-nemirime-520756\" class=\"title-link\" rel=\"nofollow noopener\" target=\"_blank\"><\/p>\n<p class=\"title\">\n                Schillerov\u00e1: Ministr financ\u00ed nen\u00ed od toho, aby n\u011bkomu d\u011blal radost. K vy\u0161\u0161\u00edm dan\u00edm ale nem\u00ed\u0159\u00edme\n            <\/p>\n<p>        <\/a><\/p>\n<p>                                                                                                2. z\u00e1\u0159 2026, 15:29<\/p>\n<p>                6 min \u010dten\u00ed<\/p>\n<p>Ale patrn\u011b budete cht\u00edt \u0161krtat i v dal\u0161\u00edch kapitol\u00e1ch. J\u00e1 se tak pt\u00e1m, proto\u017ee od Motorist\u016f zazn\u011blo \u010d\u00edslo 80 miliard. Tak\u017ee do jak\u00e9 m\u00edry chcete sn\u00ed\u017eit schodek? <br \/>Samoz\u0159ejm\u011b p\u0159ipravujeme podrobn\u00e9 n\u00e1vrhy. Dal\u0161\u00ed v\u011bc\u00ed je ur\u010dit\u011b, \u017ee bych \u0161krtnul ve\u0161ker\u00e9 dotace takzvan\u00fdm politick\u00fdm aktivistick\u00fdm neziskov\u00fdm organizac\u00edm. Tam se p\u0159ed n\u00e1stupem na\u0161\u00ed vl\u00e1dy vypl\u00e1celo kolem 10 miliard korun ro\u010dn\u011b. To jsou nap\u0159\u00edklad neziskov\u00e9 organizace pro pomoc a ochranu migrant\u016f. A v neposledn\u00ed \u0159ad\u011b je pot\u0159eba zmrazit platy politik\u016f.<\/p>\n<p>Zmrazen\u00ed plat\u016f politik\u016f miliardy neu\u0161et\u0159\u00ed<\/p>\n<p>Jakou ro\u010dn\u00ed \u00fasporu by zmrazen\u00ed plat\u016f politik\u016f p\u0159ineslo? <br \/>No, to nen\u00ed o miliard\u00e1ch. Je to symbol. Pakli\u017ee by se nezamrazily, byl by n\u00e1r\u016fst plat\u016f politik\u016f o p\u011bt a\u017e deset tis\u00edc korun m\u011bs\u00ed\u010dn\u011b.<\/p>\n<p>\u010cili dev\u011bt miliard, to jsou ty humanit\u00e1rn\u00ed d\u00e1vky. Deset miliard pro n\u011bkter\u00e9 neziskov\u00e9 organizace. Tak\u017ee jsme na cca dvaceti. Znamen\u00e1 to, \u017ee SPD bude po\u017eadovat sn\u00ed\u017een\u00ed schodku o zhruba dvacet miliard? <br \/>Prostor pro \u00faspory je mnohem v\u011bt\u0161\u00ed. Ale je to potom u\u017e politick\u00e1 ot\u00e1zka.<\/p>\n<p>\u0160krtal byste v obran\u011b? <br \/>Jsem proti zvy\u0161ov\u00e1n\u00ed v\u00fddaj\u016f na zbrojen\u00ed nad z\u00e1konn\u00e1 dv\u011b procenta HDP, proto\u017ee na to nebudou pen\u00edze. Dv\u011b procenta ale dodr\u017e\u00edme poprv\u00e9 v historii \u010desk\u00fdch vl\u00e1d v\u016fbec.<\/p>\n<p>D\u00c1LE \u010cT\u011aTE: <a target=\"_blank\" href=\"https:\/\/cnn.iprima.cz\/dolejsi-motoriste-jsou-za-blbce-muze-to-pro-ne-byt-fatalni-od-zverejneni-rozpoctu-ma-vlada-peklo-520720\" rel=\"nofollow noopener\">Dolej\u0161\u00ed: Motorist\u00e9 jsou za blbce, m\u016f\u017ee to pro n\u011b b\u00fdt fat\u00e1ln\u00ed. Rozpo\u010det dostal vl\u00e1du do \u00fazk\u00fdch<\/a><\/p>\n<p>Kde d\u00e1l vid\u00edte prostor k \u00faspor\u00e1m? <br \/>Ur\u010dit\u011b je prostor ve \u0161kolstv\u00ed. Ne \u017ee bych cht\u011bl sni\u017eovat pen\u00edze na \u0161kolstv\u00ed, to je prioritou. Ale v kapitole \u0161kolstv\u00ed je n\u00e1vrh, \u017ee je pot\u0159eba p\u0159ijmout tu\u0161\u00edm a\u017e 6 000 nov\u00fdch pracovn\u00edk\u016f do \u0161kolstv\u00ed. A t\u00fdk\u00e1 se to do zna\u010dn\u00e9 m\u00edry inkluze ve \u0161kolstv\u00ed. Tak toto chceme tak\u00e9 podrobit koali\u010dn\u00ed debat\u011b, proto\u017ee na to p\u0159ece nejsou pen\u00edze. Osobn\u011b si mysl\u00edm, \u017ee st\u00e1t by m\u011bl d\u00e1le mnohem v\u00edce osekat podporu do zahrani\u010d\u00ed. Existuj\u00ed projekty v zahrani\u010d\u00ed, na kter\u00e9 \u010cR pos\u00edl\u00e1 miliony.<\/p>\n<p>D\u00e1te mi p\u0159\u00edklad? <br \/>No, tak v minulosti to byla nap\u0159\u00edklad podpora v\u010dela\u0159stv\u00ed v zem\u00edch mimo EU a podobn\u011b. D\u00e1le by \u0161ly ur\u010dit\u011b se\u0161krtat poplatky za \u010dlenstv\u00ed v n\u011bkter\u00fdch mezin\u00e1rodn\u00edch organizac\u00edch, kter\u00e9 nemaj\u00ed s \u010ceskou republikou v\u016fbec nic spole\u010dn\u00e9ho. Tam byly n\u011bjak\u00e9 v\u00fdzkumy mo\u0159sk\u00e9ho dna, i kdy\u017e \u017e\u00e1dn\u00e9 mo\u0159e nem\u00e1me a podobn\u011b. Ur\u010dit\u011b by se \u0161lo na to pod\u00edvat, proto\u017ee t\u011bch organizac\u00ed je asi 150. A v podstat\u011b nikdo neprovedl revizi. U\u017e o tom mluv\u00edme s panem ministrem Macinkou. Je tam spousta takov\u00fdch drobn\u00fdch polo\u017eek, ale ka\u017ed\u00e1 je mnohamilionov\u00e1. Ale ty obrovsk\u00e9, kter\u00e9 jsem v\u00e1m \u0159ekl, jsou v des\u00edtk\u00e1ch miliard.<\/p>\n<p>Opravdu nem\u00e1te v hlav\u011b n\u011bjak\u00e9 \u010d\u00edslo, o kolik chcete sn\u00ed\u017eit schodek? <br \/>Cht\u011bla byste vid\u011bt \u010d\u00edslo? J\u00e1 si to nech\u00e1m na koali\u010dn\u00ed radu a \u00fatern\u00ed poslaneck\u00fd klub. Na co nelze nikdy s\u00e1hnout, jsou mandatorn\u00ed v\u00fddaje. Nikdy nesm\u00edme s\u00e1hnout na d\u016fchody. Ty chceme naopak zvy\u0161ovat nad z\u00e1konnou valorizaci, kter\u00e1 m\u00e1 b\u00fdt cca 300 korun.<\/p>\n<p>SPD chce d\u016fchody zv\u00fd\u0161it v\u00edc ne\u017e o 300 korun<\/p>\n<p>Ministryn\u011b Schillerov\u00e1 ale \u0159\u00edkala, \u017ee <a target=\"_blank\" href=\"https:\/\/www.idnes.cz\/zpravy\/domaci\/pristi-rok-zvysime-nektere-dane-schillerova-o-rozpoctu-a-planech-uspor.A260831_201523_domaci_bury?zdroj=otvirak\" rel=\"nofollow noopener\">pro p\u0159\u00ed\u0161t\u00ed rok s mimo\u0159\u00e1dnou valorizac\u00ed nepo\u010d\u00edt\u00e1<\/a>. Vy to budete navrhovat? <br \/>Diskuse prob\u00edh\u00e1. Pan\u00ed ministryn\u011b to sice \u0159\u00edk\u00e1, ale my si mysl\u00edme, \u017ee z\u00e1konn\u00e1 valorizace o pouh\u00fdch 300 korun je prost\u011b m\u00e1lo. My bychom r\u00e1di opravdu zv\u00fd\u0161ili d\u016fchody.<\/p>\n<p>\u0158ekn\u011bte mi, o kolik? <br \/>M\u00e1me to vy\u010d\u00edslen\u00e9, ale u n\u00e1s to m\u00e1 na starosti poslankyn\u011b \u0160afr\u00e1nkov\u00e1. Nech\u00e1m si to pro sebe. Ale ur\u010dit\u011b to nen\u00ed o des\u00edtky korun. J\u00e1 si mysl\u00edm, \u017ee m\u00edsto 300 korun by to mohlo b\u00fdt t\u0159eba 500, 600. To je m\u016fj n\u00e1zor. To mus\u00edme prosadit je\u0161t\u011b letos, proto\u017ee je to na p\u0159\u00ed\u0161t\u00ed rok.<\/p>\n<p class=\"intro-title-mobile\">\n        \u010ct\u011bte tak\u00e9\n    <\/p>\n<p>        <a href=\"https:\/\/cnn.iprima.cz\/hra-na-lidra-opozice-je-umela-silime-ano-zacne-klesat-rika-mistopredseda-stan-dvorak-520012\" class=\"image-link\" rel=\"nofollow noopener\" target=\"_blank\"><\/p>\n<p>            <img decoding=\"async\" loading=\"lazy\" class=\"image\" src=\"https:\/\/www.europesays.com\/cz\/wp-content\/uploads\/2026\/09\/0d08be32ca4e0ffd8a0478197eea9f52.jpg\" alt=\"N\u011bkdej\u0161\u00ed n\u00e1m\u011bstek ministra spravedlnosti a dnes poslanec Karel Dvo\u0159\u00e1k (STAN)\"\/><\/p>\n<p>            <\/a><\/p>\n<p class=\"intro-title-desktop\">\n            \u010ct\u011bte tak\u00e9\n        <\/p>\n<p>                <a href=\"https:\/\/cnn.iprima.cz\/hra-na-lidra-opozice-je-umela-silime-ano-zacne-klesat-rika-mistopredseda-stan-dvorak-520012\" class=\"title-link\" rel=\"nofollow noopener\" target=\"_blank\"><\/p>\n<p class=\"title\">\n                Man\u017eelstv\u00ed pro v\u0161echny p\u0159edlo\u017e\u00edm je\u0161t\u011b letos, sl\u00edbil Dvo\u0159\u00e1k ze STAN. V Sen\u00e1tu o\u010dek\u00e1v\u00e1 ztr\u00e1ty\n            <\/p>\n<p>        <\/a><\/p>\n<p>                                                                                                1. z\u00e1\u0159 2026, 07:17<\/p>\n<p>                6 min \u010dten\u00ed<\/p>\n<p>U\u017e jste avizoval, \u017ee byste \u0161krtl ve\u0161ker\u00e9 humanit\u00e1rn\u00ed d\u00e1vky Ukrajinc\u016fm. Pravidla ud\u011blov\u00e1n\u00ed t\u00e9to d\u00e1vky se do zna\u010dn\u00e9 m\u00edry \u0159\u00edd\u00ed sm\u011brnic\u00ed Evropsk\u00e9 unie. Riskovali bychom t\u00edmto spor s Evropskou komis\u00ed, unijn\u00ed pravidla \u0159\u00edkaj\u00ed, \u017ee n\u00e1rok na pen\u011b\u017eitou pomoc uprchl\u00edci maj\u00ed. <br \/>M\u016fj n\u00e1zor je, \u017ee bychom to m\u011bli ud\u011blat i navzdory Evropsk\u00e9 komisi, proto\u017ee prost\u011b nejsou pen\u00edze.<\/p>\n<p>Za cenu sporu u Soudn\u00edho dvora EU, kter\u00fd m\u016f\u017ee vy\u00fastit ve finan\u010dn\u00ed sankci, a to v t\u00e9to rozpo\u010dtov\u00e9 situaci? <br \/>Ne\u017e dojde k n\u011bjak\u00fdm soud\u016fm, douf\u00e1m v posuny v evropsk\u00e9 politice. Je \u010das na tvrd\u00fd p\u0159\u00edstup.<\/p>\n<p>S rozpo\u010dtem souvis\u00ed i dal\u0161\u00ed v\u00fdrok pan\u00ed ministryn\u011b ke zvy\u0161ov\u00e1n\u00ed dan\u00ed, kter\u00fd zazn\u011bl v <a target=\"_blank\" href=\"https:\/\/www.idnes.cz\/zpravy\/domaci\/pristi-rok-zvysime-nektere-dane-schillerova-o-rozpoctu-a-planech-uspor.A260831_201523_domaci_bury\" rel=\"nofollow noopener\">rozhovoru pro MF Dnes<\/a>. Zmi\u0148ovala t\u0159i konkr\u00e9tn\u00ed dan\u011b ke zv\u00fd\u0161en\u00ed: da\u0148 z hazardu, da\u0148 z investi\u010dn\u00edch nemovitost\u00ed a z n\u00e1vykov\u00fdch l\u00e1tek. Je to n\u011bco, co m\u016f\u017ee hnut\u00ed SPD podpo\u0159it? Ve volebn\u00edm programu m\u011blo loni nezvy\u0161ov\u00e1n\u00ed dan\u00ed. <br \/>S n\u00e1mi tyto n\u00e1vrhy projedn\u00e1ny nebyly. To jsou evidentn\u011b n\u00e1vrhy hnut\u00ed ANO. A na koali\u010dn\u00ed rad\u011b se tyto n\u00e1vrhy ne\u0159e\u0161ily. My m\u00e1me v programu nezvy\u0161ov\u00e1n\u00ed dan\u00ed.<\/p>\n<p>\u010cili byste to nepodpo\u0159ili, pokud by to na koalici Schillerov\u00e1 otev\u0159ela? <br \/>Jde o to, co p\u0159esn\u011b m\u00e1 na mysli. Vid\u011bl jsem jen titulky. Proto\u017ee je hazard a hazard. M\u016f\u017ee mluvit o pokeru, m\u016f\u017ee mluvit, j\u00e1 nev\u00edm, o kart\u00e1ch. M\u016f\u017ee mluvit o v\u00fdhern\u00edm automatu a m\u016f\u017ee mluvit o s\u00e1zk\u00e1ch na fotbalov\u00e9 z\u00e1pasy, co\u017e samoz\u0159ejm\u011b \u010ce\u0161i maj\u00ed velice r\u00e1di. A nerad bych to omezoval, lid\u00e9 se t\u00edm bav\u00ed, je to u n\u00e1s tradice. Tak to bych ur\u010dit\u011b necht\u011bl danit.<\/p>\n<p>Hroz\u00ed odchod SPD nebo Motorist\u016f z vl\u00e1dy?<\/p>\n<p>Kam a\u017e zajdete p\u0159i prosazov\u00e1n\u00ed sv\u00fdch n\u00e1vrh\u016f, o kter\u00fdch jsme hovo\u0159ili? Za jak\u00fdch okolnost\u00ed nepodpo\u0159\u00edte n\u00e1vrh st\u00e1tn\u00edho rozpo\u010dtu na p\u0159\u00ed\u0161t\u00ed rok? <br \/>No, rozpo\u010det p\u0159ece mus\u00ed proj\u00edt. Proto\u017ee jinak bychom uvrhli \u010ceskou republiku do rozpo\u010dtov\u00e9ho provizoria.<\/p>\n<p>D\u00c1LE \u010cT\u011aTE: <a target=\"_blank\" href=\"https:\/\/cnn.iprima.cz\/experti-k-rozpoctu-plagovy-sliby-hazard-se-skolstvim-ministr-nema-duvod-neverit-schillerove-520757\" rel=\"nofollow noopener\">Experti k Plagov\u00fdm slib\u016fm: Hazard se \u0161kolstv\u00edm a p\u00e1ra. Ministr se op\u00edr\u00e1 o slovo Schillerov\u00e9<\/a><\/p>\n<p>Ale m\u00e1te ur\u010dit\u00e9 po\u017eadavky. ANO je p\u0159ijmout m\u016f\u017ee a nemus\u00ed. Tak co d\u00e1l? <br \/>V\u00a0pond\u011bl\u00ed jedn\u00e1 koali\u010dn\u00ed rada. V\u00a0\u00fater\u00fd m\u00e1me poslaneck\u00fd klub. Tak\u017ee d\u00e1me na\u0161e n\u00e1vrhy dohromady. Ale n\u011bjak\u00fd rozpo\u010det mus\u00ed proj\u00edt, proto\u017ee jinak bychom uvrhli \u010ceskou republiku do situace, \u017ee nebude na zv\u00fd\u0161en\u00ed d\u016fchod\u016f, \u017ee nebude na podporu rodin s\u00a0d\u011btmi, na platy pracovn\u00edk\u016f ve zdravotnictv\u00ed a tak d\u00e1le, a to p\u0159eci nem\u016f\u017eeme p\u0159ipustit.<\/p>\n<p>Co kdy\u017e se hnut\u00ed ANO nebudou va\u0161e n\u00e1vrhy l\u00edbit a navr\u017een\u00fd schodek se nesn\u00ed\u017e\u00ed o v\u00edc ne\u017e 20 miliard? <br \/>Nem\u00e1 smysl spekulovat o n\u011bjak\u00fdch takov\u00fdch v\u011bcech. Pan\u00ed ministryn\u011b u\u017e \u0159ekla, \u017ee je p\u0159ipraven\u00e1 s n\u00e1mi jednat. Vl\u00e1da funguje v\u00fdborn\u011b.<\/p>\n<p>Zmrazen\u00ed plat\u016f politik\u016f jsme u\u017e \u010d\u00e1ste\u010dn\u011b nakousli. Vy stoj\u00edte o to, aby byly zmrazeny do konce roku 2030. Pokud by to tak bylo, tak v roce 2031 dojde k n\u011bjak\u00e9mu skokov\u00e9mu n\u00e1r\u016fstu. A ten jde proti logice, se kterou navrhujete zmrazen\u00ed plat\u016f politik\u016f. V tom n\u00e1vrhu, kter\u00fd p\u0159edlo\u017e\u00edte, \u0159e\u0161\u00edte skokov\u00fd n\u00e1r\u016fst v roce 2031? <br \/>Tak b\u00fdt na mn\u011b, tak j\u00e1 zamraz\u00edm platy politik\u016f forever.<\/p>\n<p>A pro\u010d to nenavrhnete? <br \/>Mluvil jsem s pr\u00e1vn\u00edky. Proto\u017ee to p\u0159esahuje dal\u0161\u00ed volebn\u00ed obdob\u00ed, tak bylo \u0159e\u010deno, \u017ee by asi bylo ide\u00e1ln\u00ed zm\u011bny c\u00edlit na toto volebn\u00ed obdob\u00ed. Ostatn\u011b dal\u0161\u00ed politick\u00e1 reprezentace v p\u0159\u00ed\u0161t\u00edch volb\u00e1ch si to stejn\u011b m\u016f\u017ee zm\u011bnit podle sv\u00e9ho.<\/p>\n<p class=\"intro-title-mobile\">\n        \u010ct\u011bte tak\u00e9\n    <\/p>\n<p>        <a href=\"https:\/\/cnn.iprima.cz\/kuba-stat-nezaridi-stastny-zivot-ani-neustale-rostouci-duchody-lide-musi-byt-zodpovedni-518627\" class=\"image-link\" rel=\"nofollow noopener\" target=\"_blank\"><\/p>\n<p>            <img decoding=\"async\" loading=\"lazy\" class=\"image\" src=\"https:\/\/www.europesays.com\/cz\/wp-content\/uploads\/2026\/09\/b169b61ea8a06ce3747556bf89365bf0.jpg\" alt=\"Hejtman Jiho\u010desk\u00e9ho kraje Martin Kuba (uprost\u0159ed)\"\/><\/p>\n<p>            <\/a><\/p>\n<p class=\"intro-title-desktop\">\n            \u010ct\u011bte tak\u00e9\n        <\/p>\n<p>                <a href=\"https:\/\/cnn.iprima.cz\/kuba-stat-nezaridi-stastny-zivot-ani-neustale-rostouci-duchody-lide-musi-byt-zodpovedni-518627\" class=\"title-link\" rel=\"nofollow noopener\" target=\"_blank\"><\/p>\n<p class=\"title\">\n                Kuba: St\u00e1t nem\u00e1 garantovat nekone\u010dn\u00fd r\u016fst d\u016fchod\u016f. Lid\u00e9 mus\u00ed b\u00fdt sami zodpov\u011bdn\u00ed\n            <\/p>\n<p>        <\/a><\/p>\n<p>                                                                                                8. srp 2026, 08:33<\/p>\n<p>                6 min \u010dten\u00ed<\/p>\n<p>A ten skokov\u00fd n\u00e1r\u016fst n\u011bjak \u0159e\u0161\u00edte? Nebo to prost\u011b v roce 2031 v lednu povysko\u010d\u00ed o to, co by bylo t\u0159i a p\u016fl roku zmrazeno? <br \/>Pros\u00edm v\u00e1s, ty platy politik\u016f jsou jako never-ending story. Kdyby to bylo na mn\u011b, dal bych platy politik\u016f na \u00farove\u0148 u\u010ditele, co\u017e znamen\u00e1 n\u011bjak\u00fdch maxim\u00e1ln\u011b 54 tis\u00edc hrub\u00e9ho.<\/p>\n<p>Naplnili byste pak kandid\u00e1tky? <br \/>J\u00e1 si mysl\u00edm, \u017ee by politici nem\u011bli j\u00edt do politiky pro pen\u00edze.<\/p>\n<p>SPD slibuje celost\u00e1tn\u00ed referendum<\/p>\n<p>Va\u0161\u00edm velk\u00fdm t\u00e9matem je i celost\u00e1tn\u00ed referendum. <a target=\"_blank\" href=\"https:\/\/cnn.iprima.cz\/koalice-finisuje-navrh-k-zavaznemu-referendu-aby-platilo-potrebuje-piraty-ti-maji-podminku-510134\" rel=\"nofollow noopener\">Situace je takov\u00e1, \u017ee vl\u00e1da se dohodla na n\u011bjak\u00e9 kompromisn\u00ed variant\u011b<\/a>. Nicm\u00e9n\u011b je to \u00fastavn\u00ed z\u00e1kon, pro jeho\u017e podporu pot\u0159ebujete podporu opozice, aby pro\u0161el. Jak jste daleko se sh\u00e1n\u011bn\u00edm podpory? <br \/>Je to velmi obt\u00ed\u017en\u00e9, pot\u0159ebujeme 120 hlas\u016f ve Sn\u011bmovn\u011b a dv\u011b t\u0159etiny hlas\u016f sen\u00e1tor\u016f pro prosazen\u00ed z\u00e1kona o referendu. Sen\u00e1t ve st\u00e1vaj\u00edc\u00edm slo\u017een\u00ed, kde m\u00e1 v\u011bt\u0161inu opozice, u\u017e sd\u011blil, \u017ee referendum odm\u00edt\u00e1. Proto budou d\u016fle\u017eit\u00e9 leto\u0161n\u00ed sen\u00e1tn\u00ed volby, abychom vym\u011bnili tyto opozi\u010dn\u00ed sen\u00e1tory a aby na\u0161i vl\u00e1dn\u00ed sen\u00e1to\u0159i z\u00edskali siln\u011bj\u0161\u00ed pozici.<\/p>\n<p>Kdo celost\u00e1tn\u00ed referendum p\u0159ipou\u0161t\u011bl ve sv\u00e9m programu, byli Pir\u00e1ti. Hovo\u0159il jste s Pir\u00e1ty o sv\u00e9m n\u00e1vrhu? <br \/>Tak Pir\u00e1ti se vyj\u00e1d\u0159ili, \u017ee referendum nepodpo\u0159\u00ed. A cht\u011bli to sm\u011b\u0148ovat za n\u011bjak\u00e9 \u00fapln\u011b jin\u00e9 z\u00e1kony, kter\u00e9 s t\u00edm v\u016fbec nic nemaj\u00ed spole\u010dn\u00e9ho. To znamen\u00e1, \u017ee ani\u017e by do\u0161lo k jedn\u00e1n\u00ed s Pir\u00e1ty, tak oni \u0159ekli, \u017ee referendum nepodpo\u0159\u00ed. Starostov\u00e9 \u0159ekli, \u017ee v \u017e\u00e1dn\u00e9m p\u0159\u00edpad\u011b referendum nepodpo\u0159\u00ed.<\/p>\n<p>D\u00c1LE \u010cT\u011aTE: <a target=\"_blank\" href=\"https:\/\/cnn.iprima.cz\/musil-navrh-statniho-rozpoctu-je-silena-manipulace-vlada-otevrela-dvere-bezuzdnym-vydajum-520600\" rel=\"nofollow noopener\">Musil: N\u00e1vrh rozpo\u010dtu je \u0161\u00edlen\u00e1 manipulace. Vl\u00e1da otev\u0159ela dve\u0159e bezuzdn\u00fdm v\u00fddaj\u016fm.<\/a><\/p>\n<p>To nevypad\u00e1, \u017ee referendum v tomto volebn\u00edm obdob\u00ed projde. <br \/>My se samoz\u0159ejm\u011b k diskusi dostat chceme. \u010cek\u00e1 n\u00e1s na podzim sada z\u00e1kon\u016f. Chceme zmrazit platy politik\u016f. Mus\u00edme p\u0159ehlasovat veto ohledn\u011b stavebn\u00edho z\u00e1kona. Chceme d\u00e1t na program zru\u0161en\u00ed poplatk\u016f \u010cesk\u00e9 televizi a \u010cesk\u00e9mu rozhlasu.<\/p>\n<p>Plat\u00ed, \u017ee to chcete stihnout k 1. lednu, i kdy\u017e m\u00e1me tak napjat\u00fd rozpo\u010det? <br \/>Rezerva tam je. Ale term\u00ednov\u011b se to po\u0159\u00e1d oddaluje. J\u00e1 u\u017e jsem z toho na nervy.<\/p>\n<p>\u010cili p\u0159ipou\u0161t\u00edte, pane p\u0159edsedo, \u017ee by nemuselo platit zru\u0161en\u00ed koncesion\u00e1\u0159sk\u00fdch poplatk\u016f od 1. ledna? <br \/>No, my bychom to stihli. Ale Sen\u00e1t m\u00e1 na projedn\u00e1n\u00ed 30 dn\u016f a prezident 15, a proto\u017ee oni necht\u011bj\u00ed zru\u0161it koncesion\u00e1\u0159sk\u00e9 poplatky, podle m\u011b vyu\u017eij\u00ed sv\u00e9 maxim\u00e1ln\u00ed lh\u016fty. Tak\u017ee to m\u00e1te plus 45 dn\u016f, a v tom p\u0159\u00edpad\u011b by se to nestihlo. Tak\u017ee to nen\u00ed jenom o vl\u00e1dn\u00ed koalici.<\/p>\n<p>\u0160li jste s t\u00edm do voleb. Nem\u011bla to vl\u00e1da prost\u011b d\u00e1t do Sn\u011bmovny d\u0159\u00edve? <br \/>Mo\u017en\u00e1 v\u00e1s p\u0159ekvap\u00edm, ale to v\u00edte, \u017ee m\u011bla. Proto j\u00e1 u\u017e v zim\u011b \u0159\u00edkal, \u017ee nem\u00e1me vytv\u00e1\u0159et medi\u00e1ln\u00ed z\u00e1kon, ale soust\u0159edit se pouze na jednu v\u011bc, kter\u00e1 je v programov\u00e9m prohl\u00e1\u0161en\u00ed, a to je zru\u0161en\u00ed poplatk\u016f. Do\u0161lo ale k prodlen\u00ed. Ale prosad\u00edme to.<\/p>\n<p class=\"intro-title-mobile\">\n        \u010ct\u011bte tak\u00e9\n    <\/p>\n<p>        <a href=\"https:\/\/cnn.iprima.cz\/rozkol-ano-s-spd-kvuli-rusku-david-bagatelizuje-utok-v-nemecku-knotek-je-ve-shode-s-opozici-520793\" class=\"image-link\" rel=\"nofollow noopener\" target=\"_blank\"><\/p>\n<p>            <img decoding=\"async\" loading=\"lazy\" class=\"image\" src=\"https:\/\/www.europesays.com\/cz\/wp-content\/uploads\/2026\/09\/1788435977_438_1956604fa9a927826218904c08077bf1.png\" alt=\"Ond\u0159ej Knotek (ANO) a Ivan David (SPD)\"\/><\/p>\n<p>            <\/a><\/p>\n<p class=\"intro-title-desktop\">\n            \u010ct\u011bte tak\u00e9\n        <\/p>\n<p>                <a href=\"https:\/\/cnn.iprima.cz\/rozkol-ano-s-spd-kvuli-rusku-david-bagatelizuje-utok-v-nemecku-knotek-je-ve-shode-s-opozici-520793\" class=\"title-link\" rel=\"nofollow noopener\" target=\"_blank\"><\/p>\n<p class=\"title\">\n                Rozkol ANO s SPD kv\u016fli Rusku: David bagatelizuje \u00fatok v N\u011bmecku, Knotek je ve shod\u011b s opozic\u00ed\n            <\/p>\n<p>        <\/a><\/p>\n<p>                                                                                                2. z\u00e1\u0159 2026, 20:45<\/p>\n<p>                6 min \u010dten\u00ed<\/p>\n<p>Bude to tak i se z\u00e1konem o referendu? <br \/>Na rozd\u00edl od z\u00e1kona o zru\u0161en\u00ed poplatk\u016f je z\u00e1kon o referendu \u00fastavn\u00ed z\u00e1kon, tak\u017ee pot\u0159ebujeme \u00fastavn\u00ed v\u011bt\u0161inu. Nez\u00e1le\u017e\u00ed to bohu\u017eel jenom na hlasech vl\u00e1dn\u00edch poslanc\u016f.<\/p>\n<p>Ale to jste v\u011bd\u011bli, kdy\u017e jste to slibovali p\u0159ed volbami. <br \/>Ale nev\u011bd\u011bli jsme volebn\u00ed v\u00fdsledek.<\/p>\n<p>Okamura: V\u011bt\u0161\u00ed \u0161ance m\u00e1 nez\u00e1visl\u00fd ne\u017e stranick\u00fd kandid\u00e1t<\/p>\n<p>Poj\u010fme k prezidentsk\u00fdm volb\u00e1m. <a target=\"_blank\" href=\"https:\/\/cnn.iprima.cz\/vladni-blok-a-hledani-prezidentskeho-kandidata-rezonuje-jmeno-spojene-s-babisem-520222\" rel=\"nofollow noopener\">Vl\u00e1dn\u00ed koalice nyn\u00ed podle premi\u00e9ra Andreje Babi\u0161e nehled\u00e1 zp\u016fsob, jak p\u0159istoupit k prezidentsk\u00fdm volb\u00e1m<\/a>. SPD st\u00e1le stoj\u00ed za my\u0161lenkou vl\u00e1dn\u00edho kandid\u00e1ta? <br \/>Ur\u010dit\u011b je spr\u00e1vn\u00e9, abychom se tomuto t\u00e9matu v\u011bnovali po komun\u00e1ln\u00edch a sen\u00e1tn\u00edch volb\u00e1ch. Ale j\u00e1 bych tomu ne\u0159\u00edkal vl\u00e1dn\u00ed kandid\u00e1t. \u0158ekl bych, \u017ee by bylo dobr\u00e9 podpo\u0159it n\u011bjakou nez\u00e1vislou osobnost. Nez\u00e1vislou osobnost, kter\u00e1 by m\u011bla bl\u00edzko k n\u00e1zor\u016fm vl\u00e1dn\u00ed koalice.<\/p>\n<p>N\u011bco takov\u00e9ho \u0159\u00edkaj\u00ed i Motorist\u00e9. Znamen\u00e1 to, \u017ee by to byl n\u011bkdo, kdo t\u0159eba vzejde ze spole\u010dnosti a a\u017e kdy\u017e ohl\u00e1s\u00ed kandidaturu, tak se k n\u011bmu vl\u00e1da p\u0159ihl\u00e1s\u00ed? V tomhle po\u0159ad\u00ed? <br \/>Je to jeden z mo\u017en\u00fdch sc\u00e9n\u00e1\u0159\u016f. Pro n\u00e1s je d\u016fle\u017eit\u00e9, aby ten \u010dlov\u011bk m\u011bl vlasteneck\u00e9 c\u00edt\u011bn\u00ed, aby to byl patriot, aby zast\u00e1val konzervativn\u00ed hodnoty. Aby to byl \u010dlov\u011bk, kter\u00fd mysl\u00ed na oby\u010dejn\u00e9 lidi. Pak by bylo ide\u00e1ln\u00ed takovou nez\u00e1vislou osobnost ur\u010dit\u011b podpo\u0159it. A podle m\u011b by m\u011bla takov\u00e1 osobnost v\u011bt\u0161\u00ed \u0161anci ne\u017e stranick\u00fd kandid\u00e1t proti prezidentu Pavlovi. Tak\u017ee ur\u010dit\u011b je po komun\u00e1ln\u00edch a sen\u00e1tn\u00edch volb\u00e1ch pot\u0159eba tu diskusi zah\u00e1jit.<\/p>\n<p>D\u00c1LE \u010cT\u011aTE: <a target=\"_blank\" href=\"https:\/\/cnn.iprima.cz\/babisuv-exministr-pilny-ostre-o-rozpoctovych-planech-vlady-bez-reforem-se-deficity-nesnizi-520072\" rel=\"nofollow noopener\">Varov\u00e1n\u00ed Piln\u00e9ho p\u0159ed Babi\u0161ov\u00fdmi rozpo\u010dty: Vl\u00e1da dostane divokou kartu a m\u016f\u017ee si d\u011blat, co chce<\/a><\/p>\n<p>Jak\u00fd je v\u00e1\u0161 c\u00edl pro sen\u00e1tn\u00ed a komun\u00e1ln\u00ed volby? <br \/>Stav\u00edme kandid\u00e1tky ve 250 m\u011bstech a obc\u00edch. Dnes m\u00e1me 492 zastupitel\u016f. Jsme ve veden\u00ed \u0159ady m\u011bst. Asi to nejv\u011bt\u0161\u00ed je krajsk\u00e9 m\u011bsto \u00dast\u00ed nad Labem. Tak\u017ee bychom r\u00e1di obh\u00e1jili tyto pozice. Co se Sen\u00e1tu t\u00fd\u010de, stav\u00edme 21 kandid\u00e1t\u016f.<\/p>\n<p>Hraje se o 27, v t\u011bch \u0161esti jste nepostavili kandid\u00e1ty kv\u016fli n\u011bjak\u00e9mu vyjedn\u00e1v\u00e1n\u00ed s koali\u010dn\u00edmi partnery? <br \/>Mus\u00edm \u0159\u00edct, \u017ee k ur\u010dit\u00e9mu vyjedn\u00e1v\u00e1n\u00ed tak\u00e9 do\u0161lo. N\u011bkde se t\u0159eba uk\u00e1zalo, \u017ee bu\u010f n\u00e1\u0161, nebo partner\u016fv kandid\u00e1t by byl lep\u0161\u00ed. Tak\u017ee vz\u00e1jemn\u011b tam k ur\u010dit\u00e9 diskuzi do\u0161lo. Tak\u017ee m\u00e1me 21 kandid\u00e1t\u016f. N\u00e1m se zat\u00edm poda\u0159ilo, \u017ee jsme dvakr\u00e1t postoupili do druh\u00e9ho kola, proto\u017ee sen\u00e1tn\u00ed volba je dvoukolov\u00e1. C\u00edl je, aby n\u011bjak\u00fd n\u00e1\u0161 kandid\u00e1t postoupil do druh\u00e9ho kola. A samoz\u0159ejm\u011b n\u00e1sledn\u011b zabojujeme o to, abychom m\u011bli prvn\u00edho sen\u00e1tora.<\/p>\n<p>D\u00c1LE \u010cT\u011aTE: <a target=\"_blank\" href=\"https:\/\/cnn.iprima.cz\/pavel-o-pristi-prezidentske-volbe-babis-ma-sanci-zeman-by-byl-velice-dustojny-souper-rekl-520433\" rel=\"nofollow noopener\">Pavel o prezidentsk\u00e9 volb\u011b: Kandidaturu zva\u017euji, Babi\u0161 m\u00e1 \u0161anci, Zeman by byl d\u016fstojn\u00fd soupe\u0159<\/a><\/p>\n","protected":false},"excerpt":{"rendered":"N\u00e1vrhy vl\u00e1dn\u00edho hnut\u00ed SPD k \u00faspor\u00e1m v pl\u00e1novan\u00e9m st\u00e1tn\u00edm rozpo\u010dtu na p\u0159\u00ed\u0161t\u00ed rok se budou t\u00fdkat i resort\u016f&hellip;\n","protected":false},"author":2,"featured_media":201351,"comment_status":"","ping_status":"","sticky":false,"template":"","format":"standard","meta":{"footnotes":"","_share_on_mastodon":"0"},"categories":[10],"tags":[297,266,46059,17,21,6053,30679,647,16,213,10179,44418,13088,46060,1341,3502,1838,18,19,22,20],"class_list":["post-201350","post","type-post","status-publish","format-standard","has-post-thumbnail","category-zpravy","tag-alena-schillerova","tag-andrej-babis","tag-deficit-statniho-rozpoctu","tag-headlines","tag-hlavni-udalosti","tag-komunalni-volby","tag-komunalni-volby-2026","tag-motoriste-sobe","tag-news","tag-petr-pavel","tag-rozpoctove-provizorium","tag-rozpoctovy-schodek","tag-senatni-volby","tag-senatni-volby-2026","tag-spd","tag-statni-rozpocet","tag-tomio-okamura","tag-top-news","tag-top-stories","tag-udalosti-dne","tag-zpravy"],"share_on_mastodon":{"url":"https:\/\/pubeurope.com\/@cz\/117206947181140332","error":""},"_links":{"self":[{"href":"https:\/\/www.europesays.com\/cz\/wp-json\/wp\/v2\/posts\/201350","targetHints":{"allow":["GET"]}}],"collection":[{"href":"https:\/\/www.europesays.com\/cz\/wp-json\/wp\/v2\/posts"}],"about":[{"href":"https:\/\/www.europesays.com\/cz\/wp-json\/wp\/v2\/types\/post"}],"author":[{"embeddable":true,"href":"https:\/\/www.europesays.com\/cz\/wp-json\/wp\/v2\/users\/2"}],"replies":[{"embeddable":true,"href":"https:\/\/www.europesays.com\/cz\/wp-json\/wp\/v2\/comments?post=201350"}],"version-history":[{"count":0,"href":"https:\/\/www.europesays.com\/cz\/wp-json\/wp\/v2\/posts\/201350\/revisions"}],"wp:featuredmedia":[{"embeddable":true,"href":"https:\/\/www.europesays.com\/cz\/wp-json\/wp\/v2\/media\/201351"}],"wp:attachment":[{"href":"https:\/\/www.europesays.com\/cz\/wp-json\/wp\/v2\/media?parent=201350"}],"wp:term":[{"taxonomy":"category","embeddable":true,"href":"https:\/\/www.europesays.com\/cz\/wp-json\/wp\/v2\/categories?post=201350"},{"taxonomy":"post_tag","embeddable":true,"href":"https:\/\/www.europesays.com\/cz\/wp-json\/wp\/v2\/tags?post=201350"}],"curies":[{"name":"wp","href":"https:\/\/api.w.org\/{rel}","templated":true}]}}