{"id":201366,"date":"2026-09-03T11:57:13","date_gmt":"2026-09-03T11:57:13","guid":{"rendered":"https:\/\/www.europesays.com\/cz\/201366\/"},"modified":"2026-09-03T11:57:13","modified_gmt":"2026-09-03T11:57:13","slug":"praha-meni-nazvy-stanic-metra-cestujici-si-na-ty-puvodni-ani-nestihli-zvyknout-a-uz-se-budou-ucit-nove","status":"publish","type":"post","link":"https:\/\/www.europesays.com\/cz\/201366\/","title":{"rendered":"Praha m\u011bn\u00ed n\u00e1zvy stanic metra. Cestuj\u00edc\u00ed si na ty p\u016fvodn\u00ed ani nestihli zvyknout a u\u017e se budou u\u010dit nov\u00e9"},"content":{"rendered":"<p>\t\t\t\t\t3. 9. 2026<\/p>\n<p>Nov\u00e1 linka pra\u017esk\u00e9ho metra D je\u0161t\u011b ani nevoz\u00ed cestuj\u00edc\u00ed a u\u017e m\u011bn\u00ed n\u00e1zvy stanic. Ty, o kter\u00fdch se mluvilo p\u016fvodn\u011b, toti\u017e nebyly definitivn\u00ed. Rada hlavn\u00edho m\u011bsta Prahy te\u010f rozhodla, \u017ee dv\u011b zast\u00e1vky se budou jmenovat jinak. Jedna z\u00a0nich dokonce vzbudila rozruch.<\/p>\n<p>M\u011bsto Praha p\u0159ejmenuje dv\u011b stanice metra na nov\u00e9 lince. Cestuj\u00edc\u00ed si na ty p\u016fvodn\u00ed ani nestihli zvyknout a u\u017e se budou u\u010dit nov\u00e9.<\/p>\n<p>Nov\u00e1 linka metra m\u00e1 jinou podobu<\/p>\n<p>V\u00a0p\u0159\u00ed\u0161t\u00edch letech se pra\u017esk\u00e9 metro rozroste o \u010dtvrtou trasu. Linka D bude spojovat centrum m\u011bsta s\u00a0ji\u017en\u00ed \u010d\u00e1st\u00ed. Nejv\u00edce by m\u011bla usnadnit dopravu lidem z\u00a0jihu a z\u00a0Prahy 4. Cestuj\u00edc\u00ed si ale na prvn\u00ed j\u00edzdu je\u0161t\u011b p\u00e1r let po\u010dkaj\u00ed. Pokud v\u0161e p\u016fjde podle pl\u00e1n\u016f, lid\u00e9 by se m\u011bli novou linkou sv\u00e9zt a\u017e v\u00a0roce 2032.<\/p>\n<p>Nen\u00ed to ale jen n\u00e1vrh na pap\u00ed\u0159e. Prvn\u00ed pr\u00e1ce na nov\u00e9 trase za\u010daly u\u017e v\u00a0roce 2022 a letos v\u00a0\u010dervnu odstartovala v\u00fdstavba dal\u0161\u00edho \u00faseku sm\u011brem k\u00a0Nov\u00fdm Dvor\u016fm. Tady by m\u011blo vzniknout hned n\u011bkolik stanic a tunel\u016f.<\/p>\n<p><img loading=\"lazy\" title=\"shutterstock_2399094805 1 | TVGURU.cz\" fetchpriority=\"high\" decoding=\"async\" class=\"wp-image-356318 size-large\" src=\"https:\/\/www.europesays.com\/cz\/wp-content\/uploads\/2026\/09\/shutterstock_2399094805-1-1200x800.webp\" alt=\"Facade of a historic building with intricate tilework and rows of yellow-red flags in front, reading NOV\u00c1 RADNICE beneath.\" width=\"1165\" height=\"777\"  \/>Rada hlavn\u00edho m\u011bsta Prahy se rozhodla pro p\u0159ejmenov\u00e1n\u00ed dvou stanic. Zdroj: Shutterstock<\/p>\n<p>A jeliko\u017e se pl\u00e1ny st\u00e1vaj\u00ed realitou a nov\u00e1 linka u\u017e je ve v\u00fdstavb\u011b, \u0159e\u0161\u00ed se n\u011bco, co se na prvn\u00ed pohled zd\u00e1 jako mali\u010dkost. N\u00e1zvy stanic jsou ale mnohem d\u016fle\u017eit\u011bj\u0161\u00ed. N\u011bkdo by mohl nam\u00edtat, \u017ee u\u017e od prvotn\u00edch n\u00e1vrh\u016f jsou jm\u00e9na stanic zn\u00e1m\u00e1. Te\u010f ale Praha p\u0159i\u0161la se zm\u011bnou.<\/p>\n<p>V\u011bt\u0161ina n\u00e1zv\u016f byla jen orienta\u010dn\u00ed<\/p>\n<p>N\u00e1zvy jednotliv\u00fdch stanic se b\u011bhem posledn\u00edch let objevovaly v\u00a0m\u00e9di\u00edch a zve\u0159ejn\u011bn\u00fdch dokumentech. V\u011bt\u0161ina z\u00a0nich ale nebyla definitivn\u00ed. \u0160lo hlavn\u011b o pracovn\u00ed n\u00e1zvy, kter\u00e9 slou\u017eily hlavn\u011b pro usnadn\u011bn\u00ed orientace p\u0159i p\u0159\u00edprav\u00e1ch nov\u00e9 linky.<\/p>\n<p>Pra\u017e\u0161t\u00ed radn\u00ed te\u010f ale ud\u011blali d\u016fle\u017eit\u00fd krok a rozhodli o kone\u010dn\u00fdch n\u00e1zvech v\u0161ech stanic. M\u011bsto Praha p\u0159itom vych\u00e1zelo hlavn\u011b z\u00a0toho, aby jm\u00e9no odpov\u00eddalo m\u00edstu, kde se nach\u00e1z\u00ed, a jeho historii. Z\u00e1rove\u0148 mus\u00ed b\u00fdt srozumiteln\u00e9 i pro lidi, kte\u0159\u00ed se v\u00a0Praze p\u0159\u00edli\u0161 nevyznaj\u00ed.<\/p>\n<p>Jedna stanice rozpoutala diskusi<\/p>\n<p>Jm\u00e9na sama o sob\u011b nejsou nijak zvl\u00e1\u0161tn\u00ed, ale jedno z\u00a0p\u016fvodn\u00edch vyvolalo trochu rozruch. Jedna ze stanic se toti\u017e m\u011bla jmenovat podle ulice, kter\u00e1 je na povrchu. Konkr\u00e9tn\u011b to byla ulice Olbrachtova. Jen\u017ee pr\u00e1v\u011b tento n\u00e1zev byl <a href=\"https:\/\/www.tvguru.cz\/alena-schillerova-predstavila-v-televiznich-novinach-velkou-zmenu\/\" target=\"_blank\" rel=\"noopener nofollow\">p\u0159edm\u011btem kritiky<\/a>.<\/p>\n<p>Probl\u00e9mem nebyla samotn\u00e1 ulice, ale mu\u017e, po kter\u00e9m je pojmenov\u00e1na. T\u00edm byl spisovatel Ivan Olbracht, kter\u00fd se sv\u00fdmi d\u00edly zapsal do \u010desk\u00e9 liter\u00e1rn\u00ed historie. Z\u00e1rove\u0148 to byl ale aktivn\u00ed komunista, kter\u00fd komunistickou ideologii hrd\u011b podporoval. A pr\u00e1v\u011b jeho politick\u00e1 minulost se stala hlavn\u00edm d\u016fvodem pro zm\u011bnu n\u00e1zvu budouc\u00ed stanice.<\/p>\n<p>Do diskuse se zapojil i \u00dastav pro studium totalitn\u00edch re\u017eim\u016f. Ten dlouhodob\u011b upozor\u0148oval na to, \u017ee jakmile vznik\u00e1 nov\u00fd ve\u0159ejn\u00fd prostor, je pot\u0159eba rozmyslet, po kom bude pojmenov\u00e1n.<\/p>\n<p>\u201eNejde o to p\u0159ejmenov\u00e1vat existuj\u00edc\u00ed ulice \u010di n\u00e1m\u011bst\u00ed. Ale pokud dnes vznik\u00e1 zcela nov\u00fd ve\u0159ejn\u00fd prostor, 36 let po p\u00e1du komunismu, nem\u011bl by b\u00fdt pojmenov\u00e1n po \u010dlov\u011bku, kter\u00fd aktivn\u011b prosazoval totalitn\u00ed ideologii,\u201c dodal \u0159editel <a href=\"https:\/\/www.ustrcr.cz\/ustr-proti-olbrachtove-stanici-odpovednost-k-historii-je-klicova\/\" target=\"_blank\" rel=\"noopener nofollow\">Ladislav Kudrna<\/a> v\u00a0rozhovoru.<\/p>\n<p>Postupn\u011b se to dostalo do bodu, kdy se \u0159e\u0161ilo, jestli se m\u00e1 stanice v\u016fbec jmenovat po historick\u00e9 osobnosti, nebo sp\u00ed\u0161e podle m\u00edsta, kde se nach\u00e1z\u00ed. Praha se pro klid v\u0161ech rozhodla pro druhou mo\u017enost.<\/p>\n<p>Komise cht\u011bla hlavn\u011b prakti\u010dnost<\/p>\n<p>Komise, kter\u00e1 rozhodovala o pojmenov\u00e1n\u00ed stanic, se p\u0159i v\u00fdb\u011bru sna\u017eila dr\u017eet vazby na <a href=\"https:\/\/www.tvguru.cz\/misto-kde-lucifer-uradoval-v-pohadce-s-certy-nejsou-zerty\/\" target=\"_blank\" rel=\"noopener nofollow\">konkr\u00e9tn\u00ed m\u00edsto<\/a>. Ne\u0161lo o to, aby n\u00e1zev byl co nejhez\u010d\u00ed, ale aby byl sp\u00ed\u0161e praktick\u00fd. Kdy\u017e cestuj\u00edc\u00ed na stanici vystoup\u00ed, m\u011bl by se u\u017e podle n\u00e1zvu dob\u0159e orientovat.<\/p>\n<p><img loading=\"lazy\" title=\"shutterstock_1603436989 1 | TVGURU.cz\" decoding=\"async\" class=\"wp-image-356316 size-large\" src=\"https:\/\/www.europesays.com\/cz\/wp-content\/uploads\/2026\/09\/shutterstock_1603436989-1-1200x800.webp\" alt=\"Residential alley with red tiled roofs, satellite dish, and white fences along a sunny street.\" width=\"1165\" height=\"777\"  \/>Velkou diskusi vzbudilo pojmenov\u00e1n\u00ed po Ivanu Olbrachtovi. Zdroj: Shutterstock<\/p>\n<p>Na nov\u00e9 lince tak z\u00a0p\u016fvodn\u00edch n\u00e1zv\u016f z\u016fst\u00e1vaj\u00ed v\u0161echny krom\u011b dvou. Stanice jako N\u00e1m\u011bst\u00ed M\u00edru, Pankr\u00e1c nebo Nov\u00e9 Dvory z\u016fstanou stejn\u00e9. Zaj\u00edmav\u00e9 je, \u017ee se uva\u017eovalo o v\u00edce zm\u011bn\u00e1ch, ty se ale nakonec neschv\u00e1lily.<\/p>\n<p>Dv\u011b nov\u00e1 jm\u00e9na zast\u00e1vek<\/p>\n<p>A kter\u00e9 dv\u011b stanice se tedy p\u0159ejmenuj\u00ed? V p\u016fvodn\u00edm n\u00e1vrhu byly stanice N\u00e1m\u011bst\u00ed Brat\u0159\u00ed Synk\u016f a Olbrachtova. Rada hlavn\u00edho m\u011bsta Prahy na konci srpna schv\u00e1lila, \u017ee prvn\u00ed se nov\u011b bude jmenovat Nusle a druh\u00e1 Ry\u0161\u00e1nka.<\/p>\n<p>N\u00e1zev Nusle podle komise l\u00e9pe vystihuje m\u00edsto, kde stanice bude. Z\u00e1rove\u0148 bude vchod sm\u011brem do dvou r\u016fzn\u00fdch ulic, proto je \u0161ir\u0161\u00ed pojmenov\u00e1n\u00ed logi\u010dt\u011bj\u0161\u00ed. N\u00e1zev Ry\u0161\u00e1nka vych\u00e1z\u00ed z\u00a0historick\u00e9ho pojmenov\u00e1n\u00ed. L\u00edb\u00ed se v\u00e1m nov\u00e9 pojmenov\u00e1n\u00ed?<\/p>\n<p>Zdroje: tn.nova.cz, ustrcr.cz, dpp.cz, ustrcr.cz<\/p>\n","protected":false},"excerpt":{"rendered":"3. 9. 2026 Nov\u00e1 linka pra\u017esk\u00e9ho metra D je\u0161t\u011b ani nevoz\u00ed cestuj\u00edc\u00ed a u\u017e m\u011bn\u00ed n\u00e1zvy stanic. Ty,&hellip;\n","protected":false},"author":2,"featured_media":201367,"comment_status":"","ping_status":"","sticky":false,"template":"","format":"standard","meta":{"footnotes":"","_share_on_mastodon":"0"},"categories":[30],"tags":[441,46061,402,98,99,6836,26484],"class_list":["post-201366","post","type-post","status-publish","format-standard","has-post-thumbnail","category-praha","tag-historie","tag-linka-d","tag-noshp","tag-prague","tag-praha","tag-prazske-metro","tag-stanice-metra"],"share_on_mastodon":{"url":"https:\/\/pubeurope.com\/@cz\/117206990710596940","error":""},"_links":{"self":[{"href":"https:\/\/www.europesays.com\/cz\/wp-json\/wp\/v2\/posts\/201366","targetHints":{"allow":["GET"]}}],"collection":[{"href":"https:\/\/www.europesays.com\/cz\/wp-json\/wp\/v2\/posts"}],"about":[{"href":"https:\/\/www.europesays.com\/cz\/wp-json\/wp\/v2\/types\/post"}],"author":[{"embeddable":true,"href":"https:\/\/www.europesays.com\/cz\/wp-json\/wp\/v2\/users\/2"}],"replies":[{"embeddable":true,"href":"https:\/\/www.europesays.com\/cz\/wp-json\/wp\/v2\/comments?post=201366"}],"version-history":[{"count":0,"href":"https:\/\/www.europesays.com\/cz\/wp-json\/wp\/v2\/posts\/201366\/revisions"}],"wp:featuredmedia":[{"embeddable":true,"href":"https:\/\/www.europesays.com\/cz\/wp-json\/wp\/v2\/media\/201367"}],"wp:attachment":[{"href":"https:\/\/www.europesays.com\/cz\/wp-json\/wp\/v2\/media?parent=201366"}],"wp:term":[{"taxonomy":"category","embeddable":true,"href":"https:\/\/www.europesays.com\/cz\/wp-json\/wp\/v2\/categories?post=201366"},{"taxonomy":"post_tag","embeddable":true,"href":"https:\/\/www.europesays.com\/cz\/wp-json\/wp\/v2\/tags?post=201366"}],"curies":[{"name":"wp","href":"https:\/\/api.w.org\/{rel}","templated":true}]}}