{"id":201380,"date":"2026-09-03T12:06:14","date_gmt":"2026-09-03T12:06:14","guid":{"rendered":"https:\/\/www.europesays.com\/cz\/201380\/"},"modified":"2026-09-03T12:06:14","modified_gmt":"2026-09-03T12:06:14","slug":"dopravu-v-centru-prahy-omezi-o-vikendu-tisice-bezcu-ovlivni-sedm-tramvajovych-linek","status":"publish","type":"post","link":"https:\/\/www.europesays.com\/cz\/201380\/","title":{"rendered":"Dopravu v\u00a0centru Prahy omez\u00ed o\u00a0v\u00edkendu tis\u00edce b\u011b\u017ec\u016f. Ovlivn\u00ed sedm tramvajov\u00fdch linek"},"content":{"rendered":"<p class=\"c_bB\">\u201eZm\u011bny se dotknou povrchov\u00fdch linek MHD, proto bude vhodn\u011bj\u0161\u00ed, zejm\u00e9na v\u00a0centru m\u011bsta, vyu\u017e\u00edvat linek metra,\u201c uvedl k\u00a0sobotn\u00ed akci mluv\u010d\u00ed magistr\u00e1tu V\u00edt Hofman. V\u00a0den z\u00e1vodu bude zhruba od 16\u00a0do 21.30\u00a0hodin obousm\u011brn\u011b p\u0159eru\u0161en provoz tramvaj\u00ed v\u00a0oblasti n\u00e1m\u011bst\u00ed Republiky, Revolu\u010dn\u00ed ulice, \u0160tef\u00e1nikova mostu, \u010cechova mostu a\u00a0n\u00e1b\u0159e\u017e\u00ed Edvarda Bene\u0161e.<\/p>\n<p class=\"c_bB\">\u201eZm\u011bny se budou t\u00fdkat tramvajov\u00fdch linek \u010d\u00edslo 6, 8, 15, 17, 26, 41, 42\u00a0a\u00a0tak\u00e9 autobusov\u00fdch spoj\u016f \u010d\u00edslo 194\u00a0a\u00a0207,\u201c up\u0159esnil Hofman s\u00a0t\u00edm, \u017ee b\u011bh pro \u017eeny na 5\u00a0kilometr\u016f startuje v\u00a018\u00a0hodin z\u00a0n\u00e1m\u011bst\u00ed Republiky u\u00a0Obecn\u00edho domu, ve\u010dern\u00ed b\u011bh na 10\u00a0kilometr\u016f pak za\u010d\u00edn\u00e1 v\u00a019.30\u00a0hodin na stejn\u00e9m m\u00edst\u011b, kde je v\u00a0obou p\u0159\u00edpadech z\u00e1rove\u0148 napl\u00e1nov\u00e1n i\u00a0c\u00edl.<\/p>\n<p><a data-dot=\"atm-link\" target=\"_self\" href=\"https:\/\/www.novinky.cz\/clanek\/domaci-zpravy-hlavni-mesto-praha-doma-v-irsku-by-neprezil-bezec-pri-maratonu-v-praze-zkolaboval-47-minut-mu-nefungovalo-srdce-40521374\" class=\"c_I\" rel=\"nofollow noopener\"><img fetchpriority=\"high\" height=\"1080\" width=\"1920\" src=\"https:\/\/www.europesays.com\/cz\/wp-content\/uploads\/2026\/09\/maraton-zastava-praha.jpeg\" loading=\"eager\" decoding=\"sync\" class=\"c_t c_r\"\/><\/a><\/p>\n<p class=\"c_bB\">O p\u0159ihl\u00e1\u0161en\u00ed na akci b\u00fdv\u00e1 mezi sportovci ka\u017edoro\u010dn\u011b velk\u00fd mezin\u00e1rodn\u00ed z\u00e1jem, loni podle po\u0159adatel\u016f b\u011b\u017eelo osm a\u00a0p\u016fl tis\u00edce mu\u017e\u016f a\u00a0\u017een. O\u00a0rozsahu akce vypov\u00edd\u00e1, \u017ee j\u00ed poskytl z\u00e1\u0161titu nejenom prim\u00e1tor, ale i\u00a0starostov\u00e9 hned p\u011bti m\u011bstsk\u00fdch \u010d\u00e1st\u00ed 1, 4, 5, 7\u00a0a\u00a08.<\/p>\n<p class=\"c_bB\">\u201eZ\u00e1vod p\u0159ivede do na\u0161eho m\u011bsta tis\u00edce b\u011b\u017ec\u016f a\u00a0fanou\u0161k\u016f a\u00a0nab\u00eddne jim jedine\u010dnou atmosf\u00e9ru historick\u00e9ho centra. Takto v\u00fdznamn\u00e1 sportovn\u00ed akce se v\u0161ak neobejde bez do\u010dasn\u00fdch dopravn\u00edch omezen\u00ed,\u201c uvedla starostka Prahy 1\u00a0Terezie Radom\u011b\u0159sk\u00e1 (TOP 09).<\/p>\n<p class=\"c_bB\">P\u0159edpokl\u00e1dan\u00e9 \u00fapln\u00e9 uzav\u00edrky komunikac\u00ed se podle informac\u00ed magistr\u00e1tu budou t\u00fdkat v\u00a0\u010dase od 16.30\u00a0do 22\u00a0hodin doln\u00ed poloviny V\u00e1clavsk\u00e9ho n\u00e1m\u011bst\u00ed i\u00a0ulice Na P\u0159\u00edkop\u011b a\u00a0n\u00e1m\u011bst\u00ed Republiky. \u201eV rozmez\u00ed od 17.30\u00a0do 21.00\u00a0hodin budou nepr\u016fjezdn\u00e9 ulice Revolu\u010dn\u00ed, n\u00e1b\u0159e\u017e\u00ed Edvarda Bene\u0161e, \u0160tef\u00e1nik\u016fv a\u00a0\u010cech\u016fv most, n\u00e1b\u0159e\u017e\u00ed Kpt. Jaro\u0161e ve sm\u011bru do centra a\u00a0Letensk\u00fd tunel,\u201c up\u0159esnil mluv\u010d\u00ed magistr\u00e1tu.<\/p>\n<p class=\"c_bB\">Od 19.20\u00a0hodin pak bude podle pr\u016fb\u011bhu z\u00e1vodu do\u010dasn\u011b uzav\u0159eno tak\u00e9 Rohansk\u00e9 a\u00a0Dvo\u0159\u00e1kovo n\u00e1b\u0159e\u017e\u00ed, n\u00e1b\u0159e\u017e\u00ed Ludv\u00edka Svobody, T\u011b\u0161novsk\u00fd tunel, Lannova ulice a\u00a0Nov\u00e9 ml\u00fdny. V\u00a0cel\u00e9 trase obou z\u00e1vod\u016f bude tak\u00e9 platit z\u00e1kaz zastaven\u00ed a\u00a0jeho nerespektov\u00e1n\u00ed bude znamenat odta\u017een\u00ed vozidla.<\/p>\n<p><a data-dot=\"atm-link\" target=\"_self\" href=\"https:\/\/www.novinky.cz\/clanek\/lifestyle-polak-ubehl-maraton-naboso-na-zamrzlem-jezere-krvacely-mu-prsty-40520507\" class=\"c_I\" rel=\"nofollow noopener\"><img height=\"599\" width=\"1065\" src=\"https:\/\/www.europesays.com\/cz\/wp-content\/uploads\/2026\/09\/beh.jpeg\" loading=\"eager\" decoding=\"sync\" class=\"c_t c_r\"\/><\/a><\/p>\n<p class=\"c_bB\">Uzav\u00edrky v\u00a0trase z\u00e1vodu, kter\u00fd se uskute\u010dn\u00ed v\u00a0centru m\u011bsta, ale za\u010dnou platit u\u017e s\u00a0p\u0159edstihem. Kv\u016fli vybudov\u00e1n\u00ed z\u00e1zem\u00ed cel\u00e9 akce bude nav\u00edc tento z\u00e1kaz roz\u0161\u00ed\u0159en v\u00a0oblasti n\u00e1m\u011bst\u00ed Republiky, Hybernsk\u00e9 a\u00a0Na P\u0159\u00edkop\u011b, kde bude platit u\u017e od p\u00e1tku 4.\u00a0z\u00e1\u0159\u00ed od 18\u00a0hodin do sobotn\u00ed p\u016flnoci.<\/p>\n<p class=\"c_bB\">Z\u00e1kaz zastaven\u00ed bude platit hned od za\u010d\u00e1tku soboty a\u017e do noci tak\u00e9 v\u00a0Revolu\u010dn\u00ed a\u00a0od 12\u00a0do 22\u00a0hodin na n\u00e1b\u0159e\u017e\u00ed Edvarda Bene\u0161e, n\u00e1b\u0159e\u017e\u00ed Kpt. Jaro\u0161e i\u00a0na Dvo\u0159\u00e1kov\u011b a\u00a0Rohansk\u00e9m n\u00e1b\u0159e\u017e\u00ed nebo v\u00a0podjezdech \u010cechova a\u00a0\u0160tef\u00e1nikova mostu. Jednotliv\u00e9 ulice budou postupn\u011b zpr\u016fjezdn\u011bny hned po prob\u011bhnut\u00ed posledn\u00edho b\u011b\u017ece.<\/p>\n<p class=\"c_bB\">Dopravu budou v\u00a0centru \u0159\u00eddit policist\u00e9 ve spolupr\u00e1ci se str\u00e1\u017en\u00edky a\u00a0pro dotazy v\u00a0souvislosti s\u00a0dopravn\u00edm omezen\u00edm bude k\u00a0dispozici bezplatn\u00e1 informa\u010dn\u00ed linka na \u010d\u00edsle: 800\u00a0165\u00a0102.<\/p>\n<p><a data-dot=\"atm-link\" target=\"_self\" href=\"https:\/\/www.novinky.cz\/clanek\/lifestyle-polak-ubehl-maraton-naboso-na-zamrzlem-jezere-krvacely-mu-prsty-40520507\" class=\"c_I\" rel=\"nofollow noopener\"><img height=\"599\" width=\"1065\" src=\"https:\/\/www.europesays.com\/cz\/wp-content\/uploads\/2026\/09\/beh.jpeg\" loading=\"eager\" decoding=\"sync\" class=\"c_t c_r\"\/><\/a><\/p>\n","protected":false},"excerpt":{"rendered":"\u201eZm\u011bny se dotknou povrchov\u00fdch linek MHD, proto bude vhodn\u011bj\u0161\u00ed, zejm\u00e9na v\u00a0centru m\u011bsta, vyu\u017e\u00edvat linek metra,\u201c uvedl k\u00a0sobotn\u00ed akci&hellip;\n","protected":false},"author":2,"featured_media":201381,"comment_status":"","ping_status":"","sticky":false,"template":"","format":"standard","meta":{"footnotes":"","_share_on_mastodon":"0"},"categories":[30],"tags":[1723,8599,10957,4058,7616,46072,12964,1602,98,99,2567,2570,214,2571,1979,13272,5004,5170,12962,9128],"class_list":["post-201380","post","type-post","status-publish","format-standard","has-post-thumbnail","category-praha","tag-beh","tag-cechuv-most","tag-dopravni-omezeni","tag-mestska-hromadna-doprava-mhd","tag-nabrezi","tag-nabrezi-edvarda-benese","tag-namesti-republiky","tag-omezeni","tag-prague","tag-praha","tag-praha-1","tag-praha-4","tag-praha-5","tag-praha-7","tag-praha-8","tag-primatori","tag-tramvaje","tag-tunel","tag-vaclavske-namesti","tag-zavod"],"share_on_mastodon":{"url":"https:\/\/pubeurope.com\/@cz\/117207026619923023","error":""},"_links":{"self":[{"href":"https:\/\/www.europesays.com\/cz\/wp-json\/wp\/v2\/posts\/201380","targetHints":{"allow":["GET"]}}],"collection":[{"href":"https:\/\/www.europesays.com\/cz\/wp-json\/wp\/v2\/posts"}],"about":[{"href":"https:\/\/www.europesays.com\/cz\/wp-json\/wp\/v2\/types\/post"}],"author":[{"embeddable":true,"href":"https:\/\/www.europesays.com\/cz\/wp-json\/wp\/v2\/users\/2"}],"replies":[{"embeddable":true,"href":"https:\/\/www.europesays.com\/cz\/wp-json\/wp\/v2\/comments?post=201380"}],"version-history":[{"count":0,"href":"https:\/\/www.europesays.com\/cz\/wp-json\/wp\/v2\/posts\/201380\/revisions"}],"wp:featuredmedia":[{"embeddable":true,"href":"https:\/\/www.europesays.com\/cz\/wp-json\/wp\/v2\/media\/201381"}],"wp:attachment":[{"href":"https:\/\/www.europesays.com\/cz\/wp-json\/wp\/v2\/media?parent=201380"}],"wp:term":[{"taxonomy":"category","embeddable":true,"href":"https:\/\/www.europesays.com\/cz\/wp-json\/wp\/v2\/categories?post=201380"},{"taxonomy":"post_tag","embeddable":true,"href":"https:\/\/www.europesays.com\/cz\/wp-json\/wp\/v2\/tags?post=201380"}],"curies":[{"name":"wp","href":"https:\/\/api.w.org\/{rel}","templated":true}]}}