{"id":201398,"date":"2026-09-03T12:17:10","date_gmt":"2026-09-03T12:17:10","guid":{"rendered":"https:\/\/www.europesays.com\/cz\/201398\/"},"modified":"2026-09-03T12:17:10","modified_gmt":"2026-09-03T12:17:10","slug":"novy-serial-bozi-plan-sesadil-z-trunu-polabi","status":"publish","type":"post","link":"https:\/\/www.europesays.com\/cz\/201398\/","title":{"rendered":"Nov\u00fd seri\u00e1l Bo\u017e\u00ed pl\u00e1n: Sesadil z tr\u016fnu Polab\u00ed"},"content":{"rendered":"<p>Podle ohlas\u016f jde o pohodovku, u n\u00ed\u017e m\u016f\u017ee \u010dlov\u011bk po n\u00e1ro\u010dn\u00e9m dni kone\u010dn\u011b vypnout a pobavit se. Vedle \u0159idi\u010de tramvaje <a class=\"celebrity celebwiki\" href=\"https:\/\/celebwiki.blesk.cz\/osobnost\/3012\/tomas-jerabek\/\" target=\"_blank\" rel=\"nofollow noopener\">Tom\u00e1\u0161e Je\u0159\u00e1bka<\/a> (51) se v rol\u00edch spolu\u017e\u00e1k\u016f z gymplu p\u0159edstavili <a class=\"celebrity celebwiki\" href=\"https:\/\/celebwiki.blesk.cz\/osobnost\/4950\/marek-lambora-herec\/\" target=\"_blank\" rel=\"nofollow noopener\">Marek Lambora<\/a> (31), <a class=\"celebrity celebwiki\" href=\"https:\/\/celebwiki.blesk.cz\/osobnost\/5978\/filip-brezina-herec\/\" target=\"_blank\" rel=\"nofollow noopener\">Filip B\u0159ezina<\/a> (31) a <a class=\"celebrity celebwiki\" href=\"https:\/\/celebwiki.blesk.cz\/osobnost\/6487\/vaclav-matejovsky\/\" target=\"_blank\" rel=\"nofollow noopener\">V\u00e1clav Mat\u011bjovsk\u00fd<\/a> (30), jako\u00a0rozbu\u0161ka mezi nimi p\u016fsob\u00ed Julie Michaely Pet\u0159ekov\u00e9 (28), jej\u00ed\u017e heslo zn\u00ed: \u201eJ\u00e1 nejsem z cukru, j\u00e1 jsem z Brunt\u00e1lu!\u201c<\/p>\n<p style=\"text-align: center;\"><a class=\"celebrity celebwiki\" href=\"https:\/\/celebwiki.blesk.cz\/osobnost\/2412\/klara-cibulkova\/\" target=\"_blank\" rel=\"nofollow noopener\">Kl\u00e1ra Cibulkov\u00e1<\/a>: Do Polab\u00ed p\u0159ijde nov\u00e1 rodina!<\/p>\n<p>Televizi Nova se poda\u0159ilo sesadit z dosavadn\u00edho tr\u016fnu prim\u00e1ck\u00e9 rodinn\u00e9 st\u0159\u00edbro v podob\u011b seri\u00e1lu Polab\u00ed. Zda si Bo\u017e\u00ed pl\u00e1n prvn\u00ed p\u0159\u00ed\u010dku udr\u017e\u00ed, uk\u00e1\u017eou a\u017e dal\u0161\u00ed dny. Druh\u00fd d\u00edl m\u016f\u017eete sledovat u\u017e dnes ve\u010der ve 20.20 hod. na Nov\u011b.<\/p>\n<p style=\"text-align: center;\"><a class=\"celebrity celebwiki\" href=\"https:\/\/celebwiki.blesk.cz\/osobnost\/4945\/marek-adamczyk-herec\/\" target=\"_blank\" rel=\"nofollow noopener\">Marek Adamczyk<\/a>: Do StarDance bych znovu ne\u0161el!<\/p>\n<p>    <a href=\"https:\/\/www.ahaonline.cz\/clanek\/zhave-drby\/237058\/serialova-sezona-startuje-nove-tvare-v-polabi.html\" rel=\"nofollow noopener\" target=\"_blank\"><\/p>\n<p>        <img decoding=\"async\" src=\"https:\/\/www.europesays.com\/cz\/wp-content\/uploads\/2026\/09\/9949779-crop.jpg\" alt=\"Seri\u00e1lov\u00e1 sezona startuje! Nov\u00e9 tv\u00e1\u0159e v Polab\u00ed\" title=\"Seri\u00e1lov\u00e1 sezona startuje! Nov\u00e9 tv\u00e1\u0159e v Polab\u00ed\" height=\"140\" width=\"220\" class=\"lazyload \" loading=\"lazy\" \/><\/p>\n<p>    <\/a><\/p>\n","protected":false},"excerpt":{"rendered":"Podle ohlas\u016f jde o pohodovku, u n\u00ed\u017e m\u016f\u017ee \u010dlov\u011bk po n\u00e1ro\u010dn\u00e9m dni kone\u010dn\u011b vypnout a pobavit se. Vedle&hellip;\n","protected":false},"author":2,"featured_media":201399,"comment_status":"","ping_status":"","sticky":false,"template":"","format":"standard","meta":{"footnotes":"","_share_on_mastodon":"0"},"categories":[14],"tags":[79,944,3113,875,809,80,163],"class_list":["post-201398","post","type-post","status-publish","format-standard","has-post-thumbnail","category-zabava","tag-entertainment","tag-ftv-prima","tag-polabi","tag-serial","tag-tv-nova","tag-zabava","tag-zhave-drby"],"share_on_mastodon":{"url":"https:\/\/pubeurope.com\/@cz\/117207069244579782","error":""},"_links":{"self":[{"href":"https:\/\/www.europesays.com\/cz\/wp-json\/wp\/v2\/posts\/201398","targetHints":{"allow":["GET"]}}],"collection":[{"href":"https:\/\/www.europesays.com\/cz\/wp-json\/wp\/v2\/posts"}],"about":[{"href":"https:\/\/www.europesays.com\/cz\/wp-json\/wp\/v2\/types\/post"}],"author":[{"embeddable":true,"href":"https:\/\/www.europesays.com\/cz\/wp-json\/wp\/v2\/users\/2"}],"replies":[{"embeddable":true,"href":"https:\/\/www.europesays.com\/cz\/wp-json\/wp\/v2\/comments?post=201398"}],"version-history":[{"count":0,"href":"https:\/\/www.europesays.com\/cz\/wp-json\/wp\/v2\/posts\/201398\/revisions"}],"wp:featuredmedia":[{"embeddable":true,"href":"https:\/\/www.europesays.com\/cz\/wp-json\/wp\/v2\/media\/201399"}],"wp:attachment":[{"href":"https:\/\/www.europesays.com\/cz\/wp-json\/wp\/v2\/media?parent=201398"}],"wp:term":[{"taxonomy":"category","embeddable":true,"href":"https:\/\/www.europesays.com\/cz\/wp-json\/wp\/v2\/categories?post=201398"},{"taxonomy":"post_tag","embeddable":true,"href":"https:\/\/www.europesays.com\/cz\/wp-json\/wp\/v2\/tags?post=201398"}],"curies":[{"name":"wp","href":"https:\/\/api.w.org\/{rel}","templated":true}]}}