{"id":201402,"date":"2026-09-03T12:20:37","date_gmt":"2026-09-03T12:20:37","guid":{"rendered":"https:\/\/www.europesays.com\/cz\/201402\/"},"modified":"2026-09-03T12:20:37","modified_gmt":"2026-09-03T12:20:37","slug":"rakousky-kancler-chce-zakaz-politickeho-islamu-zminuje-prekvapivy-pocet-muslimu-ve-skolach","status":"publish","type":"post","link":"https:\/\/www.europesays.com\/cz\/201402\/","title":{"rendered":"Rakousk\u00fd kancl\u00e9\u0159 chce z\u00e1kaz politick\u00e9ho isl\u00e1mu. Zmi\u0148uje p\u0159ekvapiv\u00fd po\u010det muslim\u016f ve \u0161kol\u00e1ch"},"content":{"rendered":"<p>\n                        Rakousko \u0159e\u0161\u00ed nar\u016fstaj\u00edc\u00ed obavy z islamismu, kter\u00e9 pos\u00edlila nov\u00e1 studie o postoj\u00edch mlad\u00fdch lid\u00ed. Ta uk\u00e1zala, \u017ee 41 procent muslimsk\u00fdch respondent\u016f pova\u017euje pravidla sv\u00e9ho n\u00e1bo\u017eenstv\u00ed za nad\u0159azen\u00e1 rakousk\u00fdm z\u00e1kon\u016fm, p\u0159i\u010dem\u017e ve v\u00edde\u0148sk\u00fdch \u0161kol\u00e1ch u\u017e podle kancl\u00e9\u0159e Christiana Stockera tvo\u0159\u00ed muslim\u0161t\u00ed \u017e\u00e1ci a \u017e\u00e1kyn\u011b relativn\u00ed v\u011bt\u0161inu. Stocker chce proto prosadit \u00fastavn\u00ed z\u00e1kaz politick\u00e9ho isl\u00e1mu.\n                    <\/p>\n<p>Rakousk\u00fd kancl\u00e9\u0159 a p\u0159edseda Lidov\u00e9 strany (\u00d6VP) Christian Stocker chce prosadit \u00fastavn\u00ed z\u00e1kaz politick\u00e9ho isl\u00e1mu. Kancl\u00e9\u0159 uvedl, \u017ee pokud je n\u00e1bo\u017eenstv\u00ed zneu\u017e\u00edv\u00e1no k politick\u00fdm \u00fa\u010del\u016fm, je t\u0159eba se proti n\u011bmu postavit \u201eve\u0161kerou nezbytnou silou\u201c. Zda by takov\u00fd z\u00e1kon m\u011bl b\u00fdt p\u0159ijat, je v sou\u010dasn\u00e9 dob\u011b p\u0159edm\u011btem rozs\u00e1hl\u00e9 debaty. P\u0159\u00edstupy se li\u0161\u00ed: N\u011bkte\u0159\u00ed kritizuj\u00ed samotn\u00fd term\u00edn, jin\u00ed tvrd\u00ed, \u017ee nen\u00ed spr\u00e1vn\u011b definov\u00e1n a \u017ee ve\u0161ker\u00e9 hrozby pro pr\u00e1vn\u00ed st\u00e1t jsou ji\u017e sou\u010dasn\u00fdmi z\u00e1kony o\u0161et\u0159eny, p\u00ed\u0161e <a target=\"_blank\" href=\"https:\/\/oe1.orf.at\/programm\/20260831\/842228\/Politischer-Islam-Derad-Missio-Oesterreich\" rel=\"nofollow noopener\">web ORF<\/a>.<\/p>\n<p>MOHLO BY V\u00c1S ZAJ\u00cdMAT: <a target=\"_blank\" href=\"https:\/\/cnn.iprima.cz\/vyprask-od-mohamedanu-aneb-jak-cesky-kral-pred-500-lety-vpustil-do-evropy-islam-520438\" rel=\"nofollow noopener\">V\u00fdprask od mohamed\u00e1n\u016f aneb Jak \u010desk\u00fd kr\u00e1l p\u0159ed 500 lety vpustil do Evropy isl\u00e1m<\/a><\/p>\n<p>V <a target=\"_blank\" href=\"https:\/\/orf.at\/stories\/3440788\/\" rel=\"nofollow noopener\">rozhovoru <\/a>pro ORF kancl\u00e9\u0159 uvedl, \u017ee \u201enechce \u017e\u00edt v isl\u00e1msk\u00e9m st\u00e1t\u011b\u201c a \u017ee prob\u00edh\u00e1 pl\u00ed\u017eiv\u00e1 infiltrace, kter\u00e9 je t\u0159eba \u010delit. \u201eVe \u0161kol\u00e1ch ve V\u00eddni m\u00e1me u\u017e nyn\u00ed relativn\u00ed v\u011bt\u0161inu muslimsk\u00fdch \u017ea\u010dek a \u017e\u00e1k\u016f. Rozhoduj\u00edc\u00ed ot\u00e1zka je p\u0159ece: Stanou se z t\u011bchto \u017ea\u010dek a \u017e\u00e1k\u016f demokrat\u00e9, kte\u0159\u00ed p\u0159ijmou a budou dodr\u017eovat n\u00e1\u0161 pr\u00e1vn\u00ed \u0159\u00e1d a budou \u017e\u00edt spole\u010dn\u011b s na\u0161\u00ed spole\u010dnost\u00ed? Nebo budou ovlivn\u011bni islamismem a politikou?\u201c uvedl <a target=\"_blank\" href=\"https:\/\/x.com\/_CStocker\/status\/2094513710580564166\" rel=\"nofollow\">na soci\u00e1ln\u00ed s\u00edti X <\/a>rakousk\u00fd kancl\u00e9\u0159 Christian Stocker s t\u00edm, \u017ee chce, aby se stali demokraty.<\/p>\n<p class=\"intro-title-mobile\">\n        \u010ct\u011bte tak\u00e9\n    <\/p>\n<p>        <a href=\"https:\/\/cnn.iprima.cz\/zidy-v-nemecku-neceka-dobra-budoucnost-mladi-muslimove-jsou-radikalnejsi-mini-kechlibar-520241\" class=\"image-link\" rel=\"nofollow noopener\" target=\"_blank\"><\/p>\n<p>            <img decoding=\"async\" loading=\"lazy\" class=\"image\" src=\"https:\/\/www.europesays.com\/cz\/wp-content\/uploads\/2026\/09\/5c90f064286e859bd86d936231181e8f.jpg\" alt=\"Mlad\u00e1 generace migrant\u016f je radik\u00e1ln\u011bj\u0161\u00ed, m\u00edn\u00ed kechlibar.\"\/><\/p>\n<p>            <\/a><\/p>\n<p class=\"intro-title-desktop\">\n            \u010ct\u011bte tak\u00e9\n        <\/p>\n<p>                <a href=\"https:\/\/cnn.iprima.cz\/zidy-v-nemecku-neceka-dobra-budoucnost-mladi-muslimove-jsou-radikalnejsi-mini-kechlibar-520241\" class=\"title-link\" rel=\"nofollow noopener\" target=\"_blank\"><\/p>\n<p class=\"title\">\n                \u017didy ne\u010dek\u00e1 v N\u011bmecku dobr\u00e1 budoucnost. Mlad\u00ed muslimov\u00e9 jsou radik\u00e1ln\u011bj\u0161\u00ed, varuje Kechlibar\n            <\/p>\n<p>        <\/a><\/p>\n<p>                                                                                                27. srp 2026, 08:24<\/p>\n<p>                6 min \u010dten\u00ed<\/p>\n<p>Dodejme, \u017ee podle \u00fadaj\u016f v\u00edde\u0148sk\u00e9ho \u0161kolsk\u00e9ho \u00fa\u0159adu za \u0161koln\u00ed rok 2025\/26 tvo\u0159\u00ed muslimov\u00e9 nyn\u00ed 38,3 procenta celkov\u00e9ho po\u010dtu \u017e\u00e1k\u016f, na z\u00e1kladn\u00edch \u0161kol\u00e1ch se jejich pod\u00edl zv\u00fd\u0161il na 42 procent a na st\u0159edn\u00edch \u0161kol\u00e1ch t\u00e9m\u011b\u0159 na polovinu, p\u00ed\u0161e web <a target=\"_blank\" href=\"https:\/\/europeanconservative.com\/articles\/news\/vienna-41-percent-muslim-youths-place-sharia-above-austrian-law\/\" rel=\"nofollow noopener\">europaconservative.com<\/a>. Nemaj\u00ed tak absolutn\u00ed v\u011bt\u0161inu, ale skute\u010dn\u011b tvo\u0159\u00ed relativn\u011b nejsiln\u011bj\u0161\u00ed n\u00e1bo\u017eenskou skupinu ve \u0161kol\u00e1ch.<\/p>\n<p>Kancl\u00e9\u0159 rovn\u011b\u017e uvedl, \u017ee si nep\u0159eje, aby budouc\u00ed generace Raku\u0161an\u016f \u017eily v isl\u00e1msk\u00e9m st\u00e1t\u011b. \u201eNechci, aby na\u0161e d\u011bti a vnou\u010data vyr\u016fstaly v isl\u00e1msk\u00e9m st\u00e1t\u011b. V Rakousku si ka\u017ed\u00fd m\u016f\u017ee v\u011b\u0159it, \u010demu chce a v co chce. Tato svoboda vyzn\u00e1n\u00ed je chr\u00e1n\u011bna na\u0161\u00ed \u00fastavou. Tam, kde se rozli\u0161uje mezi v\u011b\u0159\u00edc\u00edmi a nev\u011b\u0159\u00edc\u00edmi, kde mu\u017ei a \u017eeny nemaj\u00ed rovn\u00e1 pr\u00e1va, kde nejsou respektov\u00e1ny na\u0161e instituce, \u00fa\u0159ady a soudy, tato svoboda kon\u010d\u00ed. Stejn\u011b jako chr\u00e1n\u00edme svobodn\u00e9 vyzn\u00e1v\u00e1n\u00ed n\u00e1bo\u017eenstv\u00ed, mus\u00edme chr\u00e1nit i na\u0161i demokracii,\u201c uvedl Stocker v dal\u0161\u00edm p\u0159\u00edsp\u011bvku.<\/p>\n<p>Bojovat a zem\u0159\u00edt za v\u00edru<\/p>\n<p>V kv\u011btnu vyvolala nov\u00e1 <a target=\"_blank\" rel=\"nofollow noopener\" href=\"https:\/\/www.heute.at\/s\/islam-steht-bei-jungen-muslimen-ueber-unseren-gesetzen-120194171\">studie o n\u00e1bo\u017eensk\u00fdch postoj\u00edch <\/a>mlad\u00fdch lid\u00ed ve V\u00eddni bou\u0159livou politickou debatu pot\u00e9, co v\u011bdci zjistili, \u017ee zna\u010dn\u00e1 \u010d\u00e1st muslimsk\u00e9 ml\u00e1de\u017ee klade n\u00e1bo\u017eensk\u00e1 pravidla nad z\u00e1kony zem\u011b. Studie, kterou si zadalo m\u011bsto V\u00edde\u0148 a kter\u00e1 vych\u00e1zela z rozhovor\u016f s 1 200 lidmi ve v\u011bku 14 a\u017e 21 let, zjistila, \u017ee 41 procent muslimsk\u00fdch respondent\u016f souhlasilo s tvrzen\u00edm, \u017ee pravidla jejich n\u00e1bo\u017eenstv\u00ed jsou nad\u0159azena rakousk\u00fdm z\u00e1kon\u016fm. Mezi k\u0159es\u0165ansk\u00fdmi respondenty to bylo 21 procent. V\u00fdzkumn\u00edci tak\u00e9 zjistili, \u017ee 46 procent dot\u00e1zan\u00fdch muslimsk\u00fdch mlad\u00fdch lid\u00ed se domn\u00edv\u00e1, \u017ee lid\u00e9 by m\u011bli b\u00fdt p\u0159ipraveni \u201ebojovat a zem\u0159\u00edt\u201c za svou v\u00edru, ve srovn\u00e1n\u00ed s 24 procenty k\u0159es\u0165an\u016f, p\u00ed\u0161e web.<\/p>\n<p>Vedouc\u00ed studie Kenan G\u00fcng\u00f6r ozna\u010dil zji\u0161t\u011bn\u00ed za \u201evelmi znepokojiv\u00e1\u201c. \u0158ekl, \u017ee n\u00e1bo\u017eenstv\u00ed hraje mnohem v\u011bt\u0161\u00ed roli p\u0159i formov\u00e1n\u00ed identity muslimsk\u00e9 ml\u00e1de\u017ee ne\u017e u k\u0159es\u0165ansk\u00fdch skupin. Zpr\u00e1va rovn\u011b\u017e zd\u016fraznila rozd\u00edly v postoj\u00edch k demokracii a spole\u010densk\u00fdm hodnot\u00e1m. Zat\u00edmco 82 procent dot\u00e1zan\u00fdch Raku\u0161an\u016f pova\u017eovalo demokracii za nejlep\u0161\u00ed formu vl\u00e1dy, podpora byla v\u00fdrazn\u011b ni\u017e\u0161\u00ed mezi respondenty syrsk\u00e9ho, \u010de\u010densk\u00e9ho a afgh\u00e1nsk\u00e9ho p\u016fvodu.<\/p>\n<p class=\"intro-title-mobile\">\n        \u010ct\u011bte tak\u00e9\n    <\/p>\n<p>        <a href=\"https:\/\/cnn.iprima.cz\/desive-fotografie-mrtvych-pred-marnici-reporteri-cnn-popisuji-situaci-v-nepalu-po-povodni-520547\" class=\"image-link\" rel=\"nofollow noopener\" target=\"_blank\"><\/p>\n<p>            <img decoding=\"async\" loading=\"lazy\" class=\"image\" src=\"https:\/\/www.europesays.com\/cz\/wp-content\/uploads\/2026\/09\/c6afb5a38f352ae294e15f449d7f2729.jpg\" alt=\"N\u00e1sledky apokalyptick\u00e9 povodn\u011b v Nep\u00e1lu.\"\/><\/p>\n<p>            <\/a><\/p>\n<p class=\"intro-title-desktop\">\n            \u010ct\u011bte tak\u00e9\n        <\/p>\n<p>                <a href=\"https:\/\/cnn.iprima.cz\/desive-fotografie-mrtvych-pred-marnici-reporteri-cnn-popisuji-situaci-v-nepalu-po-povodni-520547\" class=\"title-link\" rel=\"nofollow noopener\" target=\"_blank\"><\/p>\n<p class=\"title\">\n                D\u011bsiv\u00e9 fotografie mrtv\u00fdch p\u0159ed m\u00e1rnic\u00ed. Report\u00e9\u0159i CNN popisuj\u00ed situaci v Nep\u00e1lu po povodni\n            <\/p>\n<p>        <\/a><\/p>\n<p>                                                                                                31. srp 2026, 08:54<\/p>\n<p>                6 min \u010dten\u00ed<\/p>\n<p>Zji\u0161t\u011bn\u00ed vyvolala ostr\u00e9 reakce rakousk\u00e9 pravicov\u00e9 opozi\u010dn\u00ed Strany svobody (FP\u00d6). Poslanec Evropsk\u00e9ho parlamentu Harald Vilimsky na <a target=\"_blank\" href=\"https:\/\/x.com\/vilimsky\/status\/2054113766199964132?ref_src=twsrc%5Etfw%7Ctwcamp%5Etweetembed%7Ctwterm%5E2054113766199964132%7Ctwgr%5E12bdcd5bde7ba9bbcaf2514ca6067a57d9487213%7Ctwcon%5Es1_&amp;ref_url=https%3A%2F%2Feuropeanconservative.com%2Farticles%2Fnews%2Fvienna-41-percent-muslim-youths-place-sharia-above-austrian-law%2F\" rel=\"nofollow\">s\u00edti X napsal<\/a>, \u017ee jeho strana \u201ep\u0159ed t\u00edmto varovala po cel\u00e1 desetilet\u00ed\u201c, a dodal, \u017ee \u201e\u0161ar\u00eda se nyn\u00ed v Evrop\u011b zako\u0159enila\u201c. P\u0159edseda v\u00edde\u0148sk\u00e9 strany FP\u00d6 Dominik Nepp <a target=\"_blank\" rel=\"nofollow noopener\" href=\"https:\/\/www.fpoe-wien.at\/newsdetailansicht\/nepp-islamismus-parallelgesellschaften-und-zuwanderung-ins-sozialsystem-bedrohen-unseren-rechtsstaat\">ozna\u010dil<\/a> v\u00fdsledky za \u201epopla\u0161n\u00fd sign\u00e1l pro cel\u00e9 Rakousko\u201c a situaci zd\u016fvodnil dlouhodob\u011b ne\u00fasp\u011b\u0161nou migra\u010dn\u00ed a integra\u010dn\u00ed politikou pod veden\u00edm soci\u00e1ln\u00edch demokrat\u016f.<\/p>\n<p>Jak uv\u00e1d\u00ed <a target=\"_blank\" href=\"https:\/\/www.derstandard.at\/story\/3000000337579\/verbot-des-politischen-islam-stockers-vorstoss-stoesst-bei-spoe-und-neos-auf-vorbehalte\" rel=\"nofollow noopener\">web Der Standard<\/a>, skute\u010dnost, \u017ee \u00d6VP po\u017eaduje z\u00e1kaz politick\u00e9ho isl\u00e1mu, nen\u00ed v \u017e\u00e1dn\u00e9m p\u0159\u00edpad\u011b nov\u00e1. Za Stockerov\u00fdch p\u0159edch\u016fdc\u016f, Sebastiana Kurze a Karla Nehammera, byla tato ot\u00e1zka sou\u010d\u00e1st\u00ed politick\u00e9ho reperto\u00e1ru strany a opakovan\u011b se objevovala ve volebn\u00edch kampan\u00edch. Novinkou je konkr\u00e9tn\u00ed n\u00e1vrh na zakotven\u00ed takov\u00e9ho z\u00e1kazu v \u00fastav\u011b.<\/p>\n<p>MOHLO V\u00c1M UNIKNOUT: <a target=\"_blank\" href=\"https:\/\/cnn.iprima.cz\/donald-trump-si-opet-hral-s-ai-ostrov-charg-je-rozmetan-na-prach-tvrdi-dukazy-ale-chybi-520557\" rel=\"nofollow noopener\">Rozmet\u00e1n na prach, napsal Trump o ostrov\u011b Charg. P\u0159ilo\u017eil video z AI, k \u00fatoku ale nedo\u0161lo<\/a><\/p>\n","protected":false},"excerpt":{"rendered":"Rakousko \u0159e\u0161\u00ed nar\u016fstaj\u00edc\u00ed obavy z islamismu, kter\u00e9 pos\u00edlila nov\u00e1 studie o postoj\u00edch mlad\u00fdch lid\u00ed. Ta uk\u00e1zala, \u017ee 41&hellip;\n","protected":false},"author":2,"featured_media":201403,"comment_status":"","ping_status":"","sticky":false,"template":"","format":"standard","meta":{"footnotes":"","_share_on_mastodon":"0"},"categories":[11],"tags":[46077,417,106,6559,9261,174,46078,256,649,54,22516,22365,5518,2285,964,53,52],"class_list":["post-201402","post","type-post","status-publish","format-standard","has-post-thumbnail","category-svet","tag-christian-stocker","tag-demokracie","tag-evropa","tag-islam","tag-nabozenstvi","tag-politika","tag-rakouska-lidova-strana","tag-rakousko","tag-spolecnost","tag-svet","tag-svobodna-strana-rakouska","tag-systemy-viry","tag-twitter","tag-viden","tag-vlada","tag-world","tag-world-news"],"share_on_mastodon":{"url":"https:\/\/pubeurope.com\/@cz\/117207081099747309","error":""},"_links":{"self":[{"href":"https:\/\/www.europesays.com\/cz\/wp-json\/wp\/v2\/posts\/201402","targetHints":{"allow":["GET"]}}],"collection":[{"href":"https:\/\/www.europesays.com\/cz\/wp-json\/wp\/v2\/posts"}],"about":[{"href":"https:\/\/www.europesays.com\/cz\/wp-json\/wp\/v2\/types\/post"}],"author":[{"embeddable":true,"href":"https:\/\/www.europesays.com\/cz\/wp-json\/wp\/v2\/users\/2"}],"replies":[{"embeddable":true,"href":"https:\/\/www.europesays.com\/cz\/wp-json\/wp\/v2\/comments?post=201402"}],"version-history":[{"count":0,"href":"https:\/\/www.europesays.com\/cz\/wp-json\/wp\/v2\/posts\/201402\/revisions"}],"wp:featuredmedia":[{"embeddable":true,"href":"https:\/\/www.europesays.com\/cz\/wp-json\/wp\/v2\/media\/201403"}],"wp:attachment":[{"href":"https:\/\/www.europesays.com\/cz\/wp-json\/wp\/v2\/media?parent=201402"}],"wp:term":[{"taxonomy":"category","embeddable":true,"href":"https:\/\/www.europesays.com\/cz\/wp-json\/wp\/v2\/categories?post=201402"},{"taxonomy":"post_tag","embeddable":true,"href":"https:\/\/www.europesays.com\/cz\/wp-json\/wp\/v2\/tags?post=201402"}],"curies":[{"name":"wp","href":"https:\/\/api.w.org\/{rel}","templated":true}]}}