{"id":201410,"date":"2026-09-03T12:25:15","date_gmt":"2026-09-03T12:25:15","guid":{"rendered":"https:\/\/www.europesays.com\/cz\/201410\/"},"modified":"2026-09-03T12:25:15","modified_gmt":"2026-09-03T12:25:15","slug":"az-ted-jde-do-tuheho-na-lehecku-s-pochroumanym-loktem-ceka-chvile-pravdy","status":"publish","type":"post","link":"https:\/\/www.europesays.com\/cz\/201410\/","title":{"rendered":"A\u017e te\u010f jde do tuh\u00e9ho. Na Lehe\u010dku s\u00a0pochrouman\u00fdm loktem \u010dek\u00e1 chv\u00edle pravdy"},"content":{"rendered":"<p class=\"b_bA\">P\u0159emo\u017eitele Tom\u00e1\u0161e Mach\u00e1\u010de Lehe\u010dka umravnil za hodinu a\u00a050\u00a0minut, p\u0159esto nebyl dvakr\u00e1t spokojen\u00fd. N\u00e1ladu mu kazil hlavn\u011b nara\u017een\u00fd loket, kter\u00fd si pochroumal p\u0159i p\u00e1du hned v\u00a0prvn\u00ed sad\u011b.<\/p>\n<p class=\"b_bA\">\u201ePo zbytek z\u00e1pasu m\u011b to nijak neovliv\u0148ovalo a\u00a0nev\u011bd\u011bl jsem o\u00a0tom. A\u017e te\u010f to za\u010d\u00edn\u00e1 trochu p\u0159ich\u00e1zet k\u00a0sob\u011b,\u201c \u0159ekl podle \u010cTK s\u00a0obavami osmn\u00e1ct\u00fd nasazen\u00fd.<\/p>\n<p class=\"b_bA\">Leto\u0161n\u00ed finalista tis\u00edcovky v\u00a0Miami m\u011bl tento rok v\u00a0pl\u00e1nu atakovat top 10, ale zat\u00edm je jeho maximem dvan\u00e1ct\u00e1 pozice ze z\u00e1v\u011bru kv\u011btna. \u201eP\u0159itom u\u017e hraje l\u00edp ne\u017e n\u011bkte\u0159\u00ed \u010dlenov\u00e9 elitn\u00ed des\u00edtky,\u201c rozeb\u00edral tenisov\u00fd expert Sport.cz Jan Kukal.<\/p>\n<p><a data-dot=\"atm-link\" target=\"_self\" href=\"https:\/\/www.sport.cz\/clanek\/tenis-us-open-nocni-mura-trapas-v-britanii-po-lekci-od-muchove-biji-na-poplach-5525978\" class=\"b_V g_ig\" rel=\"nofollow noopener\"><img fetchpriority=\"high\" height=\"2652\" width=\"3537\" src=\"https:\/\/www.europesays.com\/cz\/wp-content\/uploads\/2026\/09\/1788438312_572_60de.jpeg\" loading=\"eager\" decoding=\"sync\" class=\"b_B b_z\"\/><\/a><\/p>\n<p class=\"b_bA\">Lehe\u010dkovi ale ubl\u00ed\u017eil za\u010d\u00e1tek roku. V\u00a0jinak velmi obl\u00edben\u00e9 australsk\u00e9 \u010d\u00e1sti sezony si zranil nohu a\u00a0v Melbourne vypadl hned v\u00a0prvn\u00edm kole. Stejn\u011b neslavn\u011b dopadl i\u00a0na pa\u0159\u00ed\u017esk\u00e9 antuce. Viditeln\u011b v\u0161ak o\u017eil na tr\u00e1v\u011b. V\u00a0osmifin\u00e1le Wimbledonu jen t\u011bsn\u011b podlehl pozd\u011bj\u0161\u00edmu finalistovi Alexandru Zverevovi.<\/p>\n<p class=\"b_bA\">\u201eBeru to jako dal\u0161\u00ed skv\u011blou zku\u0161enost. V\u00a0dohr\u00e1vce se mi sice nepoda\u0159ilo z\u00e1pas oto\u010dit, ale mysl\u00edm si, \u017ee to m\u011blo skv\u011blou \u00farove\u0148. Za sv\u016fj v\u00fdkon se nemus\u00edm styd\u011bt,\u201c rozeb\u00edral v\u00a0Lond\u00fdn\u011b Lehe\u010dka.<\/p>\n<p class=\"b_bA\">Nyn\u00ed u\u017e je jen jednu v\u00fdhru od mo\u017enosti otestovat formu Ameri\u010dana Bena Sheltona, proti kter\u00e9mu by mohl nastoupit za dva t\u00fddny v\u00a0pra\u017esk\u00e9 O2\u00a0aren\u011b v\u00a0kvalifika\u010dn\u00edm z\u00e1pase Davis Cupu proti USA. Co\u017e by extr\u00e9mn\u011b zaj\u00edmalo i\u00a0kapit\u00e1na \u010desk\u00e9ho t\u00fdmu Tom\u00e1\u0161e Berdycha, kter\u00fd je ve Flushing Meadows na vizit\u011b. <\/p>\n<p class=\"b_bA\">Osmadvacetilet\u00fd \u0158ek Tsitsipas nen\u00ed stejn\u011b nebezpe\u010dn\u00fdm hr\u00e1\u010dem, jako b\u00fdval mezi lety 2020-23, kdy si zahr\u00e1l i\u00a0dv\u011b grandslamov\u00e1 fin\u00e1le. Aktu\u00e1ln\u011b figuruje a\u017e na 54.\u00a0m\u00edst\u011b. Ozv\u011bny n\u011bkdej\u0161\u00ed formy ale p\u0159edvedl hned na \u00favod proti Arturu Filsovi, \u010d\u00edm\u017e Lehe\u010dku jist\u011b pot\u011b\u0161il. S\u00a0Francouzem m\u00e1 \u010desk\u00fd tenista bilanci 2:4.<\/p>\n<p><a data-dot=\"atm-link\" target=\"_self\" href=\"https:\/\/www.sport.cz\/clanek\/tenis-us-open-nejvetsi-sok-sezony-tenista-ktery-uz-na-us-open-ani-nemel-byt-zostudil-obrovskeho-favorita-5525707\" class=\"b_V g_ig\" rel=\"nofollow noopener\"><img height=\"1216\" width=\"1622\" src=\"https:\/\/www.europesays.com\/cz\/wp-content\/uploads\/2026\/09\/1788438314_886_tenis.jpeg\" loading=\"eager\" decoding=\"sync\" class=\"b_B b_z\"\/><\/a><\/p>\n<p class=\"b_bA\">S Tsitsipasem sice prohr\u00e1l p\u0159i sv\u00e9m prvn\u00edm velk\u00e9m pr\u016flomu ve \u010dtvrtfin\u00e1le Australian Open 2023\u00a0ve t\u0159ech setech, ov\u0161em posledn\u00edmi dv\u011bma celkem snadn\u00fdmi v\u00fdhrami srovnal z\u00e1pasov\u00e9 sk\u00f3re na 2:2.<\/p>\n<p class=\"b_bA\">\u201eKdy\u017e (Tsitsipas) z\u00edsk\u00e1 sebev\u011bdom\u00ed, tak je extr\u00e9mn\u011b nebezpe\u010dn\u00fd. Nesm\u00edme zapom\u00ednat na to, \u017ee tenis po\u0159\u00e1d um\u00ed. Sice m\u011bl na sv\u00e9 pom\u011bry v\u011bt\u0161\u00ed krizi, ale prvn\u00edm z\u00e1pasem uk\u00e1zal, \u017ee hraje dob\u0159e a\u00a0\u017ee mu to tady sed\u00ed,\u201c \u0159ekl Lehe\u010dka, kter\u00fd obhajuje lo\u0148sk\u00e9 \u010dtvrtfin\u00e1le. \u0158eck\u00fd eleg\u00e1n v\u00a0New Yorku dosud nikdy neuhr\u00e1l v\u00edc ne\u017e 3.\u00a0kolo.<\/p>\n<p><a data-dot=\"atm-link\" target=\"_self\" href=\"https:\/\/www.sport.cz\/clanek\/tenis-us-open-senzace-na-us-open-odepisovany-tenista-predvedl-brutalni-obrat-otevira-se-sance-pro-ceskou-hvezdu-5523585\" class=\"b_V g_ig\" rel=\"nofollow noopener\"><img height=\"2730\" width=\"3641\" src=\"https:\/\/www.europesays.com\/cz\/wp-content\/uploads\/2026\/09\/1788438315_449_8c84.jpeg\" loading=\"eager\" decoding=\"sync\" class=\"b_B b_z\"\/><\/a><\/p>\n","protected":false},"excerpt":{"rendered":"P\u0159emo\u017eitele Tom\u00e1\u0161e Mach\u00e1\u010de Lehe\u010dka umravnil za hodinu a\u00a050\u00a0minut, p\u0159esto nebyl dvakr\u00e1t spokojen\u00fd. N\u00e1ladu mu kazil hlavn\u011b nara\u017een\u00fd loket,&hellip;\n","protected":false},"author":2,"featured_media":201411,"comment_status":"","ping_status":"","sticky":false,"template":"","format":"standard","meta":{"footnotes":"","_share_on_mastodon":"0"},"categories":[15],"tags":[46079,1914,94,93,17563,1912,18696],"class_list":["post-201410","post","type-post","status-publish","format-standard","has-post-thumbnail","category-sport","tag-davis-cup","tag-jiri-lehecka","tag-sport","tag-sports","tag-stefanos-tsitsipas","tag-tenis","tag-tomas-berdych"],"share_on_mastodon":{"url":"https:\/\/pubeurope.com\/@cz\/117207100831473705","error":""},"_links":{"self":[{"href":"https:\/\/www.europesays.com\/cz\/wp-json\/wp\/v2\/posts\/201410","targetHints":{"allow":["GET"]}}],"collection":[{"href":"https:\/\/www.europesays.com\/cz\/wp-json\/wp\/v2\/posts"}],"about":[{"href":"https:\/\/www.europesays.com\/cz\/wp-json\/wp\/v2\/types\/post"}],"author":[{"embeddable":true,"href":"https:\/\/www.europesays.com\/cz\/wp-json\/wp\/v2\/users\/2"}],"replies":[{"embeddable":true,"href":"https:\/\/www.europesays.com\/cz\/wp-json\/wp\/v2\/comments?post=201410"}],"version-history":[{"count":0,"href":"https:\/\/www.europesays.com\/cz\/wp-json\/wp\/v2\/posts\/201410\/revisions"}],"wp:featuredmedia":[{"embeddable":true,"href":"https:\/\/www.europesays.com\/cz\/wp-json\/wp\/v2\/media\/201411"}],"wp:attachment":[{"href":"https:\/\/www.europesays.com\/cz\/wp-json\/wp\/v2\/media?parent=201410"}],"wp:term":[{"taxonomy":"category","embeddable":true,"href":"https:\/\/www.europesays.com\/cz\/wp-json\/wp\/v2\/categories?post=201410"},{"taxonomy":"post_tag","embeddable":true,"href":"https:\/\/www.europesays.com\/cz\/wp-json\/wp\/v2\/tags?post=201410"}],"curies":[{"name":"wp","href":"https:\/\/api.w.org\/{rel}","templated":true}]}}