{"id":201416,"date":"2026-09-03T12:31:11","date_gmt":"2026-09-03T12:31:11","guid":{"rendered":"https:\/\/www.europesays.com\/cz\/201416\/"},"modified":"2026-09-03T12:31:11","modified_gmt":"2026-09-03T12:31:11","slug":"piratstvi-a-bezpravi-zadrzeni-ruske-lodi-u-spicberku-rozpalilo-zacharovovou-dobela","status":"publish","type":"post","link":"https:\/\/www.europesays.com\/cz\/201416\/","title":{"rendered":"Pir\u00e1tstv\u00ed a\u00a0bezpr\u00e1v\u00ed. Zadr\u017een\u00ed rusk\u00e9 lodi u\u00a0\u0160picberk\u016f rozp\u00e1lilo Zacharovovou dob\u011bla"},"content":{"rendered":"<p class=\"c_bB\">\u201ePir\u00e1tstv\u00ed a\u00a0bezpr\u00e1v\u00ed. Zat\u00edmco z\u00e1padn\u00ed zem\u011b to d\u0159\u00edve maskovaly historkami o\u00a0lidsk\u00fdch pr\u00e1vech a\u00a0demokracii, nyn\u00ed se to v\u016fbec neobt\u011b\u017euj\u00ed vysv\u011btlovat, jednodu\u0161e zabavuj\u00ed lod\u011b, kradou n\u00e1klad a\u00a0u\u017e ani nezat\u00fdkaj\u00ed, ale jednodu\u0161e un\u00e1\u0161ej\u00ed pos\u00e1dky,\u201c rozho\u0159\u010dila se podle <a data-dot=\"atm-link\" target=\"_blank\" rel=\"noopener nofollow\" href=\"https:\/\/tass.ru\/politika\/28074063\" class=\"c_I\">agentury TASS <\/a>Zacharovov\u00e1.<\/p>\n<p class=\"c_bB\">Ruskou lo\u010f Profesor Mol\u010danov zabavila norsk\u00e1 pob\u0159e\u017en\u00ed str\u00e1\u017e ve st\u0159edu u\u00a0arktick\u00e9ho souostrov\u00ed \u0160picberky. Jde o\u00a0sou\u010d\u00e1st od\u0161kodn\u00e9ho ve v\u00fd\u0161i 4,22\u00a0miliardy dolar\u016f (87,9\u00a0miliardy korun), kter\u00e9 podle soudu mus\u00ed Rusko uhradit ukrajinsk\u00e9 energetick\u00e9 firm\u011b Naftohaz. M\u00e1 j\u00ed tak nahradit hodnotu jej\u00edho majetku zabaven\u00e9ho p\u0159i anexi Krymu v\u00a0roce 2014.<\/p>\n<p class=\"c_bB\">\u0160\u00e9f rusk\u00e9ho ministerstva pro rozvoj rusk\u00e9ho D\u00e1ln\u00e9ho v\u00fdchodu Alexej \u010cekunov ozn\u00e1mil, \u017ee ru\u0161t\u00ed pr\u00e1vn\u00edci ji\u017e pracuj\u00ed na tom, aby pos\u00e1dku lodi \u201edostali do bezpe\u010d\u00ed\u201c. Zacharovov\u00e1 pak ujistila, \u017ee \u201eRusko sv\u00e9 ob\u010dany neopust\u00ed\u201c.<\/p>\n<p><a data-dot=\"atm-link\" target=\"_self\" href=\"https:\/\/www.novinky.cz\/clanek\/zahranicni-evropa-zacharovova-hrozi-pobalti-znicujici-odvetou-40595465\" class=\"c_I\" rel=\"nofollow noopener\"><img fetchpriority=\"high\" height=\"2304\" width=\"4096\" src=\"https:\/\/www.europesays.com\/cz\/wp-content\/uploads\/2026\/09\/1788438670_352_59e3.jpeg\" loading=\"eager\" decoding=\"sync\" class=\"c_t c_r\"\/><\/a><img height=\"2613\"   width=\"4096\" src=\"https:\/\/www.europesays.com\/cz\/wp-content\/uploads\/2026\/09\/Hy9Qj.jpeg\" loading=\"eager\" decoding=\"sync\" class=\"c_t c_r\"\/>Foto: Maxim Shemetov, Reuters<\/p>\n<p class=\"c_bB\">Mluv\u010d\u00ed rusk\u00e9ho ministerstva zahrani\u010d\u00ed Maria Zacharova<\/p>\n<p class=\"c_bB\">\u201eSv\u00e9 lidi nenech\u00e1me ve \u0161tychu,\u201c prohl\u00e1sila mluv\u010d\u00ed rusk\u00e9ho ministerstva zahrani\u010d\u00ed. \u201eChci \u0159\u00edct, \u017ee bez ohledu na to, zda jsou na\u0161i ob\u010dan\u00e9 novin\u00e1\u0159i, n\u00e1mo\u0159n\u00edci, turist\u00e9, podnikatel\u00e9, ve\u0159ejn\u011b zn\u00e1m\u00e9 osoby, b\u011b\u017en\u00ed ob\u010dan\u00e9, rodinn\u00ed p\u0159\u00edslu\u0161n\u00edci nebo krajan\u00e9, mysl\u00edm, \u017ee nepochybujete o\u00a0tom, \u017ee rusk\u00e1 diplomacie\u00a0\u2013 to je n\u00e1\u0161 \u00fakol, nejen na pap\u00ed\u0159e, ale jak n\u00e1s u\u010dil (rusk\u00fd ministr zahrani\u010d\u00ed) Sergej Viktorovi\u010d Lavrov\u00a0\u2013 v\u017edycky p\u0159ijde na pomoc a\u00a0h\u00e1j\u00ed na\u0161e pr\u00e1va, kdy\u017e se na\u0161i lid\u00e9 ocitnou v\u00a0obt\u00ed\u017en\u00e9 situaci,\u201c tvrdila.<\/p>\n<p>Lo\u010f sou\u010d\u00e1st\u00ed od\u0161kodn\u011bn\u00ed<\/p>\n<p class=\"c_bB\">Zaplatit Naftohazu od\u0161kodn\u00e9 za zabaven\u00fd majetek Rusku v\u00a0dubnu 2023\u00a0na\u0159\u00eddil soud v\u00a0Haagu. Moskva ale rozsudek ignoruje. Advok\u00e1ti ukrajinsk\u00e9 energetick\u00e9 spole\u010dnosti proto hledaj\u00ed alternativn\u00ed cesty, jak se k\u00a0od\u0161kodn\u00e9mu dostat, a\u00a0lo\u010f Profesor Mol\u010danov sledovali u\u017e n\u011bkolik m\u011bs\u00edc\u016f. Kdy\u017e se lo\u010f vydala do \u0161picbersk\u00e9 hornick\u00e9 osady Barentsburg, po\u017e\u00e1dali norsk\u00fd soud o\u00a0jej\u00ed zadr\u017een\u00ed a\u00a0povinn\u00fd prodej.<\/p>\n<p class=\"c_bB\">Norsk\u00fd soud \u017e\u00e1dost v\u00a0pond\u011bl\u00ed schv\u00e1lil. \u00da\u0159ad \u0161picbersk\u00e9ho guvern\u00e9ra zabaven\u00ed lodi ve st\u0159edu potvrdil a\u00a0ozn\u00e1mil, \u017ee plavidlo z\u016fstane na \u00fazem\u00ed norsk\u00e9ho souostrov\u00ed. Jak\u00fd bude dal\u0161\u00ed postup norsk\u00fdch \u00fa\u0159ad\u016f, nen\u00ed v\u00a0sou\u010dasnosti zn\u00e1mo.<\/p>\n<p class=\"c_bB\">Profesor Mol\u010danov je rusk\u00e1 v\u00fdzkumn\u00e1 a\u00a0expedi\u010dn\u00ed lo\u010f se zes\u00edlen\u00fdm trupem proti ledu, kter\u00e1 byla postavena v\u00a0roce 1982\u00a0ve Finsku. P\u016fvodn\u011b slou\u017eila k\u00a0sov\u011btsk\u00e9mu oce\u00e1nografick\u00e9mu a\u00a0pol\u00e1rn\u00edmu v\u00fdzkumu. Pozd\u011bji byla upravena pro komer\u010dn\u00ed expedi\u010dn\u00ed turistiku a\u00a0p\u0159epravu pasa\u017e\u00e9r\u016f do pol\u00e1rn\u00edch oblast\u00ed, zejm\u00e9na do Arktidy a\u00a0na \u0160picberky. P\u0159ed \u010dasem se objevily spekulace, \u017ee plavidlo o\u00a0d\u00e9lce 72\u00a0metr\u016f, kam se vejde 52\u00a0pasa\u017e\u00e9r\u016f a\u00a032\u00a0\u010dlen\u016f pos\u00e1dky, pln\u00ed v\u00a0arktick\u00e9m regionu tak\u00e9 \u0161pion\u00e1\u017en\u00ed \u00fakoly.<\/p>\n<p><a data-dot=\"atm-link\" target=\"_self\" href=\"https:\/\/www.novinky.cz\/clanek\/zahranicni-evropa-norove-v-arktickych-vodach-zabavili-ruskou-lod-40595776\" class=\"c_I\" rel=\"nofollow noopener\"><img height=\"607\" width=\"1080\" src=\"https:\/\/www.europesays.com\/cz\/wp-content\/uploads\/2026\/09\/1788438671_237_rusko-lod-profesor-molchov.jpeg\" loading=\"eager\" decoding=\"sync\" class=\"c_t c_r\"\/><\/a><\/p>\n","protected":false},"excerpt":{"rendered":"\u201ePir\u00e1tstv\u00ed a\u00a0bezpr\u00e1v\u00ed. Zat\u00edmco z\u00e1padn\u00ed zem\u011b to d\u0159\u00edve maskovaly historkami o\u00a0lidsk\u00fdch pr\u00e1vech a\u00a0demokracii, nyn\u00ed se to v\u016fbec neobt\u011b\u017euj\u00ed vysv\u011btlovat,&hellip;\n","protected":false},"author":2,"featured_media":201417,"comment_status":"","ping_status":"","sticky":false,"template":"","format":"standard","meta":{"footnotes":"","_share_on_mastodon":"0"},"categories":[10],"tags":[3468,17,21,2269,3261,38045,16,3065,9783,61,18,19,22,110,56,20],"class_list":["post-201416","post","type-post","status-publish","format-standard","has-post-thumbnail","category-zpravy","tag-anexe","tag-headlines","tag-hlavni-udalosti","tag-krym","tag-lode","tag-naftogaz","tag-news","tag-norsko","tag-odskodne","tag-rusko","tag-top-news","tag-top-stories","tag-udalosti-dne","tag-ukrajina","tag-valka-rusko-ukrajina","tag-zpravy"],"share_on_mastodon":{"url":"https:\/\/pubeurope.com\/@cz\/117207124586776189","error":""},"_links":{"self":[{"href":"https:\/\/www.europesays.com\/cz\/wp-json\/wp\/v2\/posts\/201416","targetHints":{"allow":["GET"]}}],"collection":[{"href":"https:\/\/www.europesays.com\/cz\/wp-json\/wp\/v2\/posts"}],"about":[{"href":"https:\/\/www.europesays.com\/cz\/wp-json\/wp\/v2\/types\/post"}],"author":[{"embeddable":true,"href":"https:\/\/www.europesays.com\/cz\/wp-json\/wp\/v2\/users\/2"}],"replies":[{"embeddable":true,"href":"https:\/\/www.europesays.com\/cz\/wp-json\/wp\/v2\/comments?post=201416"}],"version-history":[{"count":0,"href":"https:\/\/www.europesays.com\/cz\/wp-json\/wp\/v2\/posts\/201416\/revisions"}],"wp:featuredmedia":[{"embeddable":true,"href":"https:\/\/www.europesays.com\/cz\/wp-json\/wp\/v2\/media\/201417"}],"wp:attachment":[{"href":"https:\/\/www.europesays.com\/cz\/wp-json\/wp\/v2\/media?parent=201416"}],"wp:term":[{"taxonomy":"category","embeddable":true,"href":"https:\/\/www.europesays.com\/cz\/wp-json\/wp\/v2\/categories?post=201416"},{"taxonomy":"post_tag","embeddable":true,"href":"https:\/\/www.europesays.com\/cz\/wp-json\/wp\/v2\/tags?post=201416"}],"curies":[{"name":"wp","href":"https:\/\/api.w.org\/{rel}","templated":true}]}}