{"id":201422,"date":"2026-09-03T12:35:10","date_gmt":"2026-09-03T12:35:10","guid":{"rendered":"https:\/\/www.europesays.com\/cz\/201422\/"},"modified":"2026-09-03T12:35:10","modified_gmt":"2026-09-03T12:35:10","slug":"stopka-u-adamczykovych-nadeje-na-druhe-dite-v-troskach","status":"publish","type":"post","link":"https:\/\/www.europesays.com\/cz\/201422\/","title":{"rendered":"Stopka u Adamczykov\u00fdch: Nad\u011bje na druh\u00e9 d\u00edt\u011b v trosk\u00e1ch"},"content":{"rendered":"<p>A\u010dkoli je je\u0161t\u011b v\u00a0batolec\u00edm v\u011bku, podle slavn\u00e9ho tat\u00ednka za\u010d\u00edn\u00e1 b\u00fdt mal\u00fd Kry\u0161tof \u010d\u00edm d\u00e1l samostatn\u011bj\u0161\u00ed a um\u00ed si \u0159\u00edct, co pr\u00e1v\u011b pot\u0159ebuje. \u201eM\u00e1 touhu objevovat a je mo\u017en\u00e9 se s n\u00edm i domluvit. Je ukecan\u00fd, \u0159ekne toho opravdu dost, co\u017e v\u011bci usnad\u0148uje. D\u00edky tomu v\u00edme, \u017ee chce j\u00edst, p\u00edt, do ko\u010d\u00e1ru nebo naopak, \u017ee do n\u011bj nechce. U\u017e si toho dok\u00e1\u017ee dost nadiktovat,\u201c sv\u011b\u0159il se <a class=\"celebrity celebwiki\" href=\"https:\/\/celebwiki.blesk.cz\/osobnost\/4945\/marek-adamczyk-herec\/\" target=\"_blank\" rel=\"nofollow noopener\">Adamczyk<\/a> serveru iDnes.cz.<\/p>\n<p style=\"text-align: center;\">Marek Adamczyk: Do StarDance bych znovu ne\u0161el!<\/p>\n<p>    <a href=\"https:\/\/www.ahaonline.cz\/clanek\/zhave-drby\/237132\/velke-obavy-a-strach-adamczyk-priznal-zasadni-zmenu.html\" rel=\"nofollow noopener\" target=\"_blank\"><\/p>\n<p>        <img decoding=\"async\" src=\"https:\/\/www.europesays.com\/cz\/wp-content\/uploads\/2026\/09\/9952551-crop.jpg\" alt=\"Velk\u00e9 obavy a strach! Adamczyk p\u0159iznal z\u00e1sadn\u00ed zm\u011bnu\" title=\"Velk\u00e9 obavy a strach! Adamczyk p\u0159iznal z\u00e1sadn\u00ed zm\u011bnu\" height=\"140\" width=\"220\" class=\"lazyload \" loading=\"lazy\" \/><\/p>\n<p>    <\/a><\/p>\n<p>Pr\u00e1v\u011b v\u00fdchova syna je pro n\u011bj te\u010f jedn\u00edm z nejv\u011bt\u0161\u00edch rodi\u010dovsk\u00fdch t\u00e9mat. Nechce ho zbyte\u010dn\u011b omezovat, z\u00e1rove\u0148 ale mus\u00ed hl\u00eddat, aby jeho objevov\u00e1n\u00ed sv\u011bta nebylo nebezpe\u010dn\u00e9. \u201eInstinktivn\u011b se sna\u017e\u00edm odhadnout jeho i svoje hranice,\u201c vysv\u011btlil herec. Adamczykovi je bl\u00edzk\u00e1 respektuj\u00edc\u00ed v\u00fdchova, kter\u00e1 d\u00edt\u011b p\u0159\u00edli\u0161 nesvazuje, stejn\u011b tak ale jasn\u011b vyty\u010duje rodi\u010dovskou roli.<\/p>\n<p style=\"text-align: center;\">Eva Adamczykov\u00e1 nejen o sezn\u00e1men\u00ed s man\u017eelem<\/p>\n<p>Herec je nyn\u00ed sp\u00ed\u0161e na voln\u00e9 noze a po v\u011bt\u0161\u00edch rol\u00edch moment\u00e1ln\u011b neprahne. Rodina m\u00e1 zkr\u00e1tka p\u0159ednost. \u201eMinim\u00e1ln\u011b rok se nic velk\u00e9ho d\u00edt nebude,\u201c \u0159\u00edk\u00e1. V sou\u010dasnosti se ve vedlej\u0161\u00ed roli objevuje v\u00a0nov\u00e9m seri\u00e1lu TV Nova Bo\u017e\u00ed pl\u00e1ny. Mezi jeho osobn\u00ed pl\u00e1ny nyn\u00ed pat\u0159\u00ed hlavn\u011b \u010das s nejbli\u017e\u0161\u00edmi. Roz\u0161i\u0159ovat rodinu v\u0161ak zat\u00edm nepl\u00e1nuje. \u201eTe\u010f uva\u017eujeme jin\u00fdm sm\u011brem,\u201c dodal Marek Adamczyk.<\/p>\n<p>    <a href=\"https:\/\/www.ahaonline.cz\/clanek\/zhave-drby\/235950\/adamzcyk-o-pricine-nevery-nechci-hlidat-ani-ja-ji.html\" rel=\"nofollow noopener\" target=\"_blank\"><\/p>\n<p>        <img decoding=\"async\" src=\"https:\/\/www.europesays.com\/cz\/wp-content\/uploads\/2026\/09\/9631253.jpg\" alt=\"Adamzcyk o p\u0159\u00ed\u010din\u011b nev\u011bry: Nechci hl\u00eddat ani j\u00e1 ji\" title=\"Adamzcyk o p\u0159\u00ed\u010din\u011b nev\u011bry: Nechci hl\u00eddat ani j\u00e1 ji\" height=\"140\" width=\"220\" class=\"lazyload \" loading=\"lazy\" \/><\/p>\n<p>    <\/a><\/p>\n","protected":false},"excerpt":{"rendered":"A\u010dkoli je je\u0161t\u011b v\u00a0batolec\u00edm v\u011bku, podle slavn\u00e9ho tat\u00ednka za\u010d\u00edn\u00e1 b\u00fdt mal\u00fd Kry\u0161tof \u010d\u00edm d\u00e1l samostatn\u011bj\u0161\u00ed a um\u00ed si&hellip;\n","protected":false},"author":2,"featured_media":201423,"comment_status":"","ping_status":"","sticky":false,"template":"","format":"standard","meta":{"footnotes":"","_share_on_mastodon":"0"},"categories":[14],"tags":[444,79,1359,3621,5355,651,80,163],"class_list":["post-201422","post","type-post","status-publish","format-standard","has-post-thumbnail","category-zabava","tag-deti","tag-entertainment","tag-eva-adamczykova","tag-kariera","tag-marek-adamczyk","tag-rodina","tag-zabava","tag-zhave-drby"],"share_on_mastodon":{"url":"https:\/\/pubeurope.com\/@cz\/117207140027493506","error":""},"_links":{"self":[{"href":"https:\/\/www.europesays.com\/cz\/wp-json\/wp\/v2\/posts\/201422","targetHints":{"allow":["GET"]}}],"collection":[{"href":"https:\/\/www.europesays.com\/cz\/wp-json\/wp\/v2\/posts"}],"about":[{"href":"https:\/\/www.europesays.com\/cz\/wp-json\/wp\/v2\/types\/post"}],"author":[{"embeddable":true,"href":"https:\/\/www.europesays.com\/cz\/wp-json\/wp\/v2\/users\/2"}],"replies":[{"embeddable":true,"href":"https:\/\/www.europesays.com\/cz\/wp-json\/wp\/v2\/comments?post=201422"}],"version-history":[{"count":0,"href":"https:\/\/www.europesays.com\/cz\/wp-json\/wp\/v2\/posts\/201422\/revisions"}],"wp:featuredmedia":[{"embeddable":true,"href":"https:\/\/www.europesays.com\/cz\/wp-json\/wp\/v2\/media\/201423"}],"wp:attachment":[{"href":"https:\/\/www.europesays.com\/cz\/wp-json\/wp\/v2\/media?parent=201422"}],"wp:term":[{"taxonomy":"category","embeddable":true,"href":"https:\/\/www.europesays.com\/cz\/wp-json\/wp\/v2\/categories?post=201422"},{"taxonomy":"post_tag","embeddable":true,"href":"https:\/\/www.europesays.com\/cz\/wp-json\/wp\/v2\/tags?post=201422"}],"curies":[{"name":"wp","href":"https:\/\/api.w.org\/{rel}","templated":true}]}}