{"id":201424,"date":"2026-09-03T12:39:11","date_gmt":"2026-09-03T12:39:11","guid":{"rendered":"https:\/\/www.europesays.com\/cz\/201424\/"},"modified":"2026-09-03T12:39:11","modified_gmt":"2026-09-03T12:39:11","slug":"velka-prepravkova-loupez-dvojice-ukradla-stovky-pivnich-lahvi-pomahal-i-bezdomovec-idnes-cz","status":"publish","type":"post","link":"https:\/\/www.europesays.com\/cz\/201424\/","title":{"rendered":"Velk\u00e1 p\u0159epravkov\u00e1 loupe\u017e. Dvojice ukradla stovky pivn\u00edch lahv\u00ed, pom\u00e1hal i bezdomovec &#8211; iDNES.cz"},"content":{"rendered":"<p><a href=\"https:\/\/news.google.com\/rss\/articles\/CBMiuAFBVV95cUxPbzI3djY2VGF5MDBjMGYzSmx6NWpwOHp3ZG1jTmRpbnVjdTJYMFI2X0hPd3Nab1FCVlFOcW56dW1BdEg3WmV0Y2FRRS1GV0VLUzFNekx3MGIxZzhTd1IwUE9fc0xnNUhOT2hFZlI0elVId0Q5YW50eVRrYVVsN0V6LWtWT25NUkNxOVAtNVVkWTMyekJtR21tTXd4VjZzZFdJOGowa2I0djJIR2FtOUtNLTRUOVF5Nm1k?oc=5\" target=\"_blank\" rel=\"nofollow noopener\">Velk\u00e1 p\u0159epravkov\u00e1 loupe\u017e. Dvojice ukradla stovky pivn\u00edch lahv\u00ed, pom\u00e1hal i bezdomovec<\/a>&nbsp;&nbsp;iDNES.cz<a href=\"https:\/\/news.google.com\/rss\/articles\/CBMioAFBVV95cUxOZXhMX0dvUDNjb0pfdkVTbFV1Y04zd292aWZlbVEtcC1QZmFzb1JxVmhDV21hOS1mdi10ay1leEdmRHRzbHF6MnU2VndQdlcydkFrQ3ZGam16bEdyYVc4TlF6YlhUNFBhMkV2XzlYS3FHNWZHM2l1U1dLNVNpVXdkX0VZMDZjTU1mWUpUV25NaVQ2VF9qMGtrS3cwM1R3a3lt?oc=5\" target=\"_blank\" rel=\"nofollow noopener\">Dvojice ukradla stovky pivn\u00edch lahv\u00ed. Na jejich vracen\u00ed p\u0159ibrala bezdomovce<\/a>&nbsp;&nbsp;impuls.cz<a href=\"https:\/\/news.google.com\/rss\/articles\/CBMi3AFBVV95cUxNZDBteTNVeU5qODdYbktFeUFqT1hUb05VUzFYUTl3RS1nSHRJYU1lQ1BTUlpJSk1nQjFiZWxqWHVrVHd2ZkU0c25ZS2lyd0d2M1ZQQ2VaUV9sSkV4dVZYQWVZbVNKNTVfM0ZkSDJQMFlRWnVqeUREZXNIcFN3cU56a3JYTV9BbXJBT2ZWS2IxTlRQTjFsUzB3MVlwTHNGMkZicEdxVmlXRFBXWU03aC1KMEQ3aUk3UmlPZzZMdy02LVR3Q0pyNEQyOWJTS3ByWkZ3clQwVFpxcUF4U1RN?oc=5\" target=\"_blank\" rel=\"nofollow noopener\">Z hypermarketu v Olomouci ukradli p\u0159epravky s t\u00e9m\u011b\u0159 tis\u00edcovkou lahv\u00ed, pak se je sna\u017eili vr\u00e1tit jinde<\/a>&nbsp;&nbsp;Novinky<a href=\"https:\/\/news.google.com\/rss\/articles\/CBMib0FVX3lxTE9pRUU0ZnhCd2NEb011SzVSUU1jbXByUEE3bE5YZ1YzenVXUWlnbU94b21GNmVwTTljcE1GX19sTHdBRFJzQmN6VFBqdFlJYnJHSnluRzJFOHRuWXNyekg2UjFoLVJVMWJvU1oyNUFoNA?oc=5\" target=\"_blank\" rel=\"nofollow noopener\">Velk\u00e1 p\u0159epravkov\u00e1 loupe\u017e<\/a>&nbsp;&nbsp;Policie \u010cesk\u00e9 republiky<\/p>\n","protected":false},"excerpt":{"rendered":"Velk\u00e1 p\u0159epravkov\u00e1 loupe\u017e. Dvojice ukradla stovky pivn\u00edch lahv\u00ed, pom\u00e1hal i bezdomovec&nbsp;&nbsp;iDNES.czDvojice ukradla stovky pivn\u00edch lahv\u00ed. Na jejich vracen\u00ed&hellip;\n","protected":false},"author":2,"featured_media":201425,"comment_status":"","ping_status":"","sticky":false,"template":"","format":"standard","meta":{"footnotes":"","_share_on_mastodon":"0"},"categories":[7],"tags":[43,42,41,40,4830,395],"class_list":["post-201424","post","type-post","status-publish","format-standard","has-post-thumbnail","category-cesko","tag-ceska-republika","tag-cesko","tag-czech-republic","tag-czechia","tag-kradez","tag-olomoucky-kraj"],"share_on_mastodon":{"url":"https:\/\/pubeurope.com\/@cz\/117207155792181804","error":""},"_links":{"self":[{"href":"https:\/\/www.europesays.com\/cz\/wp-json\/wp\/v2\/posts\/201424","targetHints":{"allow":["GET"]}}],"collection":[{"href":"https:\/\/www.europesays.com\/cz\/wp-json\/wp\/v2\/posts"}],"about":[{"href":"https:\/\/www.europesays.com\/cz\/wp-json\/wp\/v2\/types\/post"}],"author":[{"embeddable":true,"href":"https:\/\/www.europesays.com\/cz\/wp-json\/wp\/v2\/users\/2"}],"replies":[{"embeddable":true,"href":"https:\/\/www.europesays.com\/cz\/wp-json\/wp\/v2\/comments?post=201424"}],"version-history":[{"count":0,"href":"https:\/\/www.europesays.com\/cz\/wp-json\/wp\/v2\/posts\/201424\/revisions"}],"wp:featuredmedia":[{"embeddable":true,"href":"https:\/\/www.europesays.com\/cz\/wp-json\/wp\/v2\/media\/201425"}],"wp:attachment":[{"href":"https:\/\/www.europesays.com\/cz\/wp-json\/wp\/v2\/media?parent=201424"}],"wp:term":[{"taxonomy":"category","embeddable":true,"href":"https:\/\/www.europesays.com\/cz\/wp-json\/wp\/v2\/categories?post=201424"},{"taxonomy":"post_tag","embeddable":true,"href":"https:\/\/www.europesays.com\/cz\/wp-json\/wp\/v2\/tags?post=201424"}],"curies":[{"name":"wp","href":"https:\/\/api.w.org\/{rel}","templated":true}]}}