{"id":201444,"date":"2026-09-03T12:53:20","date_gmt":"2026-09-03T12:53:20","guid":{"rendered":"https:\/\/www.europesays.com\/cz\/201444\/"},"modified":"2026-09-03T12:53:20","modified_gmt":"2026-09-03T12:53:20","slug":"kanada-me-desi-a-tak-jsme-vyrazili-tocit-do-italie-rika-ridley-scott-o-novem-filmu","status":"publish","type":"post","link":"https:\/\/www.europesays.com\/cz\/201444\/","title":{"rendered":"Kanada m\u011b d\u011bs\u00ed, a\u00a0tak jsme vyrazili to\u010dit do It\u00e1lie, \u0159\u00edk\u00e1 Ridley Scott o\u00a0nov\u00e9m filmu"},"content":{"rendered":"<p class=\"c_bB\">Scott si vybral It\u00e1lii pot\u00e9, co zanev\u0159el na nat\u00e1\u010den\u00ed v\u00a0kanadsk\u00e9 provincii Alberta. Tam\u011bj\u0161\u00ed divo\u010dina, kde snadno naraz\u00edte na vlky nebo medv\u011bda, jej pr\u00fd vyd\u011bsila. \u201eV Calgary vystoup\u00edte z\u00a0auta, abyste vykonali pot\u0159ebu, popojdete si kousek do lesa, za chv\u00edli nev\u00edte, kde jste, a\u00a0um\u0159ete,\u201c \u0159ekl v\u00a0lehk\u00e9 nads\u00e1zce b\u011bhem virtu\u00e1ln\u00ed tiskov\u00e9 konference, na kterou m\u011bly Novinky p\u0159\u00edstup jako jedin\u00e9 \u010desk\u00e9 m\u00e9dium.<\/p>\n<p class=\"c_bB\">Nat\u00e1\u010den\u00ed v\u00a0ji\u017en\u00ed Evrop\u011b si herci pochvalovali, a\u00a0to nejen kv\u016fli tamn\u00ed pov\u011bstn\u00e9 gastronomii. Podmaniv\u00e1 horsk\u00e1 krajina za n\u011b pr\u00fd ud\u011blala polovinu pr\u00e1ce.<\/p>\n<p class=\"c_bB\">P\u0159\u00edb\u011bh se p\u0159itom odehr\u00e1v\u00e1 v\u00a0americk\u00e9m Coloradu, kde pob\u00fdv\u00e1 pilot Hig (Jacob Elordi) p\u00e1r let pot\u00e9, co Zemi zpusto\u0161ila ch\u0159ipkov\u00e1 pandemie a\u00a0on p\u0159i\u0161el o\u00a0man\u017eelku i\u00a0d\u00edt\u011b. V\u00a0are\u00e1lu lidupr\u00e1zdn\u00e9ho leti\u0161t\u011b mu d\u011bl\u00e1 spole\u010dnost pes Jasper a\u00a0taky kamar\u00e1d, n\u011bkdej\u0161\u00ed mari\u0148\u00e1k Bangley (Josh Brolin).<\/p>\n<p><a data-dot=\"atm-link\" target=\"_self\" href=\"https:\/\/www.novinky.cz\/clanek\/kultura-filmy-serialy-recenze-ridley-scott-nabizi-optimisticky-ladenou-dystopii-risk-mu-vychazi-40593193\" class=\"c_I\" rel=\"nofollow noopener\"><img height=\"2304\" width=\"4096\" src=\"https:\/\/www.europesays.com\/cz\/wp-content\/uploads\/2026\/09\/jacob-elordi-josh-brolin-vzhlizet-ke-hvezdam.jpeg\" loading=\"lazy\" decoding=\"async\" class=\"c_t c_r c_l\"\/><\/a><\/p>\n<p class=\"c_bB\">Kdy\u017e Hig zachyt\u00ed sign\u00e1l z\u00a0jin\u00e9ho leti\u0161t\u011b, vlije mu krev do \u017eil p\u0159edstava, \u017ee by tam na\u0161el p\u0159\u00edzniv\u011bj\u0161\u00ed prost\u0159ed\u00ed. Navzdory Bangleyho skepsi se vyd\u00e1 na cestu se svou cessnou. S\u00a0tou ale z\u00e1hy havaruje a\u00a0naraz\u00ed na dal\u0161\u00ed p\u0159e\u017eiv\u0161\u00ed, Cimu (Margaret Qualleyov\u00e1) a\u00a0jej\u00edho t\u00e1tu Popse (Guy Pearce). S\u00a0jejich pomoc\u00ed stroj oprav\u00ed a\u00a0spole\u010dn\u011b se vyd\u00e1vaj\u00ed p\u00e1trat po komunit\u011b, s\u00a0n\u00ed\u017e se spojil.<\/p>\n<p>P\u0159edpov\u011b\u010f covidu<\/p>\n<p class=\"c_bB\">\u201eDostal se mi do rukou skv\u011bl\u00fd sc\u00e9n\u00e1\u0159 Marka Smithe. N\u011bkter\u00e9 sc\u00e9ny jsem p\u0159esto musel pozm\u011bnit, p\u0159edev\u0161\u00edm ty v\u00a0z\u00e1v\u011bru,\u201c nechal se sly\u0161et Scott.<\/p>\n<p class=\"c_bB\">Ani\u017e bychom v\u00edce prozrazovali, stoj\u00ed za zm\u00ednku, \u017ee vymyslel postavu b\u00fdval\u00e9 letu\u0161ky a\u00a0nyn\u011bj\u0161\u00ed v\u016fdkyn\u011b sekty Darlene. Ztv\u00e1rnila ji Allison Janneyov\u00e1, kterou si re\u017eis\u00e9r vyhl\u00e9dl v\u00a0biografick\u00e9m sn\u00edmku J\u00e1, Tonya.<\/p>\n<p><img height=\"2731\"   width=\"4096\" src=\"https:\/\/www.europesays.com\/cz\/wp-content\/uploads\/2026\/09\/jacob-elordi-vzhlizet-ke-hvezdam.jpeg\" loading=\"lazy\" decoding=\"async\" class=\"c_t c_r c_l\"\/>Foto: Falcon<\/p>\n<p class=\"c_bB\">A\u010dkoli p\u0159edloha jeho \u010derstv\u00e9ho po\u010dinu Vzhl\u00ed\u017eet ke hv\u011bzd\u00e1m vy\u0161la u\u017e osm let p\u0159ed vypuknut\u00edm covidov\u00e9 pandemie, v\u00a0jist\u00e9m smyslu ji spisovatel p\u0159edpov\u011bd\u011bl. Tak\u00e9 na velk\u00e9m pl\u00e1tn\u011b lze vypozorovat ur\u010dit\u00e9 paralely s\u00a0koronavirovou zku\u0161enost\u00ed, nicm\u00e9n\u011b leitmotivem je podle Scotta prost\u00e1 snaha p\u0159e\u017e\u00edt v\u00a0glob\u00e1ln\u00edm chaosu.<\/p>\n<p class=\"c_bB\">\u201eDvakr\u00e1t denn\u011b sleduji zpravodajstv\u00ed a\u00a0vid\u00edm, \u017ee spousta toho, co ukazuji ve filmu, je u\u017e realita. Lid\u00e9 v\u0161ak p\u0159ed t\u00edm rad\u011bji zav\u00edraj\u00ed o\u010di, ne\u017e aby se stresovali kv\u016fli klimatick\u00e9 krizi nebo v\u00e1lk\u00e1m v\u00a0r\u016fzn\u00fdch \u010d\u00e1stech sv\u011bta,\u201c smutn\u011b podotkl.<\/p>\n<p class=\"c_bB\">P\u0159esto\u017ee filma\u0159 v\u00a0listopadu oslav\u00ed osmdes\u00e1t\u00e9 dev\u00e1t\u00e9 narozeniny, tv\u016fr\u010d\u00ed z\u00e1pal v\u00a0n\u011bm slovy koleg\u016f neutuch\u00e1. \u201eNorm\u00e1ln\u00ed lid\u00e9 st\u00e1rnou, Ridley ne. M\u00e1 ob\u0159\u00ed sebev\u011bdom\u00ed, ani\u017e by si honil ego. Herce dok\u00e1\u017ee v\u00a0dobr\u00e9m smyslu manipulovat. Inspiruje v\u00e1s a\u00a0z\u00e1rove\u0148 dostane p\u0159esn\u011b to, co chce,\u201c uvedl Brolin.<\/p>\n<p class=\"c_bB\">Scott podle n\u011bj na place z\u00e1m\u011brn\u011b navozoval nebezpe\u010dnou a\u00a0t\u011b\u017eko zachytitelnou atmosf\u00e9ru bez jasn\u00e9ho zad\u00e1n\u00ed. Obsazen\u00e9 herce t\u00edmto zp\u016fsobem p\u0159im\u011bl experimentovat a\u00a0v\u00edce se na sebe vz\u00e1jemn\u011b spol\u00e9hat. \u201eNic podobn\u00e9ho jsem je\u0161t\u011b neza\u017eil,\u201c p\u0159isv\u011bd\u010dil Elordi.<\/p>\n<p><a data-dot=\"atm-link\" target=\"_self\" href=\"https:\/\/www.novinky.cz\/clanek\/kultura-filmy-serialy-recenze-nedosazitelna-laska-je-citlive-drama-i-obraz-doby-40594677\" class=\"c_I\" rel=\"nofollow noopener\"><img height=\"857\" width=\"1525\" src=\"https:\/\/www.europesays.com\/cz\/wp-content\/uploads\/2026\/09\/film.jpeg\" loading=\"lazy\" decoding=\"async\" class=\"c_t c_r c_l\"\/><\/a><\/p>\n","protected":false},"excerpt":{"rendered":"Scott si vybral It\u00e1lii pot\u00e9, co zanev\u0159el na nat\u00e1\u010den\u00ed v\u00a0kanadsk\u00e9 provincii Alberta. Tam\u011bj\u0161\u00ed divo\u010dina, kde snadno naraz\u00edte na&hellip;\n","protected":false},"author":2,"featured_media":201445,"comment_status":"","ping_status":"","sticky":false,"template":"","format":"standard","meta":{"footnotes":"","_share_on_mastodon":"0"},"categories":[14],"tags":[3415,3002,29708,79,124,607,753,22022,27,679,162,10687,22020,1819,3108,80],"class_list":["post-201444","post","type-post","status-publish","format-standard","has-post-thumbnail","category-zabava","tag-apokalypsa","tag-chripka","tag-dolomity","tag-entertainment","tag-hollywood","tag-italie","tag-jacob-elordi","tag-josh-brolin","tag-kanada","tag-krize","tag-nataceni","tag-pandemie","tag-ridley-scott","tag-rozhovory","tag-sci-fi","tag-zabava"],"share_on_mastodon":{"url":"https:\/\/pubeurope.com\/@cz\/117207210858015018","error":""},"_links":{"self":[{"href":"https:\/\/www.europesays.com\/cz\/wp-json\/wp\/v2\/posts\/201444","targetHints":{"allow":["GET"]}}],"collection":[{"href":"https:\/\/www.europesays.com\/cz\/wp-json\/wp\/v2\/posts"}],"about":[{"href":"https:\/\/www.europesays.com\/cz\/wp-json\/wp\/v2\/types\/post"}],"author":[{"embeddable":true,"href":"https:\/\/www.europesays.com\/cz\/wp-json\/wp\/v2\/users\/2"}],"replies":[{"embeddable":true,"href":"https:\/\/www.europesays.com\/cz\/wp-json\/wp\/v2\/comments?post=201444"}],"version-history":[{"count":0,"href":"https:\/\/www.europesays.com\/cz\/wp-json\/wp\/v2\/posts\/201444\/revisions"}],"wp:featuredmedia":[{"embeddable":true,"href":"https:\/\/www.europesays.com\/cz\/wp-json\/wp\/v2\/media\/201445"}],"wp:attachment":[{"href":"https:\/\/www.europesays.com\/cz\/wp-json\/wp\/v2\/media?parent=201444"}],"wp:term":[{"taxonomy":"category","embeddable":true,"href":"https:\/\/www.europesays.com\/cz\/wp-json\/wp\/v2\/categories?post=201444"},{"taxonomy":"post_tag","embeddable":true,"href":"https:\/\/www.europesays.com\/cz\/wp-json\/wp\/v2\/tags?post=201444"}],"curies":[{"name":"wp","href":"https:\/\/api.w.org\/{rel}","templated":true}]}}