{"id":201450,"date":"2026-09-03T12:57:12","date_gmt":"2026-09-03T12:57:12","guid":{"rendered":"https:\/\/www.europesays.com\/cz\/201450\/"},"modified":"2026-09-03T12:57:12","modified_gmt":"2026-09-03T12:57:12","slug":"zatimco-si-uzivali-v-koupelne-komplicka-kradla-sex-s-mladici-prisel-seniora-na-350-tisic","status":"publish","type":"post","link":"https:\/\/www.europesays.com\/cz\/201450\/","title":{"rendered":"Zat\u00edmco si u\u017e\u00edvali v\u00a0koupeln\u011b, komplicka kradla. Sex s\u00a0mladic\u00ed p\u0159i\u0161el seniora na 350\u00a0tis\u00edc"},"content":{"rendered":"<p class=\"c_bB\">S dvojic\u00ed \u017een se n\u00e1ru\u017eiv\u00fd senior sezn\u00e1mil letos v\u00a0dubnu v\u00a0Chebu. Podle kriminalist\u016f \u0161lo od za\u010d\u00e1tku z\u00a0jejich strany o\u00a0p\u0159edem domluvenou spolupr\u00e1ci. Mlad\u0161\u00ed z\u00a0\u017een ho m\u011bla nav\u0161t\u00edvit doma a\u00a0nab\u00eddnout mu sexu\u00e1ln\u00ed slu\u017eby. A\u00a0zat\u00edmco se mu\u017e p\u0159esunul s\u00a0dvacetiletou do koupelny, do bytu m\u011bla vej\u00edt jej\u00ed 42let\u00e1 komplicka. Ta m\u011bla pak dostatek \u010dasu na to, aby obydl\u00ed pe\u010dliv\u011b prohledala a\u00a0na\u0161la uschovan\u00e9 pen\u00edze.<\/p>\n<p class=\"c_bB\">Trik jim vy\u0161el, mu\u017e po prvn\u00ed n\u00e1v\u0161t\u011bv\u011b v\u016fbec netu\u0161il, \u017ee byl okraden. Tak to zkusily znovu. O\u00a0dva dny pozd\u011bji mu dvacetilet\u00e1 \u017eena zavolala, aby si domluvila dal\u0161\u00ed n\u00e1v\u0161t\u011bvu. \u201eV\u0161e pak prob\u00edhalo stejn\u011b jako v\u00a0prvn\u00edm p\u0159\u00edpad\u011b,\u201c popsal policejn\u00ed mluv\u010d\u00ed Jakub Kop\u0159iva.<\/p>\n<p class=\"c_bB\">Ani dv\u011b takov\u00e1 setk\u00e1n\u00ed dvojici \u017een nesta\u010dily. O\u00a0n\u011bkolik m\u00e1lo dn\u00ed pozd\u011bji se objevily v\u00a0mu\u017eov\u011b byt\u011b znovu. <\/p>\n<p class=\"c_bB\">Tentokr\u00e1t m\u011bla star\u0161\u00ed z\u00a0\u017een odcizit celou ob\u00e1lku s\u00a0pen\u011bzi, p\u0159i \u00fat\u011bku v\u0161ak ud\u011blala chybu. \u201e\u010c\u00e1st finan\u010dn\u00edch prost\u0159edk\u016f poztr\u00e1cela na chodb\u011b domu,\u201c vyl\u00ed\u010dil Kop\u0159iva.<\/p>\n<p class=\"c_bB\">Teprve pot\u00e9 za\u010dal 65let\u00fd mu\u017e zji\u0161\u0165ovat, kam se jeho pen\u00edze pod\u011bly. To u\u017e ale bylo pozd\u011b. Z\u00a0bytu mu m\u011bla postupn\u011b zmizet hotovost v\u00a0celkov\u00e9 hodnot\u011b t\u00e9m\u011b\u0159 350\u00a0tis\u00edc korun. P\u0159\u00edpad proto ozn\u00e1mil policii.<\/p>\n<p class=\"c_bB\">Kriminalist\u00e9 pak zah\u00e1jili trestn\u00ed st\u00edh\u00e1n\u00ed a\u00a0ob\u011b \u017eeny obvinili z\u00a0p\u0159e\u010dinu kr\u00e1de\u017ee. \u201eV p\u0159\u00edpad\u011b prok\u00e1z\u00e1n\u00ed viny jim hroz\u00ed trest odn\u011bt\u00ed svobody a\u017e na t\u0159i roky,\u201c doplnil policejn\u00ed mluv\u010d\u00ed.<\/p>\n<p><a data-dot=\"atm-link\" target=\"_self\" href=\"https:\/\/www.novinky.cz\/clanek\/krimi-osmnactilety-mladik-v-audi-srazil-v-karlovych-varech-mladou-zenu-na-prechodu-zraneni-neprezila-40595645\" class=\"c_I\" rel=\"nofollow noopener\"><img fetchpriority=\"high\" height=\"1079\" width=\"1919\" src=\"https:\/\/www.europesays.com\/cz\/wp-content\/uploads\/2026\/09\/1788440232_368_misto-tragicke-nehody-v-ulici-stara-kysibelska-v-karlovych-varech-kde-osmnactilety-ridic-srazil-na-p.jpeg\" loading=\"eager\" decoding=\"sync\" class=\"c_t c_r\"\/><\/a><\/p>\n","protected":false},"excerpt":{"rendered":"S dvojic\u00ed \u017een se n\u00e1ru\u017eiv\u00fd senior sezn\u00e1mil letos v\u00a0dubnu v\u00a0Chebu. Podle kriminalist\u016f \u0161lo od za\u010d\u00e1tku z\u00a0jejich strany o\u00a0p\u0159edem&hellip;\n","protected":false},"author":2,"featured_media":201451,"comment_status":"","ping_status":"","sticky":false,"template":"","format":"standard","meta":{"footnotes":"","_share_on_mastodon":"0"},"categories":[7],"tags":[43,42,727,41,40,725,4830,736,795,2293,325,715,2292,1006,4367,1611,46080,37347],"class_list":["post-201450","post","type-post","status-publish","format-standard","has-post-thumbnail","category-cesko","tag-ceska-republika","tag-cesko","tag-cheb","tag-czech-republic","tag-czechia","tag-karlovarsky-kraj","tag-kradez","tag-kriminaliste","tag-kriminalita","tag-kriminalka","tag-policie","tag-policie-ceske-republiky","tag-policiste","tag-senior","tag-seniori","tag-sex","tag-sexualni-pracovnici","tag-vykradeni-bytu"],"share_on_mastodon":{"url":"https:\/\/pubeurope.com\/@cz\/117207226826578966","error":""},"_links":{"self":[{"href":"https:\/\/www.europesays.com\/cz\/wp-json\/wp\/v2\/posts\/201450","targetHints":{"allow":["GET"]}}],"collection":[{"href":"https:\/\/www.europesays.com\/cz\/wp-json\/wp\/v2\/posts"}],"about":[{"href":"https:\/\/www.europesays.com\/cz\/wp-json\/wp\/v2\/types\/post"}],"author":[{"embeddable":true,"href":"https:\/\/www.europesays.com\/cz\/wp-json\/wp\/v2\/users\/2"}],"replies":[{"embeddable":true,"href":"https:\/\/www.europesays.com\/cz\/wp-json\/wp\/v2\/comments?post=201450"}],"version-history":[{"count":0,"href":"https:\/\/www.europesays.com\/cz\/wp-json\/wp\/v2\/posts\/201450\/revisions"}],"wp:featuredmedia":[{"embeddable":true,"href":"https:\/\/www.europesays.com\/cz\/wp-json\/wp\/v2\/media\/201451"}],"wp:attachment":[{"href":"https:\/\/www.europesays.com\/cz\/wp-json\/wp\/v2\/media?parent=201450"}],"wp:term":[{"taxonomy":"category","embeddable":true,"href":"https:\/\/www.europesays.com\/cz\/wp-json\/wp\/v2\/categories?post=201450"},{"taxonomy":"post_tag","embeddable":true,"href":"https:\/\/www.europesays.com\/cz\/wp-json\/wp\/v2\/tags?post=201450"}],"curies":[{"name":"wp","href":"https:\/\/api.w.org\/{rel}","templated":true}]}}