{"id":201462,"date":"2026-09-03T13:07:13","date_gmt":"2026-09-03T13:07:13","guid":{"rendered":"https:\/\/www.europesays.com\/cz\/201462\/"},"modified":"2026-09-03T13:07:13","modified_gmt":"2026-09-03T13:07:13","slug":"pokuta-za-falsovani-vina-plati-vinarstvi-ludwig-nepochodilo-u-ustavniho-soudu","status":"publish","type":"post","link":"https:\/\/www.europesays.com\/cz\/201462\/","title":{"rendered":"Pokuta za fal\u0161ov\u00e1n\u00ed v\u00edna plat\u00ed. Vina\u0159stv\u00ed Ludwig nepochodilo u\u00a0\u00dastavn\u00edho soudu"},"content":{"rendered":"<p class=\"c_bB\">Vina\u0159stv\u00ed se s\u00eddlem v\u00a0Roztok\u00e1ch u\u00a0Prahy m\u00e1 v\u00fdrobu v\u00edna na ji\u017en\u00ed Morav\u011b v\u00a0N\u011bm\u010di\u010dk\u00e1ch na B\u0159eclavsku. Spole\u010dnost se proti pokut\u011b ulo\u017een\u00e9 zhruba p\u0159ed p\u011bti lety ne\u00fasp\u011b\u0161n\u011b br\u00e1nila u\u00a0soud\u016f ni\u017e\u0161\u00edch stup\u0148\u016f, pot\u00e9 jej\u00ed kasa\u010dn\u00ed st\u00ed\u017enost zam\u00edtl Nejvy\u0161\u0161\u00ed spr\u00e1vn\u00ed soud.<\/p>\n<p class=\"c_bB\">A nyn\u00ed vina\u0159stv\u00ed narazilo i\u00a0u \u00dastavn\u00edho soudu, kter\u00fd st\u00ed\u017enost odm\u00edtl jako zjevn\u011b neopodstatn\u011bnou. <\/p>\n<p><a data-dot=\"atm-link\" target=\"_self\" href=\"https:\/\/www.novinky.cz\/clanek\/krimi-za-falsovani-vina-musi-vinarstvi-ludwig-zaplatit-pokutu-tri-miliony-rozhodl-soud-40575133\" class=\"c_I\" rel=\"nofollow noopener\"><img fetchpriority=\"high\" height=\"673\" width=\"1196\" src=\"https:\/\/www.europesays.com\/cz\/wp-content\/uploads\/2026\/09\/vino-vinarstvi.jpeg\" loading=\"eager\" decoding=\"sync\" class=\"c_t c_r\"\/><\/a><\/p>\n<p class=\"c_bB\">\u201eZ napaden\u00fdch rozhodnut\u00ed neplyne, \u017ee by spr\u00e1vn\u00ed soudy bagatelizovaly odborn\u00e1 vyj\u00e1d\u0159en\u00ed p\u0159edlo\u017een\u00e1 st\u011b\u017eovatelkou. Soudy hodnotily d\u016fkazy jednotliv\u011b i\u00a0ve vz\u00e1jemn\u00fdch souvislostech a\u00a0dosp\u011bly k\u00a0\u0159\u00e1dn\u011b od\u016fvodn\u011bn\u00e9mu z\u00e1v\u011bru. Skute\u010dnost, \u017ee s\u00a0dan\u00fdmi z\u00e1v\u011bry st\u011b\u017eovatelka nesouhlas\u00ed, nem\u016f\u017ee sama o\u00a0sob\u011b d\u016fvodnost \u00fastavn\u00ed st\u00ed\u017enosti zalo\u017eit,\u201c sd\u011blil Novink\u00e1m mluv\u010d\u00ed \u00dastavn\u00edho soudu Miroslava \u010c\u00edhal\u00edkov\u00e1 Sedl\u00e1\u010dkov\u00e1.<\/p>\n<p class=\"c_bB\">Podle majitele vina\u0159stv\u00ed Ludv\u00edka \u0160lancara \u00dastavn\u00ed soud pouze posuzuje procesn\u00ed spr\u00e1vnost p\u0159edchoz\u00edch rozhodnut\u00ed soud\u016f. \u201eOdm\u00edtnut\u00edm st\u00ed\u017enosti \u00dastavn\u00ed soud potvrdil, \u017ee i\u00a0v p\u0159\u00edpad\u011b jedin\u00e9ho d\u016fkazu posta\u010duje pravd\u011bpodobnost 1\u00a0ku 40\u00a0k\u00a0prok\u00e1z\u00e1n\u00ed viny i\u00a0v z\u00e1va\u017en\u00fdch p\u0159\u00edpadech. C\u00edt\u00edm bezmoc nad zv\u016fl\u00ed st\u00e1tn\u00ed spr\u00e1vy a\u00a0zva\u017euji, zda ve sv\u00fdch 81\u00a0letech se m\u00e1m d\u00e1le p\u0159\u00edt o\u00a0spravedliv\u00fd rozsudek. Cel\u00e1 situace m\u00e1 dopad i\u00a0na m\u016fj zdravotn\u00ed stav,\u201c napsal redakci \u0160lancar s\u00a0t\u00edm, \u017ee v\u00a0posledn\u00edch t\u0159ech letech se zv\u00fd\u0161il po\u010det kontrol st\u00e1tn\u00edch org\u00e1n\u016f takzvan\u011b na podn\u011bt. \u201eMohu se jen domn\u00edvat, kdo tento podn\u011bt podal,\u201c dodal \u0160lancar.<\/p>\n<p><a data-dot=\"atm-link\" target=\"_self\" href=\"https:\/\/www.novinky.cz\/clanek\/lifestyle-vyhodit-matoliny-je-skoda-vinarstvi-je-susi-a-mele-na-zdravou-hroznovou-moucku-40539493\" class=\"c_I\" rel=\"nofollow noopener\"><img height=\"1080\" width=\"1920\" src=\"https:\/\/www.europesays.com\/cz\/wp-content\/uploads\/2026\/09\/vinarstvi-ludwig-hrozny-moucka.jpeg\" loading=\"eager\" decoding=\"sync\" class=\"c_t c_r\"\/><\/a><\/p>\n<p class=\"c_bB\">Fal\u0161ov\u00e1n\u00ed v\u00edna odm\u00edt\u00e1. \u201eSpole\u010dnost nikdy nenakoupila ani nezpracov\u00e1vala \u017e\u00e1dn\u00e9 hrozny zahrani\u010dn\u00edho p\u016fvodu. To potvrdila \u0159ada sv\u011bdeck\u00fdch v\u00fdpov\u011bd\u00ed i\u00a0dolo\u017een\u00e9 \u00fa\u0159edn\u00ed p\u00edsemn\u00e9 doklady. Spole\u010dnost nikdy nenakoupila ani zahrani\u010dn\u00ed v\u00edna sporn\u00fdch odr\u016fd,\u201c uvedl \u0160lancar. U\u017e d\u0159\u00edve sd\u011blil, \u017ee vina\u0159stv\u00ed dostalo pokutu t\u0159i miliony, ale v\u00a0d\u016fsledku toho muselo vr\u00e1tit dotace od roku 2017\u00a0ve v\u00fd\u0161i deset milion\u016f korun.<\/p>\n<p class=\"c_bB\">Inspekce rozhodnut\u00ed v\u00edt\u00e1. \u201eSt\u00e1tn\u00ed zem\u011bd\u011blsk\u00e1 a\u00a0potravin\u00e1\u0159sk\u00e1 inspekce od po\u010d\u00e1tku \u0159e\u0161en\u00ed tohoto p\u0159\u00edpadu pova\u017eovala sv\u016fj postup ve v\u0161ech f\u00e1z\u00edch za zcela spr\u00e1vn\u00fd ve v\u011bcn\u00e9 i\u00a0pr\u00e1vn\u00ed rovin\u011b,\u201c sd\u011blil redakci mluv\u010d\u00ed inspekce Pavel Kop\u0159iva.<\/p>\n<p class=\"c_bB\">Pochyben\u00ed se t\u00fdkala v\u00edce ne\u017e 54\u00a0tis\u00edc lahv\u00ed v\u00edna. U\u00a0v\u00edce ne\u017e 14\u00a0tis\u00edc lahv\u00ed Ryzlinku r\u00fdnsk\u00e9ho, 10\u00a0tis\u00edc lahv\u00ed Veltl\u00ednsk\u00e9ho zelen\u00e9ho a\u00a07500\u00a0lahv\u00ed Ryzlinku vla\u0161sk\u00e9ho bylo v\u00edno ozna\u010deno jako jakostn\u00ed v\u00edno s\u00a0p\u0159\u00edvlastkem, pozdn\u00ed sb\u011br, oblast Morava, podoblast mikulovsk\u00e1. P\u0159esto rozbory prok\u00e1zaly, \u017ee v\u00edno nemohlo b\u00fdt vyrobeno z\u00a0hrozn\u016f, jejich\u017e p\u016fvod firma deklarovala.<\/p>\n<p class=\"c_bB\">U dal\u0161\u00edch t\u00e9m\u011b\u0159 20\u00a0tis\u00edc lahv\u00ed Tram\u00ednu \u010derven\u00e9ho a\u00a03300\u00a0lahv\u00ed Ryzlinku r\u00fdnsk\u00e9ho bylo podle inspekce pou\u017eito chr\u00e1n\u011bn\u00e9 ozna\u010den\u00ed p\u016fvodu \u201eMorava\u201c a \u201emikulovsk\u00e1\u201c, a\u010dkoliv v\u00edna nebyla vyroben\u00e1 v\u00a0souladu s\u00a0definic\u00ed t\u011bchto chr\u00e1n\u011bn\u00fdch ozna\u010den\u00ed p\u016fvodu.<\/p>\n<p><a data-dot=\"atm-link\" target=\"_self\" href=\"https:\/\/www.novinky.cz\/clanek\/ekonomika-jedno-z-nejvetsich-vinarstvi-v-cesku-znovin-znojmo-koupil-novy-holding-40546331\" class=\"c_I\" rel=\"nofollow noopener\"><img height=\"720\" width=\"1280\" src=\"https:\/\/www.europesays.com\/cz\/wp-content\/uploads\/2026\/09\/5vZBa6.jpeg\" loading=\"eager\" decoding=\"sync\" class=\"c_t c_r\"\/><\/a><\/p>\n","protected":false},"excerpt":{"rendered":"Vina\u0159stv\u00ed se s\u00eddlem v\u00a0Roztok\u00e1ch u\u00a0Prahy m\u00e1 v\u00fdrobu v\u00edna na ji\u017en\u00ed Morav\u011b v\u00a0N\u011bm\u010di\u010dk\u00e1ch na B\u0159eclavsku. Spole\u010dnost se proti pokut\u011b&hellip;\n","protected":false},"author":2,"featured_media":201463,"comment_status":"","ping_status":"","sticky":false,"template":"","format":"standard","meta":{"footnotes":"","_share_on_mastodon":"0"},"categories":[10],"tags":[17,21,16,2058,7292,18,19,22,1067,6261,1104,20],"class_list":["post-201462","post","type-post","status-publish","format-standard","has-post-thumbnail","category-zpravy","tag-headlines","tag-hlavni-udalosti","tag-news","tag-pokuta","tag-statni-zemedelska-a-potravinarska-inspekce-szpi","tag-top-news","tag-top-stories","tag-udalosti-dne","tag-ustavni-soud","tag-vinarstvi","tag-vino","tag-zpravy"],"share_on_mastodon":{"url":"https:\/\/pubeurope.com\/@cz\/117207265748050401","error":""},"_links":{"self":[{"href":"https:\/\/www.europesays.com\/cz\/wp-json\/wp\/v2\/posts\/201462","targetHints":{"allow":["GET"]}}],"collection":[{"href":"https:\/\/www.europesays.com\/cz\/wp-json\/wp\/v2\/posts"}],"about":[{"href":"https:\/\/www.europesays.com\/cz\/wp-json\/wp\/v2\/types\/post"}],"author":[{"embeddable":true,"href":"https:\/\/www.europesays.com\/cz\/wp-json\/wp\/v2\/users\/2"}],"replies":[{"embeddable":true,"href":"https:\/\/www.europesays.com\/cz\/wp-json\/wp\/v2\/comments?post=201462"}],"version-history":[{"count":0,"href":"https:\/\/www.europesays.com\/cz\/wp-json\/wp\/v2\/posts\/201462\/revisions"}],"wp:featuredmedia":[{"embeddable":true,"href":"https:\/\/www.europesays.com\/cz\/wp-json\/wp\/v2\/media\/201463"}],"wp:attachment":[{"href":"https:\/\/www.europesays.com\/cz\/wp-json\/wp\/v2\/media?parent=201462"}],"wp:term":[{"taxonomy":"category","embeddable":true,"href":"https:\/\/www.europesays.com\/cz\/wp-json\/wp\/v2\/categories?post=201462"},{"taxonomy":"post_tag","embeddable":true,"href":"https:\/\/www.europesays.com\/cz\/wp-json\/wp\/v2\/tags?post=201462"}],"curies":[{"name":"wp","href":"https:\/\/api.w.org\/{rel}","templated":true}]}}