{"id":201466,"date":"2026-09-03T13:10:09","date_gmt":"2026-09-03T13:10:09","guid":{"rendered":"https:\/\/www.europesays.com\/cz\/201466\/"},"modified":"2026-09-03T13:10:09","modified_gmt":"2026-09-03T13:10:09","slug":"francii-otrasa-skandal-mbappeho-unos-zmarila-policie","status":"publish","type":"post","link":"https:\/\/www.europesays.com\/cz\/201466\/","title":{"rendered":"Franci\u00ed ot\u0159\u00e1s\u00e1 skand\u00e1l! Mbapp\u00e9ho \u00fanos zma\u0159ila policie"},"content":{"rendered":"<p class=\"b_bA\">Mlad\u00edk m\u011bl podle presti\u017en\u00edho den\u00edku Le Parisien v\u0161echno \u0159\u00eddit prost\u0159ednictv\u00edm soci\u00e1ln\u00ed s\u00edt\u011b Snapchat, kde vystupoval pod pseudonymem Lester Z.<\/p>\n<p class=\"b_bA\">Pr\u00e1v\u011b tam m\u011bl d\u00e1vat pokyny komplic\u016fm, pl\u00e1novat jednotliv\u00e9 zlo\u010diny a\u00a0organizovat dal\u0161\u00ed kroky. To v\u0161e pomoc\u00ed dvou mobiln\u00edch telefon\u016f, kter\u00e9 m\u011bl k\u00a0dispozici p\u0159\u00edmo ve sv\u00e9 cele.<\/p>\n<p class=\"b_bA\">Francouz\u0161t\u00ed vy\u0161et\u0159ovatel\u00e9 n\u00e1sledn\u011b v\u00a0telefonech objevili seznam 26\u00a0potenci\u00e1ln\u00edch c\u00edl\u016f. Figurovali na n\u011bm zp\u011bv\u00e1ci, podnikatel\u00e9, bohat\u00ed obchodn\u00edci \u010di fotbalist\u00e9. A\u00a0nechyb\u011bla ani jedna z\u00a0nejv\u011bt\u0161\u00edch hv\u011bzd sv\u011btov\u00e9ho fotbalu Mbapp\u00e9.<\/p>\n<p class=\"b_bA\">Stopa k\u00a0mlad\u00edkovi vedla p\u0159es vy\u0161et\u0159ov\u00e1n\u00ed \u00fatoku na hodin\u00e1\u0159e v\u00a0Neuilly-sur-Seine a\u00a0n\u00e1sledn\u00e9 loupe\u017ee v\u00a0obchod\u011b s\u00a0luxusn\u00edmi hodinkami. Pr\u00e1v\u011b p\u0159i rozpl\u00e9t\u00e1n\u00ed p\u0159\u00edpadu policist\u00e9 narazili na Cl\u00e9menta L. a\u00a0jeho \u00fadajn\u00e9 pl\u00e1ny.<\/p>\n<p class=\"b_bA\">Je\u0161t\u011b p\u0159ed sv\u00fdmi probl\u00e9my se z\u00e1konem se p\u0159itom mlad\u00fd Francouz se \u0161v\u00fdcarsk\u00fdm ob\u010danstv\u00edm u\u010dil kucha\u0159em. P\u0159ed soudem tak\u00e9 tvrdil, \u017ee pr\u00e1v\u011b tomuto oboru by se cht\u011bl po propu\u0161t\u011bn\u00ed z\u00a0v\u011bzen\u00ed v\u011bnovat.<\/p>\n<p class=\"b_bA\">Po zji\u0161t\u011bn\u00ed, co v\u0161echno m\u011bl zpoza m\u0159\u00ed\u017e\u00ed pl\u00e1novat, v\u010detn\u011b mo\u017en\u00e9ho \u00fanosu hv\u011bzdn\u00e9ho Mbapp\u00e9ho, je v\u0161ak z\u0159ejm\u00e9, \u017ee ke kucha\u0159sk\u00e9mu \u0159emeslu se jen tak nevr\u00e1t\u00ed. Va\u0159it tak bude maxim\u00e1ln\u011b sv\u00fdm spoluv\u011bz\u0148\u016fm.<\/p>\n<p><a data-dot=\"atm-link\" target=\"_self\" href=\"https:\/\/www.sport.cz\/clanek\/fotbal-ceska-1-liga-cvancara-se-vraci-do-ceske-ligy-5526016\" class=\"b_V g_ig\" rel=\"nofollow noopener\"><img fetchpriority=\"high\" height=\"2730\" width=\"3641\" src=\"https:\/\/www.europesays.com\/cz\/wp-content\/uploads\/2026\/09\/1788441009_757_1d42.jpeg\" loading=\"eager\" decoding=\"sync\" class=\"b_B b_z\"\/><\/a><\/p>\n","protected":false},"excerpt":{"rendered":"Mlad\u00edk m\u011bl podle presti\u017en\u00edho den\u00edku Le Parisien v\u0161echno \u0159\u00eddit prost\u0159ednictv\u00edm soci\u00e1ln\u00ed s\u00edt\u011b Snapchat, kde vystupoval pod pseudonymem Lester&hellip;\n","protected":false},"author":2,"featured_media":201467,"comment_status":"","ping_status":"","sticky":false,"template":"","format":"standard","meta":{"footnotes":"","_share_on_mastodon":"0"},"categories":[15],"tags":[326,378,18940,3757,4853,94,93],"class_list":["post-201466","post","type-post","status-publish","format-standard","has-post-thumbnail","category-sport","tag-fotbal","tag-francie","tag-kylian-mbappe","tag-ligue-1","tag-real-madrid","tag-sport","tag-sports"],"share_on_mastodon":{"url":"https:\/\/pubeurope.com\/@cz\/117207278050662476","error":""},"_links":{"self":[{"href":"https:\/\/www.europesays.com\/cz\/wp-json\/wp\/v2\/posts\/201466","targetHints":{"allow":["GET"]}}],"collection":[{"href":"https:\/\/www.europesays.com\/cz\/wp-json\/wp\/v2\/posts"}],"about":[{"href":"https:\/\/www.europesays.com\/cz\/wp-json\/wp\/v2\/types\/post"}],"author":[{"embeddable":true,"href":"https:\/\/www.europesays.com\/cz\/wp-json\/wp\/v2\/users\/2"}],"replies":[{"embeddable":true,"href":"https:\/\/www.europesays.com\/cz\/wp-json\/wp\/v2\/comments?post=201466"}],"version-history":[{"count":0,"href":"https:\/\/www.europesays.com\/cz\/wp-json\/wp\/v2\/posts\/201466\/revisions"}],"wp:featuredmedia":[{"embeddable":true,"href":"https:\/\/www.europesays.com\/cz\/wp-json\/wp\/v2\/media\/201467"}],"wp:attachment":[{"href":"https:\/\/www.europesays.com\/cz\/wp-json\/wp\/v2\/media?parent=201466"}],"wp:term":[{"taxonomy":"category","embeddable":true,"href":"https:\/\/www.europesays.com\/cz\/wp-json\/wp\/v2\/categories?post=201466"},{"taxonomy":"post_tag","embeddable":true,"href":"https:\/\/www.europesays.com\/cz\/wp-json\/wp\/v2\/tags?post=201466"}],"curies":[{"name":"wp","href":"https:\/\/api.w.org\/{rel}","templated":true}]}}