{"id":201468,"date":"2026-09-03T13:11:08","date_gmt":"2026-09-03T13:11:08","guid":{"rendered":"https:\/\/www.europesays.com\/cz\/201468\/"},"modified":"2026-09-03T13:11:08","modified_gmt":"2026-09-03T13:11:08","slug":"posledni-mejdan-pro-ludka-rodina-a-pratele-se-rozloucili-s-oblibenym-moderatorem-hrzalem-zena-cz","status":"publish","type":"post","link":"https:\/\/www.europesays.com\/cz\/201468\/","title":{"rendered":"Posledn\u00ed mejdan pro Lu\u010fka. Rodina a p\u0159\u00e1tel\u00e9 se rozlou\u010dili s obl\u00edben\u00fdm moder\u00e1torem Hrzalem &#8211; \u017dena.cz"},"content":{"rendered":"<p><a href=\"https:\/\/news.google.com\/rss\/articles\/CBMiwAFBVV95cUxQcjlhX2VGTGdsM2E2OXpBWlJ5ekt4cHlvdExQQVpPZFlEUDJ5U0puR3M2Ty1NNXYtYVdXdENQamhiVmJ1SzEyMllDMzFady1wX3BqZ0MxU0lDcVA1NUgzUFpPY2kxeERIa3l4Vi1JQngwYXp0S0VDRnllYW9ZemZvbXhYVFdTVWtRX0xzU1BERWVMNlluQ3dqaFN5WG9weFdjQm1xRGZXVWw3MlVJaG5xNm5nT3hVeEVZOHpoQkNrNFo?oc=5\" target=\"_blank\" rel=\"nofollow noopener\">Posledn\u00ed mejdan pro Lu\u010fka. Rodina a p\u0159\u00e1tel\u00e9 se rozlou\u010dili s obl\u00edben\u00fdm moder\u00e1torem Hrzalem<\/a>&nbsp;&nbsp;\u017dena.cz<a href=\"https:\/\/news.google.com\/rss\/articles\/CBMi8AFBVV95cUxOb2Rab3ZoNzBXQW5kc0ZhNEZNRnRtZDZwVHFvYkxlOFlac2NkdXZGSnJ2QnF5MElDb1MwSUNsRjRWWGFDaFdQM0N3V01wOGlSTXVkcFlZWmRoQm9uaWlrR3hnMUR6clQxaGdCVkdFRG1JOXRzME5ZTFJIbDhHSTB2ZVhKemN1UndieXV2UnBYdldfclE4TGZxYnZYQXdERUpCTnJnYzZhLVRNak1KZ2ZMWVRpVXdlRmE0U2dCakpZbG9hWUgzZXhqUGdUNjNNd2hReGlleU16aVFWX2pBR2F2eEtZcE9BOVo0aTFoMURlQXI?oc=5\" target=\"_blank\" rel=\"nofollow noopener\">S moder\u00e1torem Lu\u010fkem Hrzalem (\u202060) se lou\u010dila rodina, Mare\u0161 i Mach\u00e1lkov\u00e1<\/a>&nbsp;&nbsp;Super.cz<a href=\"https:\/\/news.google.com\/rss\/articles\/CBMi8gFBVV95cUxPRmNZeGEydW9RWEdhdWQzMkg3cXBVLVpLaG5USWVIcTZxcGE2QnoyMjJkcWhLMTdSMnp1NHo1YUd6RTRBeTdGQTNOeTFja3d0bFEybTNUNTBHcWNwNzBYUVZ4X1AtZXFSa0RZR0ZZSEQ0aXo4TXItM2JSY05xLWRPblN5dFdqQWQ1RFAyalVtaWhyR0NUTGhCM2V6Q1g0ckYzT1FObXNMNF9XeVl5YjFmV0lGTFBLMjVXTHJNbFMzRUROelVOS0FCeWVNVmkzY3o2cXR4Y2FudkZIUUhiSERXYXotY2Nwc2NONDU3em44NGt4UQ?oc=5\" target=\"_blank\" rel=\"nofollow noopener\">Posledn\u00ed sbohem Lu\u010fku Hrzalovi: Mare\u0161, Monika i vesel\u00e1 hudba, kterou si vybral s\u00e1m<\/a>&nbsp;&nbsp;Expres.cz<a href=\"https:\/\/news.google.com\/rss\/articles\/CBMihgFBVV95cUxQbl9ZWWpDM0JYUjZWXzgtSU56Zkw5OEFGWk9HeE5RTTB6SlVORk5pQWdyU1p6djJhTF9TeGtDVTU5eEhNQ1lkSG1vRzNSZGV1R2pBUGlzRDNoZ1NIdzI4OFVhR2Nja2djTTlhcUdPMjJBUFdidE1kZVpyTDhWdUFDd3JESEtUUQ?oc=5\" target=\"_blank\" rel=\"nofollow noopener\">Zem\u0159ela hv\u011bzda Evropy 2: Moder\u00e1tor podlehl leuk\u00e9mii<\/a>&nbsp;&nbsp;CNN Prima NEWS<a href=\"https:\/\/news.google.com\/rss\/articles\/CBMixwFBVV95cUxObm14UjIwQ0Zjc0xNOVhUQ1NnVldLQU1TMWVWdFJaenpWVnZNMEwyUUFkRTcwbng3bUx2SmE4WmFVS1pqVFBXY2pvNm4zNXFScWp5Skt2QU5KMGswT0h1XzRxMzhOSGdzNnIzTVowUkI1SW5kOVdfYUoxd0xmMnNYekxUQnpiSDZxZURySUppLWZDR1NuNFFTalpvSFVtTmxLVzdKcmpaM2FYZUVNc2ZhdUJBUUo5Y0oyMmJJV3JweUtoOUVjUmdj0gHMAUFVX3lxTFBJWkd4anFKOFBKeE1PR3lRQzVNS3IySW8wY2NOQ3BXWU4zNTJmOHZnalRzaEVJNmhaNUsxNW5heVFwVG42Y2hmUHVCdGMxNnN5OXc5NUJxYlFheG9qdkJjbi1TaFlsSF8tMFBqZkljRmc5QmpCWGhKYjZwSm5mSkZUbmNvRTlxMXhyNWxQZWxkcEcyaTl2UHRrcGhNNndMR2E4aVpWbzlOTm1kM2ZkT3JLejk5eFZ3N2tKRjQwWXhRQl81MDVRUUw4X283dg?oc=5\" target=\"_blank\" rel=\"nofollow noopener\">ONLINE: Posledn\u00ed mejdan pro Lu\u010fka. Praha se lou\u010d\u00ed s moder\u00e1torem Hrzalem (\u202060)<\/a>&nbsp;&nbsp;www.prahanadlani.cz<\/p>\n","protected":false},"excerpt":{"rendered":"Posledn\u00ed mejdan pro Lu\u010fka. Rodina a p\u0159\u00e1tel\u00e9 se rozlou\u010dili s obl\u00edben\u00fdm moder\u00e1torem Hrzalem&nbsp;&nbsp;\u017dena.czS moder\u00e1torem Lu\u010fkem Hrzalem (\u202060) se&hellip;\n","protected":false},"author":2,"featured_media":201469,"comment_status":"","ping_status":"","sticky":false,"template":"","format":"standard","meta":{"footnotes":"","_share_on_mastodon":"0"},"categories":[14],"tags":[79,8127,3320,20388,44782,3295,908,80],"class_list":["post-201468","post","type-post","status-publish","format-standard","has-post-thumbnail","category-zabava","tag-entertainment","tag-evropa-2","tag-leos-mares","tag-leukemie","tag-ludek-hrzal","tag-moderator","tag-pohreb","tag-zabava"],"share_on_mastodon":{"url":"https:\/\/pubeurope.com\/@cz\/117207281487607745","error":""},"_links":{"self":[{"href":"https:\/\/www.europesays.com\/cz\/wp-json\/wp\/v2\/posts\/201468","targetHints":{"allow":["GET"]}}],"collection":[{"href":"https:\/\/www.europesays.com\/cz\/wp-json\/wp\/v2\/posts"}],"about":[{"href":"https:\/\/www.europesays.com\/cz\/wp-json\/wp\/v2\/types\/post"}],"author":[{"embeddable":true,"href":"https:\/\/www.europesays.com\/cz\/wp-json\/wp\/v2\/users\/2"}],"replies":[{"embeddable":true,"href":"https:\/\/www.europesays.com\/cz\/wp-json\/wp\/v2\/comments?post=201468"}],"version-history":[{"count":0,"href":"https:\/\/www.europesays.com\/cz\/wp-json\/wp\/v2\/posts\/201468\/revisions"}],"wp:featuredmedia":[{"embeddable":true,"href":"https:\/\/www.europesays.com\/cz\/wp-json\/wp\/v2\/media\/201469"}],"wp:attachment":[{"href":"https:\/\/www.europesays.com\/cz\/wp-json\/wp\/v2\/media?parent=201468"}],"wp:term":[{"taxonomy":"category","embeddable":true,"href":"https:\/\/www.europesays.com\/cz\/wp-json\/wp\/v2\/categories?post=201468"},{"taxonomy":"post_tag","embeddable":true,"href":"https:\/\/www.europesays.com\/cz\/wp-json\/wp\/v2\/tags?post=201468"}],"curies":[{"name":"wp","href":"https:\/\/api.w.org\/{rel}","templated":true}]}}