{"id":201498,"date":"2026-09-03T13:29:25","date_gmt":"2026-09-03T13:29:25","guid":{"rendered":"https:\/\/www.europesays.com\/cz\/201498\/"},"modified":"2026-09-03T13:29:25","modified_gmt":"2026-09-03T13:29:25","slug":"kucharova-se-podelila-o-fotky-ze-svatby-ukazala-manzela-saty-i-luxusni-prsteny","status":"publish","type":"post","link":"https:\/\/www.europesays.com\/cz\/201498\/","title":{"rendered":"Kucha\u0159ov\u00e1 se pod\u011blila o fotky ze svatby. Uk\u00e1zala man\u017eela, \u0161aty i luxusn\u00ed prsteny"},"content":{"rendered":"<p>\n                        B\u00fdval\u00e1 Miss World Ta\u0165\u00e1na Kucha\u0159ov\u00e1 dok\u00e1zala n\u011bco nev\u00eddan\u00e9ho. Zat\u00edmco se o jej\u00edm soukrom\u00ed a mo\u017en\u00e9 nov\u00e9 l\u00e1sce dlouhodob\u011b jen spekuluje, ona se mezit\u00edm dok\u00e1zala tajn\u011b nejen zamilovat, ale i vd\u00e1t. Z\u00e1meckou veselku, kter\u00e1 m\u011bla prob\u011bhnout v sobotu 29. srpna, modelka odhalila o den pozd\u011bji, p\u0159i\u010dem\u017e rovnou zve\u0159ejnila i p\u0159ekr\u00e1sn\u00e9 svatebn\u00ed fotky.\n                    <\/p>\n<p>Nov\u00fdch informac\u00ed je najednou obrovsk\u00e1 spousta. Model\u010diny fotky mimo jin\u00e9 odhalily, \u017ee Ta\u0165\u00e1na Kucha\u0159ov\u00e1 od sv\u00e9ho nyn\u00ed ji\u017e druh\u00e9ho man\u017eela dostala k\u00a0z\u00e1snub\u00e1m n\u00e1dhern\u00fd prsten s\u00a0ob\u0159\u00edm drah\u00fdm kamenem. K\u00a0tomu nyn\u00ed p\u0159ibyl i prst\u00fdnek snubn\u00ed, jej\u017e rovn\u011b\u017e zdob\u00ed drah\u00e9 kameny, pravd\u011bpodobn\u011b diamanty. Jej\u00ed partner dle fotek vsadil rad\u011bji na klasiku a jeho snubn\u00ed zlat\u00fd prsten je hladk\u00fd.<\/p>\n<p>\u010cT\u011aTE TAK\u00c9: <a target=\"_blank\" href=\"https:\/\/cnn.iprima.cz\/soukalova-oznamila-radostnou-novinu-je-podruhe-maminkou-dcera-dostala-netradicni-jmeno-520477\" rel=\"nofollow noopener\">Soukalov\u00e1 ozn\u00e1mila radostnou novinu. Je podruh\u00e9 maminkou, dcera dostala netradi\u010dn\u00ed jm\u00e9no<\/a><\/p>\n<p>\u201eS pokorou, vd\u011b\u010dnost\u00ed a obrovskou radost\u00ed vstupujeme do dal\u0161\u00ed kapitoly na\u0161\u00ed cesty,\u201c <a target=\"_blank\" href=\"https:\/\/www.instagram.com\/p\/DcrNEx2EfYR\/?img_index=1\" rel=\"nofollow noopener\">napsala<\/a> Kucha\u0159ov\u00e1 ke svatebn\u00edm fotk\u00e1m. Ty odhalily, \u017ee se vd\u00e1vala v\u00a0podh\u016f\u0159\u00ed Orlick\u00fdch hor na St\u00e1tn\u00edm z\u00e1mku Opo\u010dno a veselka to o\u010dividn\u011b byla opravdu p\u016fsobiv\u00e1 a luxusn\u00ed. K\u00a0Opo\u010dnu m\u00e1 modelka pozitivn\u00ed vztah, p\u0159ed t\u0159emi lety zde \u0161la za dru\u017ei\u010dku na svatb\u011b sestry Krist\u00fdny, kde dokonce chytila svatebn\u00ed kytici.<\/p>\n<p>Zraky v\u0161ech se v\u0161ak od nev\u011bsty aktu\u00e1ln\u011b up\u00edraj\u00ed sp\u00ed\u0161e na \u017eenicha, jeho\u017e identitu dok\u00e1zala Kucha\u0159ov\u00e1 zcela utajit. By\u0165 Ta\u0165\u00e1na tu a tam lehce nazna\u010dila, \u017ee je v\u00a0soukrom\u00ed \u0161\u0165astn\u00e1, o nov\u00e9 l\u00e1sce od konce prvn\u00edho man\u017eelstv\u00ed s\u00a0Ond\u0159ejem Brzobohat\u00fdm, s\u00a0n\u00edm\u017e se <a target=\"_blank\" href=\"https:\/\/zeny.iprima.cz\/soud-brzobohateho-a-kucharove-u-konce-modelka-se-musi-omluvit-471495\" rel=\"nofollow noopener\">a\u017e do za\u010d\u00e1tku leto\u0161n\u00edho roku soudila<\/a>, ne\u0159ekla v\u016fbec nic. A nyn\u00ed rovnou sv\u00e9ho mil\u00e9ho ve\u0159ejnosti odhalila na spole\u010dn\u00e9 svatb\u011b, co\u017e byl m\u00edrn\u00fd \u0161ok.<\/p>\n<p>Zat\u00edmco se Kucha\u0159ov\u00e1 vd\u00e1vala v\u00a0jednoduch\u00fdch b\u00edl\u00fdch \u0161atech s\u00a0pr\u016fsvitn\u00fdm v\u00fdst\u0159ihem a ruk\u00e1vy, jej\u00ed nast\u00e1vaj\u00edc\u00ed obl\u00e9kl \u010dern\u00fd smoking s\u00a0mot\u00fdlkem. Jak informoval <a target=\"_blank\" href=\"https:\/\/www.expres.cz\/\" rel=\"nofollow noopener\">Expres<\/a>, b\u00fdval\u00e1 nositelka titulu nejkr\u00e1sn\u011bj\u0161\u00ed Miss sv\u011bta si vzala l\u00e9ka\u0159e v\u011bnuj\u00edc\u00edho se oblasti stomatologie jm\u00e9nem Ond\u0159ej.<\/p>\n<p>MOHLO V\u00c1M UNIKNOUT: <a target=\"_blank\" href=\"https:\/\/cnn.iprima.cz\/show-time\/lela-vemola-o-rozvodu-i-bazaru-obleceni-520540\" rel=\"nofollow noopener\">Nov\u00fd \u017eivot, nov\u00e9 vlasy. Lela promluvila o konci s Karlosem. Dceru doprovod\u00ed do \u0161koly oba<\/a><\/p>\n<p>                <script async src=\"\/\/www.instagram.com\/embed.js\"><\/script><\/p>\n","protected":false},"excerpt":{"rendered":"B\u00fdval\u00e1 Miss World Ta\u0165\u00e1na Kucha\u0159ov\u00e1 dok\u00e1zala n\u011bco nev\u00eddan\u00e9ho. Zat\u00edmco se o jej\u00edm soukrom\u00ed a mo\u017en\u00e9 nov\u00e9 l\u00e1sce dlouhodob\u011b&hellip;\n","protected":false},"author":2,"featured_media":201499,"comment_status":"","ping_status":"","sticky":false,"template":"","format":"standard","meta":{"footnotes":"","_share_on_mastodon":"0"},"categories":[14],"tags":[1538,79,653,4777,2491,13993,651,8397,649,1776,7136,80],"class_list":["post-201498","post","type-post","status-publish","format-standard","has-post-thumbnail","category-zabava","tag-celebrity","tag-entertainment","tag-laska","tag-manzele","tag-manzelstvi","tag-miss-world","tag-rodina","tag-spolecenska-rubrika","tag-spolecnost","tag-svatba","tag-tatana-kucharova","tag-zabava"],"share_on_mastodon":{"url":"https:\/\/pubeurope.com\/@cz\/117207352240380138","error":""},"_links":{"self":[{"href":"https:\/\/www.europesays.com\/cz\/wp-json\/wp\/v2\/posts\/201498","targetHints":{"allow":["GET"]}}],"collection":[{"href":"https:\/\/www.europesays.com\/cz\/wp-json\/wp\/v2\/posts"}],"about":[{"href":"https:\/\/www.europesays.com\/cz\/wp-json\/wp\/v2\/types\/post"}],"author":[{"embeddable":true,"href":"https:\/\/www.europesays.com\/cz\/wp-json\/wp\/v2\/users\/2"}],"replies":[{"embeddable":true,"href":"https:\/\/www.europesays.com\/cz\/wp-json\/wp\/v2\/comments?post=201498"}],"version-history":[{"count":0,"href":"https:\/\/www.europesays.com\/cz\/wp-json\/wp\/v2\/posts\/201498\/revisions"}],"wp:featuredmedia":[{"embeddable":true,"href":"https:\/\/www.europesays.com\/cz\/wp-json\/wp\/v2\/media\/201499"}],"wp:attachment":[{"href":"https:\/\/www.europesays.com\/cz\/wp-json\/wp\/v2\/media?parent=201498"}],"wp:term":[{"taxonomy":"category","embeddable":true,"href":"https:\/\/www.europesays.com\/cz\/wp-json\/wp\/v2\/categories?post=201498"},{"taxonomy":"post_tag","embeddable":true,"href":"https:\/\/www.europesays.com\/cz\/wp-json\/wp\/v2\/tags?post=201498"}],"curies":[{"name":"wp","href":"https:\/\/api.w.org\/{rel}","templated":true}]}}