{"id":201514,"date":"2026-09-03T13:43:13","date_gmt":"2026-09-03T13:43:13","guid":{"rendered":"https:\/\/www.europesays.com\/cz\/201514\/"},"modified":"2026-09-03T13:43:13","modified_gmt":"2026-09-03T13:43:13","slug":"seriovy-vrah-hejna-chtel-po-22-letech-na-svobodu-soudce-mu-nevyhovel-a-vysvetlil-duvody","status":"publish","type":"post","link":"https:\/\/www.europesays.com\/cz\/201514\/","title":{"rendered":"S\u00e9riov\u00fd vrah Hejna cht\u011bl po 22 letech na svobodu. Soudce mu nevyhov\u011bl a vysv\u011btlil d\u016fvody"},"content":{"rendered":"<p>\n                        Trojn\u00e1sobn\u00fd vrah Jaroslav Hejna z P\u00edsecka, kter\u00fd byl v minulosti odsouzen na do\u017eivot\u00ed, z\u016fstane za m\u0159\u00ed\u017eemi. Jeho \u017e\u00e1dost o podm\u00edn\u011bn\u00e9 propu\u0161t\u011bn\u00ed ve \u010dtvrtek zam\u00edtl \u0161umpersk\u00fd soud. Hejna dostal nejvy\u0161\u0161\u00ed mo\u017en\u00fd trest za trojn\u00e1sobnou loupe\u017enou vra\u017edu. Mu\u017e si za m\u0159\u00ed\u017eemi dosud odpykal 22 let a osm m\u011bs\u00edc\u016f. Podle soudce Milo\u0161e Kub\u00ed\u010dka st\u00e1le trv\u00e1 hrozba pro spole\u010dnost, odk\u00e1zal i na posudky znalce. Do\u017eivotn\u00ed trest mu\u017ei ulo\u017eil v \u00fanoru 2005 pra\u017esk\u00fd vrchn\u00ed soud. Tehdy t\u0159iadvacetilet\u00fd Hejna se stal sv\u00e9ho \u010dasu nejmlad\u0161\u00edm odsouzen\u00fdm na do\u017eivot\u00ed v \u010cR.\n                    <\/p>\n<p>\u201eJe pot\u0159eba p\u0159ihl\u00e9dnout ke skute\u010dnosti, \u017ee skutky, kter\u00fdch se dopustil, sp\u00e1chal z\u00e1ke\u0159n\u011b a ze zi\u0161tn\u00fdch d\u016fvod\u016f. Podle znaleck\u00fdch posudk\u016f nad\u00e1le trv\u00e1 sklon k asocialit\u011b, co\u017e p\u0159edstavuje riziko pro spole\u010dnost. Podle posudku nedo\u0161lo k \u017e\u00e1dn\u00e9 z\u00e1sadn\u00ed zm\u011bn\u011b v dispozici ob\u017ealovan\u00e9ho,\u201c uvedl soudce Kub\u00ed\u010dek, kter\u00fd jeho \u017e\u00e1dost zam\u00edtl ji\u017e podruh\u00e9.<\/p>\n<p>D\u00c1LE \u010cT\u011aTE: <a target=\"_blank\" href=\"https:\/\/cnn.iprima.cz\/bile-rakve-a-zaplava-kvetin-most-se-loucil-s-maturantkami-ktere-tragicky-zahynuly-pri-bouracce-520695\" rel=\"nofollow noopener\">B\u00edl\u00e9 rakve a z\u00e1plava kv\u011btin. Most se lou\u010dil s maturantkami, kter\u00e9 tragicky zahynuly p\u0159i nehod\u011b<\/a><\/p>\n<p>Kv\u016fli st\u00ed\u017enosti obh\u00e1jce bude jeho rozhodnut\u00ed posuzovat je\u0161t\u011b olomouck\u00fd krajsk\u00fd soud.<\/p>\n<p>Hejna se ve \u010dtvrtek u soudu za sv\u00e9 skutky omlouval. \u201eV\u00edm, \u017ee jsem sp\u00e1chal n\u011bco nenapraviteln\u00e9ho, ale sv\u00fdm \u017eivotem se to sna\u017e\u00edm alespo\u0148 \u010d\u00e1ste\u010dn\u011b napravit. Sna\u017e\u00edm se spolupracovat s organizacemi, r\u00e1d bych se v\u010dlenil do resocializa\u010dn\u00edho programu proba\u010dn\u00ed slu\u017eby. Sna\u017e\u00edm se hradit \u00fajmu dle sv\u00fdch mo\u017enost\u00ed, naspo\u0159il jsem si pen\u00edze i na p\u0159\u00edpadn\u00fd za\u010d\u00e1tek, moment\u00e1ln\u011b m\u00e1m zhruba 100 tis\u00edc korun. M\u00e1m p\u0159\u00edslib pr\u00e1ce i bydlen\u00ed,\u201c tvrdil.<\/p>\n<p>K \u010din\u016fm ho dohnal zi\u0161tn\u00fd motiv<\/p>\n<p>\u017dalobce Tom\u00e1\u0161 Hor\u00e1k doporu\u010dil jeho \u017e\u00e1dost zam\u00edtnout, nesplnil podle n\u011bj v\u0161echny z\u00e1konn\u00e9 podm\u00ednky \u2013 vykonal sice minim\u00e1ln\u011b dvacetilet\u00fd trest a jde o bezprobl\u00e9mov\u00e9ho v\u011bzn\u011b, ale nevid\u011bl jistotu v jeho dal\u0161\u00edm \u0159\u00e1dn\u00e9m \u017eivot\u011b. Podle n\u011bj se na svobodu vrazi dost\u00e1vaj\u00ed, ale s\u00e9riov\u00ed vrazi jsou podle n\u011bj jin\u00e1 liga. P\u0159ipomn\u011bl mimo jin\u00e9 okolnost, \u017ee Hejna vra\u017edil kv\u016fli pen\u011bz\u016fm a nov\u00fd \u017eivot by za\u010dal na n\u00edzk\u00e9 \u017eivotn\u00ed \u00farovni.<\/p>\n<p class=\"intro-title-mobile\">\n        \u010ct\u011bte tak\u00e9\n    <\/p>\n<p>        <a href=\"https:\/\/cnn.iprima.cz\/vteriny-od-tragedie-chlapec-spadl-v-praze-do-kolejiste-metra-zabery-ukazuji-jeho-zachranu-520845\" class=\"image-link\" rel=\"nofollow noopener\" target=\"_blank\"><\/p>\n<p>            <img decoding=\"async\" loading=\"lazy\" class=\"image\" src=\"https:\/\/www.europesays.com\/cz\/wp-content\/uploads\/2026\/09\/790f01dbb21cb99bbac19ecf90e3e148.jpg\" alt=\"Ilustra\u010dn\u00ed foto\"\/><\/p>\n<p>            <\/a><\/p>\n<p class=\"intro-title-desktop\">\n            \u010ct\u011bte tak\u00e9\n        <\/p>\n<p>                <a href=\"https:\/\/cnn.iprima.cz\/vteriny-od-tragedie-chlapec-spadl-v-praze-do-kolejiste-metra-zabery-ukazuji-jeho-zachranu-520845\" class=\"title-link\" rel=\"nofollow noopener\" target=\"_blank\"><\/p>\n<p class=\"title\">\n                Vte\u0159iny od trag\u00e9die: Chlapec spadl do koleji\u0161t\u011b pra\u017esk\u00e9ho metra, z\u00e1b\u011bry ukazuj\u00ed jeho z\u00e1chranu\n            <\/p>\n<p>        <\/a><\/p>\n<p>                                                                                                3. z\u00e1\u0159 2026, 11:44<\/p>\n<p>                6 min \u010dten\u00ed<\/p>\n<p>Odsouzen\u00e9mu p\u0159ipomn\u011bl i to, \u017ee bude v \u017eivot\u011b st\u00e1le konfrontov\u00e1n se svou minulost\u00ed. Tak\u00e9 podle znalce z oboru klinick\u00e9 psychologie Pavla Koldy by mohl m\u00edt medi\u00e1ln\u00ed tlak v jeho p\u0159\u00edpad\u011b negativn\u00ed dopad na jeho resocializa\u010dn\u00ed proces. P\u0159ipomn\u011bl p\u0159itom i jeho minulost zat\u00ed\u017eenou pit\u00edm alkoholu i ji\u017e d\u0159\u00edve rozpoznanou asoci\u00e1ln\u00ed poruchu osobnosti. \u201eI tato ot\u00e1zka je jednou z t\u011bch, kter\u00e9 mohou b\u00fdt komplikac\u00ed, bohu\u017eel ale nedovedu odhadnout, nakolik,\u201c uvedl znalec. \u017d\u00e1dost odsouzen\u00e9ho nepodpo\u0159ila ve \u010dtvrtek ani proba\u010dn\u00ed slu\u017eba.<\/p>\n<p>Nyn\u00ed p\u011bta\u010dty\u0159icetilet\u00fd Hejna v roce 2003 zast\u0159elil v lese mezi Bo\u017eeticemi a Vlksicemi u Milevska t\u0159ia\u010dty\u0159icetilet\u00e9ho Vietnamce a spole\u010dn\u011b se sv\u00fdm komplicem Markem Dohnalem jej zakopal v lese. Stejn\u011b skon\u010dil t\u0159icetilet\u00fd podnikatel, kter\u00e9ho Hejna zast\u0159elil ve sv\u00e9 chalup\u011b v Bo\u017eetic\u00edch a op\u011bt s pomoc\u00ed Dohnala zakopal na b\u0159ehu \u0159\u00ed\u010dky Smutn\u00e9. T\u0159et\u00edho mu\u017ee zavra\u017edil Hejna s\u00e1m v jeho pra\u017esk\u00e9m byt\u011b v ulici Na P\u0159\u00edkop\u011b dv\u011bma ranami do t\u00fdla. V\u0161echny vra\u017edy m\u011bly podle soudu zi\u0161tn\u00fd motiv. Jeho komplic dostal t\u0159i roky za nadr\u017eov\u00e1n\u00ed.<\/p>\n<p>Do\u017eivotn\u00ed tresty v \u010cR<\/p>\n<p>Do\u017eivotn\u00ed v\u011bzen\u00ed je nejp\u0159\u00edsn\u011bj\u0161\u00ed trest, kter\u00fd \u010desk\u00fd pr\u00e1vn\u00ed \u0159\u00e1d zn\u00e1. Soudy jej v naprost\u00e9 v\u011bt\u0161in\u011b p\u0159\u00edpad\u016f ukl\u00e1daj\u00ed za zvl\u00e1\u0161t\u011b surov\u00e9 vra\u017edy. V sou\u010dasnosti si do\u017eivot\u00ed podle mluv\u010d\u00ed Gener\u00e1ln\u00edho \u0159editelstv\u00ed V\u011bze\u0148sk\u00e9 slu\u017eby \u010cR Mark\u00e9ty Machov\u00e9 Prunerov\u00e9 odpyk\u00e1v\u00e1 51 odsouzen\u00fdch. \u201eNejstar\u0161\u00edmu do\u017eivotn\u011b odsouzen\u00e9mu v\u011bzni je 77 let a nejmlad\u0161\u00edmu je 33 let,\u201c \u0159ekla mluv\u010d\u00ed.<\/p>\n<p>Dosud se na svobodu dostali jen t\u0159i lid\u00e9 odpyk\u00e1vaj\u00edc\u00ed si do\u017eivot\u00ed. Prvn\u00edm byl Ji\u0159\u00ed Kaj\u00ednek, kter\u00fd dostal tento trest za dvojn\u00e1sobnou vra\u017edu a jemu\u017e v kv\u011btnu 2017 ud\u011blil milost prezident Milo\u0161 Zeman. Ve v\u011bzen\u00ed str\u00e1vil 23 let. Druh\u00fdm byl Franti\u0161ek M\u00fcller, kter\u00e9ho k do\u017eivot\u00ed odsoudila n\u011bmeck\u00e1 justice za \u00fa\u010dast na pokusu o loupe\u017enou vra\u017edu klenotn\u00edka v N\u011bmecku v roce 1995. V srpnu 2018 byl podm\u00edne\u010dn\u011b propu\u0161t\u011bn po odpyk\u00e1n\u00ed 20 let. V \u0159\u00edjnu 2021 byl propu\u0161t\u011bn z v\u011bzen\u00ed Robert Tempel, kter\u00fd do\u017eivot\u00ed dostal za dvojn\u00e1sobnou vra\u017edu v roce 2001. Ob\u017ealoby z vra\u017edy byl zpro\u0161t\u011bn pro nedostatek d\u016fkaz\u016f po z\u00e1saz\u00edch Evropsk\u00e9ho soudu pro lidsk\u00e1 pr\u00e1va ve \u0160trasburku a \u010desk\u00e9ho \u00dastavn\u00edho soudu. Ve v\u011bznic\u00edch str\u00e1vil zhruba 20 let.<\/p>\n<p>MOHLO BY V\u00c1S ZAJ\u00cdMAT: <a target=\"_blank\" href=\"https:\/\/cnn.iprima.cz\/slovensky-hannibal-a-bratr-slavneho-muzikanta-pry-jedl-zeny-mohl-jich-zabit-az-tricet-451435\" rel=\"nofollow noopener\">Slovensk\u00fd Hannibal a bratr slavn\u00e9ho muzikanta pr\u00fd jedl \u017eeny. Mohl jich zab\u00edt a\u017e t\u0159icet<\/a><\/p>\n","protected":false},"excerpt":{"rendered":"Trojn\u00e1sobn\u00fd vrah Jaroslav Hejna z P\u00edsecka, kter\u00fd byl v minulosti odsouzen na do\u017eivot\u00ed, z\u016fstane za m\u0159\u00ed\u017eemi. Jeho \u017e\u00e1dost&hellip;\n","protected":false},"author":2,"featured_media":201515,"comment_status":"","ping_status":"","sticky":false,"template":"","format":"standard","meta":{"footnotes":"","_share_on_mastodon":"0"},"categories":[10],"tags":[17,21,46054,16,13402,1231,20683,258,20682,3194,18,19,1230,22,1624,4396,1644,20],"class_list":["post-201514","post","type-post","status-publish","format-standard","has-post-thumbnail","category-zpravy","tag-headlines","tag-hlavni-udalosti","tag-jaroslav-hejna","tag-news","tag-okresni-soud","tag-pravo-a-spravedlnost","tag-rozsudek-a-trest","tag-soud","tag-soudni-proces","tag-soudnictvi","tag-top-news","tag-top-stories","tag-trestna-cinnost","tag-udalosti-dne","tag-vezeni","tag-vrah","tag-vrazda","tag-zpravy"],"share_on_mastodon":{"url":"https:\/\/pubeurope.com\/@cz\/117207407507235567","error":""},"_links":{"self":[{"href":"https:\/\/www.europesays.com\/cz\/wp-json\/wp\/v2\/posts\/201514","targetHints":{"allow":["GET"]}}],"collection":[{"href":"https:\/\/www.europesays.com\/cz\/wp-json\/wp\/v2\/posts"}],"about":[{"href":"https:\/\/www.europesays.com\/cz\/wp-json\/wp\/v2\/types\/post"}],"author":[{"embeddable":true,"href":"https:\/\/www.europesays.com\/cz\/wp-json\/wp\/v2\/users\/2"}],"replies":[{"embeddable":true,"href":"https:\/\/www.europesays.com\/cz\/wp-json\/wp\/v2\/comments?post=201514"}],"version-history":[{"count":0,"href":"https:\/\/www.europesays.com\/cz\/wp-json\/wp\/v2\/posts\/201514\/revisions"}],"wp:featuredmedia":[{"embeddable":true,"href":"https:\/\/www.europesays.com\/cz\/wp-json\/wp\/v2\/media\/201515"}],"wp:attachment":[{"href":"https:\/\/www.europesays.com\/cz\/wp-json\/wp\/v2\/media?parent=201514"}],"wp:term":[{"taxonomy":"category","embeddable":true,"href":"https:\/\/www.europesays.com\/cz\/wp-json\/wp\/v2\/categories?post=201514"},{"taxonomy":"post_tag","embeddable":true,"href":"https:\/\/www.europesays.com\/cz\/wp-json\/wp\/v2\/tags?post=201514"}],"curies":[{"name":"wp","href":"https:\/\/api.w.org\/{rel}","templated":true}]}}