{"id":201542,"date":"2026-09-03T14:02:18","date_gmt":"2026-09-03T14:02:18","guid":{"rendered":"https:\/\/www.europesays.com\/cz\/201542\/"},"modified":"2026-09-03T14:02:18","modified_gmt":"2026-09-03T14:02:18","slug":"evropa-stavi-novy-superpocitac-za-95-miliardy-dulezitou-roli-v-nem-dostali-cesi","status":"publish","type":"post","link":"https:\/\/www.europesays.com\/cz\/201542\/","title":{"rendered":"Evropa stav\u00ed nov\u00fd superpo\u010d\u00edta\u010d za 9,5 miliardy. D\u016fle\u017eitou roli v n\u011bm dostali \u010ce\u0161i"},"content":{"rendered":"<p>Nedaleko finsk\u00e9ho m\u011bsta Kajaani se v druh\u00e9 polovin\u011b p\u0159\u00ed\u0161t\u00edho roku rozb\u011bhne jeden z nejv\u00fdkonn\u011bj\u0161\u00edch superpo\u010d\u00edta\u010d\u016f sv\u011bta. P\u0159\u00edstroj Lumi AI vyjde na 388 milion\u016f eur, asi 9,5 miliardy korun. Za\u0159\u00edzen\u00ed um\u00edst\u011bn\u00e9 v modern\u00edm datacentru bude m\u00edt zaj\u00edmavou \u010deskou stopu. \u010cesk\u00e1 vl\u00e1da jako\u017eto \u010dlen mezin\u00e1rodn\u00edho konsorcia skrze ministerstvo \u0161kolstv\u00ed poskytne 7,4 milionu eur, asi 180 milion\u016f korun. \u010ce\u0161i se z\u00e1rove\u0148 s Francouzi budou pod\u00edlet na dod\u00e1vce samotn\u00fdch technologi\u00ed.\u00a0<\/p>\n<p>Superpo\u010d\u00edta\u010de (HPC) jsou rozs\u00e1hl\u00e9 instalace poskl\u00e1dan\u00e9 z velk\u00e9ho mno\u017estv\u00ed server\u016f. Historicky se na nich po\u010d\u00edtaly zejm\u00e9na r\u016fzn\u00e9 v\u011bdeck\u00e9 a pr\u016fmyslov\u00e9 operace, jako je t\u0159eba v\u00fdzkum l\u00e9k\u016f, simulace aerodynamiky u letadel a automobil\u016f a tak d\u00e1le. S p\u0159\u00edchodem um\u011bl\u00e9 inteligence postaven\u00e9 na velk\u00fdch jazykov\u00fdch modelech tyto HPC morfovaly do stroj\u016f, kter\u00e9 \u010d\u00edm d\u00e1l v\u00edce slou\u017e\u00ed i pro AI operace.\u00a0<\/p>\n<p>Francouzsk\u00fd b\u00fdk t\u00e1hne Star\u00fd kontinent<\/p>\n","protected":false},"excerpt":{"rendered":"Nedaleko finsk\u00e9ho m\u011bsta Kajaani se v druh\u00e9 polovin\u011b p\u0159\u00ed\u0161t\u00edho roku rozb\u011bhne jeden z nejv\u00fdkonn\u011bj\u0161\u00edch superpo\u010d\u00edta\u010d\u016f sv\u011bta. P\u0159\u00edstroj Lumi&hellip;\n","protected":false},"author":2,"featured_media":201543,"comment_status":"","ping_status":"","sticky":false,"template":"","format":"standard","meta":{"footnotes":"","_share_on_mastodon":"0"},"categories":[3],"tags":[6978,31422,42,109,108,106,25681,31420,36797,2495,38799,964],"class_list":["post-201542","post","type-post","status-publish","format-standard","has-post-thumbnail","category-evropa","tag-advanced-micro-devices","tag-bulla","tag-cesko","tag-europa","tag-europe","tag-evropa","tag-foxconn","tag-hewlett-packard-enterprise","tag-ministerstvo-skolstvi-mladeze-a-telovychovy-ceske-republiky","tag-nvidia","tag-superpocitac","tag-vlada"],"share_on_mastodon":{"url":"https:\/\/pubeurope.com\/@cz\/117207482040332503","error":""},"_links":{"self":[{"href":"https:\/\/www.europesays.com\/cz\/wp-json\/wp\/v2\/posts\/201542","targetHints":{"allow":["GET"]}}],"collection":[{"href":"https:\/\/www.europesays.com\/cz\/wp-json\/wp\/v2\/posts"}],"about":[{"href":"https:\/\/www.europesays.com\/cz\/wp-json\/wp\/v2\/types\/post"}],"author":[{"embeddable":true,"href":"https:\/\/www.europesays.com\/cz\/wp-json\/wp\/v2\/users\/2"}],"replies":[{"embeddable":true,"href":"https:\/\/www.europesays.com\/cz\/wp-json\/wp\/v2\/comments?post=201542"}],"version-history":[{"count":0,"href":"https:\/\/www.europesays.com\/cz\/wp-json\/wp\/v2\/posts\/201542\/revisions"}],"wp:featuredmedia":[{"embeddable":true,"href":"https:\/\/www.europesays.com\/cz\/wp-json\/wp\/v2\/media\/201543"}],"wp:attachment":[{"href":"https:\/\/www.europesays.com\/cz\/wp-json\/wp\/v2\/media?parent=201542"}],"wp:term":[{"taxonomy":"category","embeddable":true,"href":"https:\/\/www.europesays.com\/cz\/wp-json\/wp\/v2\/categories?post=201542"},{"taxonomy":"post_tag","embeddable":true,"href":"https:\/\/www.europesays.com\/cz\/wp-json\/wp\/v2\/tags?post=201542"}],"curies":[{"name":"wp","href":"https:\/\/api.w.org\/{rel}","templated":true}]}}