{"id":201548,"date":"2026-09-03T14:05:14","date_gmt":"2026-09-03T14:05:14","guid":{"rendered":"https:\/\/www.europesays.com\/cz\/201548\/"},"modified":"2026-09-03T14:05:14","modified_gmt":"2026-09-03T14:05:14","slug":"david-prachar-naznacil-duvod-rozvodu-s-rybovou-promluvil-o-alergii-na-partnera-a-silenstvi","status":"publish","type":"post","link":"https:\/\/www.europesays.com\/cz\/201548\/","title":{"rendered":"David Pracha\u0159 nazna\u010dil d\u016fvod rozvodu s\u00a0Rybovou: Promluvil o\u00a0alergii na partnera a\u00a0\u0161\u00edlenstv\u00ed"},"content":{"rendered":"<p>Pracha\u0159 promluvil o\u00a0zabij\u00e1kovi vztah\u016f<\/p>\n<p class=\"e_cz\">Rozpad dlouholet\u00e9ho man\u017eelstv\u00ed Davida Pracha\u0159e a\u00a0Lindy Rybov\u00e9 p\u0159i\u0161el pro mnoh\u00e9 jako po\u0159\u00e1dn\u00fd \u0161ok. Dvojice spolu str\u00e1vila v\u00edce ne\u017e dv\u011b dek\u00e1dy, vychovala t\u0159i spole\u010dn\u00e9 d\u011bti a\u00a0dlouh\u00e9 roky p\u016fsobila jako jeden ze stabiln\u00edch p\u00e1r\u016f \u010desk\u00e9ho showbyznysu. O\u00a0konkr\u00e9tn\u00edch p\u0159\u00ed\u010din\u00e1ch sv\u00e9ho odlou\u010den\u00ed ale ani jeden z\u00a0nich podrobn\u011b ve\u0159ejn\u011b nemluvil. V\u00a0lednu pouze spole\u010dn\u011b ozn\u00e1mili, \u017ee ji\u017e del\u0161\u00ed dobu \u017eij\u00ed odd\u011blen\u011b a\u00a0jejich dal\u0161\u00ed vztahy jsou v\u00fdsledkem osobn\u00edch rozhodnut\u00ed, s\u00a0nimi\u017e jsou oba srozum\u011bni.<\/p>\n<p><a data-dot=\"mol-article-card__media-link\" aria-hidden=\"true\" tabindex=\"-1\" href=\"https:\/\/medium.seznam.cz\/clanek\/veronika-vesela-katerina-brozova-nalozila-janu-krausovi-ostra-slova-o-upadku-jeho-show-316232\" class=\"e_w mol-article-card__media-link\" rel=\"nofollow noopener\" target=\"_blank\"><img fetchpriority=\"high\" alt=\"\" height=\"720\"   width=\"959\" src=\"https:\/\/www.europesays.com\/cz\/wp-content\/uploads\/2026\/09\/katerina.jpeg\" loading=\"eager\" decoding=\"sync\" class=\"e_ah e_af\"\/><\/a><\/p>\n<p class=\"e_cz\">O to zaj\u00edmav\u011bji dnes p\u016fsob\u00ed Pracha\u0159ova slova z\u00a0doby, kdy s\u00a0Rybovou je\u0161t\u011b tvo\u0159ili p\u00e1r. Herec tehdy popisoval, co se podle n\u011bj d\u011bje pot\u00e9, co z\u00a0dlouhodob\u00e9ho vztahu zmiz\u00ed po\u010d\u00e1te\u010dn\u00ed bezhlav\u00e1 zamilovanost.<\/p>\n<p class=\"e_cz\">\u201eNa za\u010d\u00e1tku, t\u011bsn\u011b po zasa\u017een\u00ed Amorov\u00fdm \u0161\u00edpem, se v\u00e1m ten druh\u00fd zd\u00e1 naprosto bezchybn\u00fd. Dokonce i\u00a0jeho nejhor\u0161\u00ed vlastnosti se jev\u00ed jako naprosto pozitivn\u00ed. Nebo aspo\u0148 nepodstatn\u00e9,\u201c vysv\u011btlil v\u00a0rozhovoru pro \u010dasopis Moje Psychologie.<\/p>\n<p>Zamilovanost vyst\u0159\u00edd\u00e1 \u201ealergie\u201c<\/p>\n<p class=\"e_cz\">Postupem \u010dasu se ale podle Pracha\u0159e m\u016f\u017ee pohled na milovan\u00e9ho \u010dlov\u011bka dramaticky prom\u011bnit. Vlastnosti, kter\u00e9 \u010dlov\u011bk na za\u010d\u00e1tku p\u0159ehl\u00ed\u017eel nebo mu dokonce p\u0159ipadaly sympatick\u00e9, mu mohou za\u010d\u00edt po\u0159\u00e1dn\u011b l\u00e9zt na nervy.<\/p>\n<p><img height=\"432\"   width=\"768\" src=\"https:\/\/www.europesays.com\/cz\/wp-content\/uploads\/2026\/09\/sarah.webp\" loading=\"eager\" decoding=\"sync\" class=\"e_ah e_af\"\/>Foto: Se svolen\u00edm TV Prima <\/p>\n<p class=\"e_cz\">David je u\u017e \u017eenat\u00fd se Sarah Hav\u00e1\u010dovou. <\/p>\n<p class=\"e_cz\">\u201eNo a\u00a0pak ty v\u011bci za\u010dnou trochu vadit. Pozd\u011bji v\u00e1s u\u017e dov\u00e1d\u011bj\u00ed k\u00a0\u0161\u00edlenstv\u00ed. Nast\u00e1v\u00e1 ponorkov\u00e1 nemoc. Alergie,\u201c popsal herec bez p\u0159\u00edkras.<\/p>\n<p class=\"e_cz\">Ani takov\u00e1 f\u00e1ze podle n\u011bj nemus\u00ed automaticky znamenat konec. P\u0159ich\u00e1z\u00ed v\u0161ak chv\u00edle, kdy u\u017e vztah nefunguje pouze d\u00edky prvotn\u00ed zamilovanosti a\u00a0oba partne\u0159i se o\u00a0n\u011bj mus\u00ed aktivn\u011b starat. \u201eA pak p\u0159ijde nekone\u010dn\u00e9 obdob\u00ed, kdy je nutn\u00e9 l\u00e1sku p\u011bstovat. N\u011bkdy je to opravdu nadlidsk\u00e9 \u00fasil\u00ed,\u201c dodal.<\/p>\n<p class=\"e_cz\">Zda pr\u00e1v\u011b n\u011bco podobn\u00e9ho sehr\u00e1lo roli tak\u00e9 v\u00a0jeho vztahu s\u00a0Rybovou, samoz\u0159ejm\u011b v\u011bd\u00ed pouze oni dva. Ve sv\u011btle jejich leto\u0161n\u00edho rozchodu v\u0161ak Pracha\u0159ova d\u00e1vn\u00e1 slova p\u016fsob\u00ed p\u0159inejmen\u0161\u00edm pozoruhodn\u011b.<\/p>\n<p>Rybov\u00e1 p\u0159izn\u00e1vala, \u017ee si jen pod\u00e1vali dve\u0159e<\/p>\n<p class=\"e_cz\">N\u00e1znaky, \u017ee spole\u010dn\u00e9ho \u010dasu postupn\u011b ub\u00fdvalo, nav\u00edc p\u0159ich\u00e1zely i\u00a0z druh\u00e9 strany. Linda Rybov\u00e1 u\u017e v\u00a0roce 2024\u00a0otev\u0159en\u011b mluvila o\u00a0tom, \u017ee skloubit pracovn\u00ed povinnosti obou herc\u016f se spole\u010dn\u00fdm rodinn\u00fdm \u017eivotem nen\u00ed v\u016fbec jednoduch\u00e9.<\/p>\n<p class=\"e_cz\">\u201eV\u017edy jsem se sna\u017eila, ale stejn\u011b jsme si sp\u00ed\u0161 pod\u00e1vali dve\u0159e. Byla bych hrozn\u011b r\u00e1da za n\u011bjak\u00e9 spole\u010dn\u00e9 ob\u011bdy nebo ve\u010de\u0159e, ale zkr\u00e1tka to u\u00a0n\u00e1s je naprost\u00e1 utopie,\u201c p\u0159iznala tehdy Rybov\u00e1 v\u00a0rozhovoru pro <a data-dot=\"atm-link\" target=\"_blank\" rel=\"ugc noopener nofollow\" href=\"https:\/\/www.expres.cz\/celebrity\/rozchod-rybove-a-prachare-naznaky-odcizeni-prichazely-dlouho-co-linda-prozradila.A260105_140533_dx-celebrity_stes?utm_source=chatgpt.com\" class=\"e_w\">Expres<\/a>. Dodala, \u017ee se s\u00a0man\u017eelem mnohdy v\u00eddali sp\u00ed\u0161e p\u0159i pr\u00e1ci a\u00a0v divadle ne\u017e doma.<\/p>\n<p class=\"e_cz\">Pr\u00e1v\u011b tato slova dnes p\u016fsob\u00ed jako dal\u0161\u00ed st\u0159\u00edpek do skl\u00e1da\u010dky jejich pozd\u011bj\u0161\u00edho odlou\u010den\u00ed. Bylo by v\u0161ak spekulac\u00ed tvrdit, \u017ee pr\u00e1v\u011b nedostatek spole\u010dn\u00e9ho \u010dasu nebo Pracha\u0159em popisovan\u00e1 \u201eponorkov\u00e1 nemoc\u201c jejich man\u017eelstv\u00ed skute\u010dn\u011b ukon\u010dily.<\/p>\n","protected":false},"excerpt":{"rendered":"Pracha\u0159 promluvil o\u00a0zabij\u00e1kovi vztah\u016f Rozpad dlouholet\u00e9ho man\u017eelstv\u00ed Davida Pracha\u0159e a\u00a0Lindy Rybov\u00e9 p\u0159i\u0161el pro mnoh\u00e9 jako po\u0159\u00e1dn\u00fd \u0161ok. Dvojice&hellip;\n","protected":false},"author":2,"featured_media":201549,"comment_status":"","ping_status":"","sticky":false,"template":"","format":"standard","meta":{"footnotes":"","_share_on_mastodon":"0"},"categories":[14],"tags":[1538,2432,426,79,650,427,4759,649,652,80],"class_list":["post-201548","post","type-post","status-publish","format-standard","has-post-thumbnail","category-zabava","tag-celebrity","tag-ceske-celebrity","tag-david-prachar","tag-entertainment","tag-lide","tag-linda-rybova","tag-rozchod","tag-spolecnost","tag-vztahy","tag-zabava"],"share_on_mastodon":{"url":"https:\/\/pubeurope.com\/@cz\/117207493944217310","error":""},"_links":{"self":[{"href":"https:\/\/www.europesays.com\/cz\/wp-json\/wp\/v2\/posts\/201548","targetHints":{"allow":["GET"]}}],"collection":[{"href":"https:\/\/www.europesays.com\/cz\/wp-json\/wp\/v2\/posts"}],"about":[{"href":"https:\/\/www.europesays.com\/cz\/wp-json\/wp\/v2\/types\/post"}],"author":[{"embeddable":true,"href":"https:\/\/www.europesays.com\/cz\/wp-json\/wp\/v2\/users\/2"}],"replies":[{"embeddable":true,"href":"https:\/\/www.europesays.com\/cz\/wp-json\/wp\/v2\/comments?post=201548"}],"version-history":[{"count":0,"href":"https:\/\/www.europesays.com\/cz\/wp-json\/wp\/v2\/posts\/201548\/revisions"}],"wp:featuredmedia":[{"embeddable":true,"href":"https:\/\/www.europesays.com\/cz\/wp-json\/wp\/v2\/media\/201549"}],"wp:attachment":[{"href":"https:\/\/www.europesays.com\/cz\/wp-json\/wp\/v2\/media?parent=201548"}],"wp:term":[{"taxonomy":"category","embeddable":true,"href":"https:\/\/www.europesays.com\/cz\/wp-json\/wp\/v2\/categories?post=201548"},{"taxonomy":"post_tag","embeddable":true,"href":"https:\/\/www.europesays.com\/cz\/wp-json\/wp\/v2\/tags?post=201548"}],"curies":[{"name":"wp","href":"https:\/\/api.w.org\/{rel}","templated":true}]}}