{"id":201554,"date":"2026-09-03T14:09:12","date_gmt":"2026-09-03T14:09:12","guid":{"rendered":"https:\/\/www.europesays.com\/cz\/201554\/"},"modified":"2026-09-03T14:09:12","modified_gmt":"2026-09-03T14:09:12","slug":"temer-ctyri-miliony-za-skluzavku-lide-se-divi-za-co-radnice-prahy-6-utraci","status":"publish","type":"post","link":"https:\/\/www.europesays.com\/cz\/201554\/","title":{"rendered":"T\u00e9m\u011b\u0159 \u010dty\u0159i miliony za skluzavku. Lid\u00e9 se div\u00ed, za co radnice Prahy 6\u00a0utr\u00e1c\u00ed"},"content":{"rendered":"<p class=\"c_bB\">\u201eSna\u017e\u00edme se hledat nejmodern\u011bj\u0161\u00ed trendy ve v\u0161em, i\u00a0v tr\u00e1ven\u00ed voln\u00e9ho \u010dasu. Kdy\u017e p\u016fjdete po Praze 6, m\u016f\u017eete potkat i\u00a0netradi\u010dn\u00ed atrakci,\u201c uvedl p\u0159i otev\u0159en\u00ed nov\u00e9 atrakce na za\u010d\u00e1tku z\u00e1\u0159\u00ed starosta Prahy 6\u00a0Jakub St\u00e1rek (ODS), kter\u00fd se n\u00e1sledn\u011b sklouznul. Ur\u010dena je toti\u017e nejen d\u011btem nad 120\u00a0centimetr\u016f, ale s\u00a0nosnost\u00ed 200\u00a0kilogram\u016f i\u00a0dosp\u011bl\u00fdm.<\/p>\n<p class=\"c_bB\">Tubus je z\u00a0nerezov\u00e9 oceli o\u00a0tlou\u0161\u0165ce dva milimetry a\u00a0celkov\u00e1 v\u00e1ha atrakce je dv\u011b a\u00a0p\u016fl tuny. Radn\u00ed Prahy 6\u00a0pro \u017eivotn\u00ed prost\u0159ed\u00ed a\u00a0klima Petr Palack\u00fd (Zelen\u00ed), kter\u00fd podle sv\u00fdch slov vznik inicioval, musel po zve\u0159ejn\u011bn\u00ed <a data-dot=\"atm-link\" target=\"_blank\" rel=\"noopener nofollow\" href=\"https:\/\/www.facebook.com\/groups\/praha6aktualne\/permalink\/2847185942332853\/\" class=\"c_I\">sv\u00e9ho p\u0159\u00edsp\u011bvku<\/a> na soci\u00e1ln\u00ed s\u00edti obhajovat cenovku 3,8\u00a0milionu: \u201eJsou to dob\u0159e vynalo\u017een\u00e9 pen\u00edze? Rozhodn\u011b, p\u0159ij\u010fte si vyzkou\u0161et a\u00a0d\u00e1te mi za pravdu.\u201c<\/p>\n<p><a data-dot=\"atm-link\" target=\"_self\" href=\"https:\/\/www.novinky.cz\/clanek\/domaci-zpravy-hlavni-mesto-praha-skluzavka-je-hodne-strma-chlapec-ktery-si-na-ni-zlomil-obratle-pravidla-neporusil-40577187\" class=\"c_I\" rel=\"nofollow noopener\"><img fetchpriority=\"high\" height=\"1125\" width=\"2000\" src=\"https:\/\/www.europesays.com\/cz\/wp-content\/uploads\/2026\/09\/skluzavka-nebezpecna-skluzavka-praha-5-detske-hriste-okrouhlik.jpeg\" loading=\"eager\" decoding=\"sync\" class=\"c_t c_r\"\/><\/a><\/p>\n<p class=\"c_bB\">Ne ka\u017ed\u00fd s\u00a0n\u00edm ale souhlas\u00ed. \u201eKdyby se pen\u00edze rad\u011bji v\u011bnovaly na opravu a\u00a0\u00fadr\u017ebu st\u00e1vaj\u00edc\u00edch h\u0159i\u0161\u0165 nebo vybudov\u00e1n\u00ed ve\u0159ejn\u00fdch WC,\u201c uvedla v\u00a0koment\u00e1\u0159\u00edch u\u017eivatelka Alena Ludv\u00edkov\u00e1. Jin\u00fdm lidem se zase novinka l\u00edb\u00ed a\u00a0pochvaluj\u00ed si ji. \u201eZa m\u011b je to skv\u011bl\u00fd po\u010din. Jsem r\u00e1d, \u017ee v\u00a0okol\u00ed vznikaj\u00ed i\u00a0zaj\u00edmav\u00e9 a\u00a0kreativn\u00ed v\u011bci (pobl\u00ed\u017e t\u0159eba pobytov\u00fd vodotrysk p\u0159ed \u0161kolou Anton\u00edna \u010cerm\u00e1ka), za kter\u00fdmi je mo\u017en\u00e9 j\u00edt na proch\u00e1zku,\u201c napsal pod p\u0159\u00edsp\u011bvkem u\u017eivatel Jan Mike\u0161.<\/p>\n<p class=\"c_bB\">Dal\u0161\u00ed se p\u0159\u00edmo pod p\u0159\u00edsp\u011bvkem ptaj\u00ed, jestli by nebylo lep\u0161\u00ed opravit za ty pen\u00edze schodi\u0161t\u011b, kter\u00e9 vede od horn\u00ed \u010d\u00e1sti svahov\u00e9 skluzavky od chodn\u00edku sl\u00e1vy fotbalist\u016f Dukly a\u00a0bronzov\u00e9 sochy slavn\u00e9ho fotbalisty Josefa Masopusta dol\u016f k\u00a0parkovi\u0161ti.<\/p>\n<p class=\"c_bB\">\u201eAno, ty schody u\u017e maj\u00ed sv\u00e9 za sebou a\u00a0Technick\u00e1 spr\u00e1va komunikac\u00ed, kter\u00e1 se o\u00a0n\u011b star\u00e1, p\u0159ipravuje jejich gener\u00e1ln\u00ed rekonstrukci. V\u00a0souvislosti s\u00a0instalac\u00ed klouza\u010dky pro\u0161ly schody aspo\u0148 nejnutn\u011bj\u0161\u00ed havarijn\u00ed opravou,\u201c uvedl Palack\u00fd.<\/p>\n<p class=\"c_bB\">Na z\u00e1klad\u011b kritiky a\u00a0dotaz\u016f zve\u0159ejnil p\u0159\u00edmo na soci\u00e1ln\u00ed s\u00edti podrobn\u011bj\u0161\u00ed rozpo\u010det. Stavebn\u00ed \u010d\u00e1st s\u00a0\u00fapravou ter\u00e9nu, v\u00fdkopov\u00fdmi pracemi, beton\u00e1\u017e\u00ed z\u00e1klad\u016f a\u00a0osazen\u00ed ocelov\u00fdmi kotvami, v\u010detn\u011b mont\u00e1\u017ee konstrukce n\u00e1stupn\u00ed plo\u0161iny, vy\u0161lo na \u010d\u00e1stku lehce p\u0159es dva miliony v\u010detn\u011b dan\u011b. Dod\u00e1vka konstrukce tobog\u00e1nu z\u00a0nerezov\u00e9 oceli st\u00e1la p\u0159es 1,4\u00a0milionu a\u00a0mont\u00e1\u017en\u00ed pr\u00e1ce se sestavov\u00e1n\u00edm na m\u00edst\u011b na necel\u00fdch 350\u00a0tis\u00edc.<\/p>\n<p><a data-dot=\"atm-link\" target=\"_self\" href=\"https:\/\/www.novinky.cz\/clanek\/domaci-zpravy-hlavni-mesto-praha-nebezpecna-skluzavka-z-prahy-na-ktere-si-chlapec-zlomil-obratle-zmizela-40578405\" class=\"c_I\" rel=\"nofollow noopener\"><img height=\"1080\" width=\"1920\" src=\"https:\/\/www.europesays.com\/cz\/wp-content\/uploads\/2026\/09\/skluzavka.jpeg\" loading=\"eager\" decoding=\"sync\" class=\"c_t c_r\"\/><\/a><\/p>\n<p class=\"c_bB\">\u201eSkluzavka je um\u00edst\u011bna na osmi podp\u011brn\u00fdch vysouvac\u00edch sloupech a\u00a0dal\u0161\u00edch \u010dty\u0159ech sloupech na v\u00fdjezdu. Je to ter\u00e9nn\u00ed skluzavka, ale stavebn\u011b ji nen\u00ed mo\u017en\u00e9 um\u00eds\u0165ovat bez kotven\u00ed jenom tak do dost nestabiln\u00edho svahu, jedn\u00e1 se o\u00a0historickou zav\u00e1\u017eku,\u201c podotkl s\u00a0t\u00edm, \u017ee jde o\u00a0profesion\u00e1ln\u00ed prvek s\u00a0certifikac\u00ed, tak\u017ee se v\u00a0n\u011bm nem\u00e1 st\u00e1t nic nepat\u0159i\u010dn\u00e9ho.<\/p>\n<p class=\"c_bB\">Skluzavka je v\u00a0provozu ka\u017ed\u00fd den\u00a0za vhodn\u00fdch klimatick\u00fdch podm\u00ednek, ale zamyk\u00e1 se na noc, p\u0159i de\u0161ti a\u00a0p\u0159i poklesu teploty pod \u010dty\u0159i stupn\u011b Celsia. O\u00a0jej\u00ed provoz se za\u010dala starat nedalek\u00e1 Stanice technik\u016f DDM Praha, jej\u00ed\u017e venkovn\u00ed are\u00e1l poskytuje d\u011btem k\u00a0dispozici dal\u0161\u00ed hrav\u00e9 a\u00a0netradi\u010dn\u00ed prvky.<\/p>\n<p><a data-dot=\"atm-link\" target=\"_self\" href=\"https:\/\/www.novinky.cz\/clanek\/domaci-zpravy-hlavni-mesto-praha-deti-vyfasuji-naradi-i-pres-leto-stavi-bunkry-na-specialnim-prazskem-hristi-ktere-shani-prkna-a-late-40584612\" class=\"c_I\" rel=\"nofollow noopener\"><img height=\"900\" width=\"1600\" src=\"https:\/\/www.europesays.com\/cz\/wp-content\/uploads\/2026\/09\/dobrodruzne-hriste-praha-6.jpeg\" loading=\"eager\" decoding=\"sync\" class=\"c_t c_r\"\/><\/a><\/p>\n","protected":false},"excerpt":{"rendered":"\u201eSna\u017e\u00edme se hledat nejmodern\u011bj\u0161\u00ed trendy ve v\u0161em, i\u00a0v tr\u00e1ven\u00ed voln\u00e9ho \u010dasu. Kdy\u017e p\u016fjdete po Praze 6, m\u016f\u017eete potkat&hellip;\n","protected":false},"author":2,"featured_media":201555,"comment_status":"","ping_status":"","sticky":false,"template":"","format":"standard","meta":{"footnotes":"","_share_on_mastodon":"0"},"categories":[7],"tags":[43,42,41,40,444,6581,2747,25290,5256,1017,20030,2662,16555,80],"class_list":["post-201554","post","type-post","status-publish","format-standard","has-post-thumbnail","category-cesko","tag-ceska-republika","tag-cesko","tag-czech-republic","tag-czechia","tag-deti","tag-detske-hriste","tag-fk-dukla-praha","tag-josef-masopust","tag-miliony","tag-praha-6","tag-skluzavka","tag-socha","tag-tobogan","tag-zabava"],"share_on_mastodon":{"url":"https:\/\/pubeurope.com\/@cz\/117207509823572779","error":""},"_links":{"self":[{"href":"https:\/\/www.europesays.com\/cz\/wp-json\/wp\/v2\/posts\/201554","targetHints":{"allow":["GET"]}}],"collection":[{"href":"https:\/\/www.europesays.com\/cz\/wp-json\/wp\/v2\/posts"}],"about":[{"href":"https:\/\/www.europesays.com\/cz\/wp-json\/wp\/v2\/types\/post"}],"author":[{"embeddable":true,"href":"https:\/\/www.europesays.com\/cz\/wp-json\/wp\/v2\/users\/2"}],"replies":[{"embeddable":true,"href":"https:\/\/www.europesays.com\/cz\/wp-json\/wp\/v2\/comments?post=201554"}],"version-history":[{"count":0,"href":"https:\/\/www.europesays.com\/cz\/wp-json\/wp\/v2\/posts\/201554\/revisions"}],"wp:featuredmedia":[{"embeddable":true,"href":"https:\/\/www.europesays.com\/cz\/wp-json\/wp\/v2\/media\/201555"}],"wp:attachment":[{"href":"https:\/\/www.europesays.com\/cz\/wp-json\/wp\/v2\/media?parent=201554"}],"wp:term":[{"taxonomy":"category","embeddable":true,"href":"https:\/\/www.europesays.com\/cz\/wp-json\/wp\/v2\/categories?post=201554"},{"taxonomy":"post_tag","embeddable":true,"href":"https:\/\/www.europesays.com\/cz\/wp-json\/wp\/v2\/tags?post=201554"}],"curies":[{"name":"wp","href":"https:\/\/api.w.org\/{rel}","templated":true}]}}