{"id":201558,"date":"2026-09-03T14:11:12","date_gmt":"2026-09-03T14:11:12","guid":{"rendered":"https:\/\/www.europesays.com\/cz\/201558\/"},"modified":"2026-09-03T14:11:12","modified_gmt":"2026-09-03T14:11:12","slug":"ceske-firmy-jsou-nejoptimistictejsi-v-evrope-za-svetovym-prumerem-ale-stale-zaostavaji","status":"publish","type":"post","link":"https:\/\/www.europesays.com\/cz\/201558\/","title":{"rendered":"\u010cesk\u00e9 firmy jsou nejoptimisti\u010dt\u011bj\u0161\u00ed v Evrop\u011b. Za sv\u011btov\u00fdm pr\u016fm\u011brem ale st\u00e1le zaost\u00e1vaj\u00ed"},"content":{"rendered":"<p class=\"_text_yrczc_117 _size_body_1_yrczc_2731\">\u010cesk\u00e9 firmy jsou podle mezin\u00e1rodn\u00edho pr\u016fzkumu nejoptimisti\u010dt\u011bj\u0161\u00ed v\u00a0Evrop\u011b. Celkov\u00e1 n\u00e1lada v\u00a0Evrop\u011b je ale nejhor\u0161\u00ed ze\u00a0v\u0161ech sledovan\u00fdch region\u016f sv\u011bta, nejoptimisti\u010dt\u011bj\u0161\u00ed jsou naopak firmy na\u00a0Bl\u00edzk\u00e9m v\u00fdchod\u011b a\u00a0v\u00a0Africe v\u00a0\u010dele s\u00a0Jihoafrickou republikou. Vypl\u00fdv\u00e1 to z\u00a0aktu\u00e1ln\u00edho pr\u016fzkumu Moore Thrive Index, v\u00a0jeho\u017e r\u00e1mci mezin\u00e1rodn\u00ed poradensk\u00e1 s\u00ed\u0165 Moore Global oslovila 2425 vrcholn\u00fdch mana\u017eer\u016f v\u00a017 zem\u00edch sv\u011bta. \u010cR v\u00a0\u017eeb\u0159\u00ed\u010dku\u00a0dos\u00e1hla sk\u00f3re 32,6 bodu a\u00a0p\u0159edstihla v\u0161echny sledovan\u00e9 evropsk\u00e9 ekonomiky. Proti roku 2024 si z\u00e1rove\u0148 v\u00fdrazn\u011b polep\u0161ila.<\/p>\n<p class=\"_text_yrczc_117 _size_body_1_yrczc_2731\">Za\u00a0dobrou n\u00e1ladou tuzemsk\u00fdch podnik\u016f stoj\u00ed p\u0159edev\u0161\u00edm zotaven\u00ed dodavatelsk\u00fdch \u0159et\u011bzc\u016f a\u00a0vy\u0161\u0161\u00ed provozn\u00ed efektivita, kter\u00e9 jim v\u00a0uplynul\u00e9m roce pomohly k\u00a0lep\u0161\u00edm v\u00fdsledk\u016fm. V\u00edce ne\u017e polovina z\u00a0nich v\u0161ak jako riziko vn\u00edm\u00e1 napjat\u00fd trh pr\u00e1ce.<\/p>\n<p class=\"_text_yrczc_117 _size_body_1_yrczc_2731\">Moore Thrive Index zachycuje, jak firmy hodnot\u00ed sv\u016fj v\u00fdvoj za\u00a0uplynul\u00fd rok a\u00a0jak\u00e1 maj\u00ed o\u010dek\u00e1v\u00e1n\u00ed pro\u00a0rok n\u00e1sleduj\u00edc\u00ed. Vych\u00e1z\u00ed z\u00a0hodnocen\u00ed p\u011bti oblast\u00ed, kter\u00fdmi jsou celkov\u00e1 v\u00fdkonnost byznysu, tr\u017eby, n\u00e1klady, trh pr\u00e1ce a\u00a0investice. Glob\u00e1ln\u00ed pr\u016fm\u011br letos dos\u00e1hl 35,1 bodu, a\u00a0\u010desk\u00e9 sk\u00f3re se\u00a0tak ocitlo m\u00edrn\u011b pod\u00a0n\u00edm. Nizozemsko dos\u00e1hlo 28,8 bodu, Velk\u00e1 Brit\u00e1nie 26,2 bodu, It\u00e1lie 24,4 bodu, N\u011bmecko 20,3 bodu, Francie 15,2 bodu a\u00a0Belgie pouze 12 bod\u016f. Evropsk\u00e9 podniky jsou celosv\u011btov\u011b nejopatrn\u011bj\u0161\u00ed, proto\u017ee\u00a0se\u00a0pot\u00fdkaj\u00ed s\u00a0p\u0159etrv\u00e1vaj\u00edc\u00edmi tlaky na\u00a0n\u00e1klady a\u00a0slab\u00fdm hospod\u00e1\u0159sk\u00fdm r\u016fstem.<\/p>\n<p><a href=\"https:\/\/www.hrot24.cz\/clanek\/ceske-firmy-generacni-obmena-prodej-akvizice-HvVUi\" target=\"_self\" rel=\"nofollow noopener\"><img loading=\"lazy\" decoding=\"async\" src=\"https:\/\/www.europesays.com\/cz\/wp-content\/uploads\/2026\/09\/1788444671_420_CROP.webp\"  width=\"292\" height=\"164\" class=\"_image_m7o9x_1 aspect-16\/9 @lg:w-[292px] @2xl:w-[343px] w-full\" alt=\"\u010cesk\u00e9 firmy \u010dek\u00e1 genera\u010dn\u00ed obm\u011bna. T\u0159etina majitel\u016f zva\u017euje prodej, roste i z\u00e1jem o akvizice\"\/><\/a> <\/p>\n<p class=\"_text_yrczc_117 _size_body_1_yrczc_2731\">\u201eV\u00fdsledky Moore Thrive Indexu potvrzuj\u00ed i\u00a0na\u0161e n\u00e1rodn\u00ed data. Konkr\u00e9tn\u011b jde o\u00a0indik\u00e1tor d\u016fv\u011bry, kter\u00fd sleduje \u010cesk\u00fd statistick\u00fd \u00fa\u0159ad. D\u016fv\u011bra v\u00a0\u010deskou ekonomiku se\u00a0podle n\u011bj letos v\u00a0l\u00e9t\u011b pohybuje nad\u00a0hranic\u00ed sta bod\u016f. Souhrnn\u00fd indik\u00e1tor vystoupal v\u00a0\u010dervnu na\u00a0101 bod\u016f a\u00a0v\u00a0\u010dervenci je\u0161t\u011b m\u00edrn\u011b p\u0159idal na\u00a0101,1 bodu. Povzbudiv\u00e1 je hlavn\u011b skute\u010dnost, \u017ee d\u016fv\u011bra podnikatel\u016f rostla v\u00a0\u010dervenci ve\u00a0v\u0161ech sledovan\u00fdch odv\u011btv\u00edch, nejv\u00edce ve\u00a0stavebnictv\u00ed a\u00a0v\u00a0obchod\u011b,\u201c uvedl partner poradensk\u00e9 skupiny Moore Czech Republic Petr Kymli\u010dka. Celkov\u00fd v\u00fdhled tuzemsk\u00e9 ekonomiky je podle n\u011bj sp\u00ed\u0161e optimistick\u00fd.<\/p>\n<p class=\"_text_yrczc_117 _size_body_1_yrczc_2731\">Nejv\u011bt\u0161\u00ed d\u016fv\u011bru ve\u00a0vlastn\u00ed budoucnost maj\u00ed podniky na\u00a0Bl\u00edzk\u00e9m v\u00fdchod\u011b a\u00a0v\u00a0Africe. Celosv\u011btov\u00e9mu \u017eeb\u0159\u00ed\u010dku\u00a0v\u00e9vod\u00ed Jihoafrick\u00e1 republika se\u00a047,6 bodu. T\u011bsn\u011b za\u00a0n\u00ed n\u00e1sleduj\u00ed Sa\u00fadsk\u00e1 Ar\u00e1bie se\u00a046,2 bodu a\u00a0Spojen\u00e9 arabsk\u00e9 emir\u00e1ty se\u00a044,5 bodu. Nad\u00a0pr\u016fm\u011brem se\u00a0dr\u017e\u00ed tak\u00e9 Indie se\u00a044,1 bodu, USA se\u00a040,6 bodu a\u00a0\u010c\u00edna\u00a0s\u00a039,5 bodu. \u017d\u00e1dn\u00e1 evropsk\u00e1 zem\u011b nep\u0159ekro\u010dila hranici 33 bod\u016f. \u010cesk\u00e9 spole\u010dnosti za\u00a0sv\u011btovou \u0161pi\u010dkou zaost\u00e1vaj\u00ed o\u00a015 bod\u016f.<\/p>\n<p><a href=\"https:\/\/www.hrot24.cz\/clanek\/miliardy-lidi-se-radi-s-ai-ceske-firmy-se-predhaneji-aby-je-chatgpt-doporucil-JPjML\" target=\"_self\" rel=\"nofollow noopener\"><img loading=\"lazy\" decoding=\"async\" src=\"https:\/\/www.europesays.com\/cz\/wp-content\/uploads\/2026\/09\/1788444672_921_CROP.jpeg\"  width=\"292\" height=\"164\" class=\"_image_m7o9x_1 aspect-16\/9 @lg:w-[292px] @2xl:w-[343px] w-full\" alt=\"Miliardy lid\u00ed se rad\u00ed s AI. \u010cesk\u00e9 firmy se p\u0159edh\u00e1n\u011bj\u00ed, aby je ChatGPT doporu\u010dil\"\/><\/a> <\/p>\n<p class=\"_text_yrczc_117 _size_body_1_yrczc_2731\">\u201eJe to ur\u010dit\u00fd paradox. Firmy v\u00a0Sa\u00fadsk\u00e9 Ar\u00e1bii nebo ve\u00a0Spojen\u00fdch arabsk\u00fdch emir\u00e1tech podnikaj\u00ed v\u00a0regionu, kter\u00fd \u017eije v\u00a0trval\u00e9m nap\u011bt\u00ed a\u00a0s\u00a0rizikem dal\u0161\u00edho konfliktu v\u00a0okol\u00ed \u00cdr\u00e1nu. P\u0159esto hled\u00ed do\u00a0budoucna s\u00a0mnohem v\u011bt\u0161\u00ed d\u016fv\u011brou ne\u017e podniky v\u00a0bezpe\u010dn\u00e9 z\u00e1padn\u00ed Evrop\u011b. Ukazuje se, \u017ee n\u00e1ladu firem neur\u010duje geopolitick\u00e9 riziko, ale dynamika dom\u00e1c\u00ed ekonomiky. Bl\u00edzk\u00fd v\u00fdchod roste a\u00a0investuje, zat\u00edmco z\u00e1padn\u00ed Evropa \u0159e\u0161\u00ed vysok\u00e9 n\u00e1klady a\u00a0stagnaci,\u201c uzav\u0159el Kymli\u010dka.<\/p>\n","protected":false},"excerpt":{"rendered":"\u010cesk\u00e9 firmy jsou podle mezin\u00e1rodn\u00edho pr\u016fzkumu nejoptimisti\u010dt\u011bj\u0161\u00ed v\u00a0Evrop\u011b. Celkov\u00e1 n\u00e1lada v\u00a0Evrop\u011b je ale nejhor\u0161\u00ed ze\u00a0v\u0161ech sledovan\u00fdch region\u016f sv\u011bta,&hellip;\n","protected":false},"author":2,"featured_media":201559,"comment_status":"","ping_status":"","sticky":false,"template":"","format":"standard","meta":{"footnotes":"","_share_on_mastodon":"0"},"categories":[3],"tags":[4495,68,2507,16769,17731,46097,708,109,108,106,1197,378,69,25632,46096,46095,375,46094,8324,46098,6610,1532],"class_list":["post-201558","post","type-post","status-publish","format-standard","has-post-thumbnail","category-evropa","tag-blizky-vychod","tag-byznys","tag-ceska-ekonomika","tag-ceske-firmy","tag-dodavatelske-retezce","tag-duvera-podnikatelu","tag-ekonomika","tag-europa","tag-europe","tag-evropa","tag-firmy","tag-francie","tag-investice","tag-jihoafricka-republika","tag-moore-global","tag-moore-thrive-index","tag-nemecko","tag-optimismus-firem","tag-podnikatele","tag-provozni-efektivita","tag-saudska-arabie","tag-trh-prace"],"share_on_mastodon":{"url":"https:\/\/pubeurope.com\/@cz\/117207517790208159","error":""},"_links":{"self":[{"href":"https:\/\/www.europesays.com\/cz\/wp-json\/wp\/v2\/posts\/201558","targetHints":{"allow":["GET"]}}],"collection":[{"href":"https:\/\/www.europesays.com\/cz\/wp-json\/wp\/v2\/posts"}],"about":[{"href":"https:\/\/www.europesays.com\/cz\/wp-json\/wp\/v2\/types\/post"}],"author":[{"embeddable":true,"href":"https:\/\/www.europesays.com\/cz\/wp-json\/wp\/v2\/users\/2"}],"replies":[{"embeddable":true,"href":"https:\/\/www.europesays.com\/cz\/wp-json\/wp\/v2\/comments?post=201558"}],"version-history":[{"count":0,"href":"https:\/\/www.europesays.com\/cz\/wp-json\/wp\/v2\/posts\/201558\/revisions"}],"wp:featuredmedia":[{"embeddable":true,"href":"https:\/\/www.europesays.com\/cz\/wp-json\/wp\/v2\/media\/201559"}],"wp:attachment":[{"href":"https:\/\/www.europesays.com\/cz\/wp-json\/wp\/v2\/media?parent=201558"}],"wp:term":[{"taxonomy":"category","embeddable":true,"href":"https:\/\/www.europesays.com\/cz\/wp-json\/wp\/v2\/categories?post=201558"},{"taxonomy":"post_tag","embeddable":true,"href":"https:\/\/www.europesays.com\/cz\/wp-json\/wp\/v2\/tags?post=201558"}],"curies":[{"name":"wp","href":"https:\/\/api.w.org\/{rel}","templated":true}]}}