{"id":201568,"date":"2026-09-03T14:17:14","date_gmt":"2026-09-03T14:17:14","guid":{"rendered":"https:\/\/www.europesays.com\/cz\/201568\/"},"modified":"2026-09-03T14:17:14","modified_gmt":"2026-09-03T14:17:14","slug":"navrat-a380-do-prahy-se-priblizil-letiste-potvrdilo-termin-priletu-superjumba","status":"publish","type":"post","link":"https:\/\/www.europesays.com\/cz\/201568\/","title":{"rendered":"N\u00e1vrat A380 do Prahy se p\u0159ibl\u00ed\u017eil. Leti\u0161t\u011b potvrdilo term\u00edn p\u0159\u00edletu superjumba"},"content":{"rendered":"<p>\n                                        Na Ruzyni bude l\u00e9tat stroj v konfiguraci pro v\u00edce ne\u017e 500 cestuj\u00edc\u00edch.                                    <\/p>\n<p>Od 1. \u0159\u00edjna se m\u00e1 na pravidelnou linku leteck\u00e9 spole\u010dnosti Emirates Praha \u2013 Dubaj vr\u00e1tit Airbus A380. Den\u00edku Zdopravy.cz to potvrdil mluv\u010d\u00ed Leti\u0161t\u011b Praha Ji\u0159\u00ed Hannich. Pl\u00e1novan\u00e9 nasazen\u00ed letounu je patrn\u00e9 i z rezerva\u010dn\u00edho syst\u00e9mu aerolinky, p\u0159\u00edlet do Prahy bude podle letov\u00e9ho \u0159\u00e1du ve 13:10.<\/p>\n<p>\u201eOp\u011btovn\u00e9 nasazen\u00ed tohoto letadla na pravideln\u00e9 lety mezi Prahou a Dubaj\u00ed se bude pochopiteln\u011b odv\u00edjet od provozn\u00ed a bezpe\u010dnostn\u00ed situace v bl\u00edzkov\u00fdchodn\u00edm regionu,\u201c dodal Hannich.<\/p>\n<p>Na trasu m\u00e1 b\u00fdt podle Hannicha nasazov\u00e1n stroj pro celkem 569 cestuj\u00edc\u00edch. M\u011blo by j\u00edt o letoun v konfiguraci t\u0159\u00ed cestovn\u00edch t\u0159\u00edd. Aktu\u00e1ln\u011b lety zaji\u0161\u0165uj\u00ed letouny Boeing 777-300ER v konfiguraci dvou cestovn\u00edch t\u0159\u00edd s celkovou kapacitou 421 cestuj\u00edc\u00edch. L\u00e9t\u00e1 se ka\u017ed\u00fd den.<\/p>\n<p>\u010cty\u0159motorov\u00e9 superjumbo bylo v Praze u\u017e tradi\u010dn\u00ed z\u00e1le\u017eitost\u00ed, v\u0161e v\u0161ak zm\u011bnila krize v Persk\u00e9m z\u00e1livu a \u00fatoky USA a Izraele na \u00cdr\u00e1n zkraje roku.<\/p>\n<p>Emirates za\u010daly l\u00e9tat do Prahy s A380 v roce 2016. Po pandemii se letoun vr\u00e1til na Ruzyni 1. prosince 2024. Po za\u010d\u00e1tku \u00fatoku USA a Izraele na \u00cdr\u00e1n 28. \u00fanora si pravideln\u00e1 linka Dubaj \u2013 Praha dala na n\u011bkolik dn\u016f pauzu. I s A380 se vr\u00e1tila 5. b\u0159ezna. Je\u0161t\u011b v tom sam\u00e9m m\u011bs\u00edci v\u0161ak A380 vyst\u0159\u00eddal pr\u00e1v\u011b Boeing 777-300ER, p\u0159i\u010dem\u017e n\u00e1vrat airbusu se neust\u00e1le odsouval.<\/p>\n<p>Leteck\u00fd provoz mezi Prahou a oblast\u00ed Persk\u00e9ho z\u00e1livu u\u017e je pom\u011brn\u011b standardn\u00ed. V provozu jsou pravideln\u00e9 linky Etihadu, Qatar Airways, Air Arabia i flyDubai.<\/p>\n<p>                                                        Tagy<\/p>\n<p>                                                                                                                                                                                                                            <a href=\"https:\/\/zdopravy.cz\/tag\/a380\/\" type=\"button\" class=\"btn btn-secondary mb-1 btn-sm\" rel=\"nofollow noopener\" target=\"_blank\"><br \/>\n                                                                A380                                                            <\/a><br \/>\n                                                                                                                                                                                                                                <a href=\"https:\/\/zdopravy.cz\/tag\/airbus-a380\/\" type=\"button\" class=\"btn btn-secondary mb-1 btn-sm\" rel=\"nofollow noopener\" target=\"_blank\"><br \/>\n                                                                Airbus A380                                                            <\/a><br \/>\n                                                                                                                                                                                                                                <a href=\"https:\/\/zdopravy.cz\/tag\/ek\/\" type=\"button\" class=\"btn btn-secondary mb-1 btn-sm\" rel=\"nofollow noopener\" target=\"_blank\"><br \/>\n                                                                EK                                                            <\/a><br \/>\n                                                                                                                                                                                                                                <a href=\"https:\/\/zdopravy.cz\/tag\/emirates\/\" type=\"button\" class=\"btn btn-secondary mb-1 btn-sm\" rel=\"nofollow noopener\" target=\"_blank\"><br \/>\n                                                                emirates                                                            <\/a><br \/>\n                                                                                                                                                                                                                                <a href=\"https:\/\/zdopravy.cz\/tag\/letiste-praha\/\" type=\"button\" class=\"btn btn-secondary mb-1 btn-sm\" rel=\"nofollow noopener\" target=\"_blank\"><br \/>\n                                                                leti\u0161t\u011b praha                                                            <\/a><br \/>\n                                                                                                                                                                                                                                <a href=\"https:\/\/zdopravy.cz\/tag\/prg\/\" type=\"button\" class=\"btn btn-secondary mb-1 btn-sm\" rel=\"nofollow noopener\" target=\"_blank\"><br \/>\n                                                                prg                                                            <\/a><\/p>\n<p>                                                <a href=\"https:\/\/zdopravy.cz\/navrat-a380-do-prahy-se-priblizil-letiste-potvrdilo-termin-priletu-superjumba-297679\/?comments=1#comments\" class=\"ml-3 text-body mb-3 mt-4 d-inline-block\" rel=\"nofollow noopener\" target=\"_blank\"><\/p>\n<p>                                                    1 koment\u00e1\u0159                                                <\/a><\/p>\n","protected":false},"excerpt":{"rendered":"Na Ruzyni bude l\u00e9tat stroj v konfiguraci pro v\u00edce ne\u017e 500 cestuj\u00edc\u00edch. Od 1. \u0159\u00edjna se m\u00e1 na&hellip;\n","protected":false},"author":2,"featured_media":201569,"comment_status":"","ping_status":"","sticky":false,"template":"","format":"standard","meta":{"footnotes":"","_share_on_mastodon":"0"},"categories":[11],"tags":[6664,6665,858,6526,384,385,119,54,53,52],"class_list":["post-201568","post","type-post","status-publish","format-standard","has-post-thumbnail","category-svet","tag-a380","tag-airbus-a380","tag-ek","tag-emirates","tag-letiste-praha","tag-prg","tag-seznam","tag-svet","tag-world","tag-world-news"],"share_on_mastodon":{"url":"https:\/\/pubeurope.com\/@cz\/117207541018218431","error":""},"_links":{"self":[{"href":"https:\/\/www.europesays.com\/cz\/wp-json\/wp\/v2\/posts\/201568","targetHints":{"allow":["GET"]}}],"collection":[{"href":"https:\/\/www.europesays.com\/cz\/wp-json\/wp\/v2\/posts"}],"about":[{"href":"https:\/\/www.europesays.com\/cz\/wp-json\/wp\/v2\/types\/post"}],"author":[{"embeddable":true,"href":"https:\/\/www.europesays.com\/cz\/wp-json\/wp\/v2\/users\/2"}],"replies":[{"embeddable":true,"href":"https:\/\/www.europesays.com\/cz\/wp-json\/wp\/v2\/comments?post=201568"}],"version-history":[{"count":0,"href":"https:\/\/www.europesays.com\/cz\/wp-json\/wp\/v2\/posts\/201568\/revisions"}],"wp:featuredmedia":[{"embeddable":true,"href":"https:\/\/www.europesays.com\/cz\/wp-json\/wp\/v2\/media\/201569"}],"wp:attachment":[{"href":"https:\/\/www.europesays.com\/cz\/wp-json\/wp\/v2\/media?parent=201568"}],"wp:term":[{"taxonomy":"category","embeddable":true,"href":"https:\/\/www.europesays.com\/cz\/wp-json\/wp\/v2\/categories?post=201568"},{"taxonomy":"post_tag","embeddable":true,"href":"https:\/\/www.europesays.com\/cz\/wp-json\/wp\/v2\/tags?post=201568"}],"curies":[{"name":"wp","href":"https:\/\/api.w.org\/{rel}","templated":true}]}}