{"id":201578,"date":"2026-09-03T14:24:12","date_gmt":"2026-09-03T14:24:12","guid":{"rendered":"https:\/\/www.europesays.com\/cz\/201578\/"},"modified":"2026-09-03T14:24:12","modified_gmt":"2026-09-03T14:24:12","slug":"zemrela-hana-pastejrikova-%e2%80%a082-dolni-mama-z-leta-s-kovbojem-i-tatana-z-majora-zemana","status":"publish","type":"post","link":"https:\/\/www.europesays.com\/cz\/201578\/","title":{"rendered":"Zem\u0159ela Hana Pastej\u0159\u00edkov\u00e1 (\u202082): Doln\u00ed m\u00e1ma z L\u00e9ta s kovbojem i Ta\u0165\u00e1na z Majora Zemana"},"content":{"rendered":"<p class=\"isSelectedEnd\">Hana Pastej\u0159\u00edkov\u00e1 se narodila 2. b\u0159ezna 1944 v Praze. Po absolvov\u00e1n\u00ed DAMU v roce 1966 z\u00edskala anga\u017em\u00e1 v legend\u00e1rn\u00edm Divadle Za branou Otomara Krej\u010di, kde hr\u00e1la nap\u0159\u00edklad ve T\u0159ech sestr\u00e1ch. V souboru p\u016fsobila a\u017e do jeho zru\u0161en\u00ed v roce 1972.<\/p>\n<p class=\"isSelectedEnd\">Pot\u00e9 pokra\u010dovala v Kladn\u011b a Mlad\u00e9 Boleslavi. Na tehdej\u0161\u00ed hereckou sestavu pozd\u011bji vzpom\u00ednala Zuzana Mixov\u00e1, kter\u00e1 mezi kolegy jmenovala i here\u010dku. \u201eBylo to prost\u011b \u00fa\u017easn\u00e9,\u201c popsala spole\u010dn\u00e1 l\u00e9ta na jevi\u0161ti.<\/p>\n<p>    <a href=\"https:\/\/www.ahaonline.cz\/clanek\/zhave-drby\/212107\/predstavitel-vraha-hojera-petr-uhlik-v-slzach-po-nataceni-prisla-smrt.html\" rel=\"nofollow noopener\" target=\"_blank\"><\/p>\n<p>        <img decoding=\"async\" src=\"https:\/\/www.europesays.com\/cz\/wp-content\/uploads\/2026\/09\/8946559-crop.jpg\" alt=\"P\u0159edstavitel vraha Hojera Petr Uhl\u00edk v slz\u00e1ch: Po nat\u00e1\u010den\u00ed p\u0159i\u0161la smrt\" title=\"P\u0159edstavitel vraha Hojera Petr Uhl\u00edk v slz\u00e1ch: Po nat\u00e1\u010den\u00ed p\u0159i\u0161la smrt\" height=\"140\" width=\"220\" class=\"lazyload \" loading=\"lazy\" \/><\/p>\n<p>    <\/a><\/p>\n<p class=\"isSelectedEnd\">P\u0159ed kameru se Pastej\u0159\u00edkov\u00e1 dostala u\u017e b\u011bhem studi\u00ed. Jednu z nejv\u011bt\u0161\u00edch p\u0159\u00edle\u017eitost\u00ed dostala v roce 1973, kdy ji slovensk\u00fd re\u017eis\u00e9r Martin Holl\u00fd obsadil do hlavn\u00ed role dramatu Hriech Katar\u00edny Padychovej.<\/p>\n<p class=\"isSelectedEnd\">\u010cesk\u00fdm div\u00e1k\u016fm ale nejv\u00edc utkv\u011bla v pam\u011bti d\u00edky L\u00e9tu s kovbojem a p\u0159edev\u0161\u00edm Mimikr\u00e1m.<\/p>\n<p class=\"isSelectedEnd\">V 30 p\u0159\u00edpadech majora Zemana hr\u00e1la Ta\u0165\u00e1nu Svidnickou, \u010dlenku okruhu kolem kapely Mimikry. Jej\u00ed postava se zapojila do p\u0159\u00edb\u011bhu kolem \u00fanosu letadla do Mnichova a pr\u00e1v\u011b tato epizoda pat\u0159\u00ed k nejslavn\u011bj\u0161\u00edm z cel\u00e9ho seri\u00e1lu.<\/p>\n<p class=\"isSelectedEnd\">Objevila se tak\u00e9 v Mal\u00e9m pitavalu z velk\u00e9ho m\u011bsta, Rumburakovi, Cukrov\u00e9 boud\u011b nebo ve filmu A pob\u011b\u017e\u00edm a\u017e na kraj sv\u011bta.<\/p>\n<p>Po roce 1989 se vr\u00e1tila do obnoven\u00e9ho Divadla Za branou a pozd\u011bji se v\u011bnovala i re\u017eii. Sv\u00e9 zku\u0161enosti p\u0159ed\u00e1vala tak\u00e9 student\u016fm Vy\u0161\u0161\u00ed odborn\u00e9 \u0161koly hereck\u00e9 v Praze.<\/p>\n<p>    <a href=\"https:\/\/www.ahaonline.cz\/clanek\/zhave-drby\/211616\/petr-lnenicka-se-promenil-v-kriminalistu-markovice-10-kilo-nahore.html\" rel=\"nofollow noopener\" target=\"_blank\"><\/p>\n<p>        <img decoding=\"async\" src=\"https:\/\/www.europesays.com\/cz\/wp-content\/uploads\/2026\/09\/8895095.jpg\" alt=\"Petr Ln\u011bni\u010dka se prom\u011bnil v kriminalistu Markovi\u010de: 10 kilo naho\u0159e!\" title=\"Petr Ln\u011bni\u010dka se prom\u011bnil v kriminalistu Markovi\u010de: 10 kilo naho\u0159e!\" height=\"140\" width=\"220\" class=\"lazyload \" loading=\"lazy\" \/><\/p>\n<p>    <\/a><\/p>\n","protected":false},"excerpt":{"rendered":"Hana Pastej\u0159\u00edkov\u00e1 se narodila 2. b\u0159ezna 1944 v Praze. Po absolvov\u00e1n\u00ed DAMU v roce 1966 z\u00edskala anga\u017em\u00e1 v&hellip;\n","protected":false},"author":2,"featured_media":201579,"comment_status":"","ping_status":"","sticky":false,"template":"","format":"standard","meta":{"footnotes":"","_share_on_mastodon":"0"},"categories":[14],"tags":[25645,42,10339,428,79,46103,531,46104,99,45,28288,80,163],"class_list":["post-201578","post","type-post","status-publish","format-standard","has-post-thumbnail","category-zabava","tag-30-pripadu-majora-zemana","tag-cesko","tag-divadelni-fakulta-akademie-muzickych-umeni","tag-divadlo","tag-entertainment","tag-hana-pastejrikova","tag-kladno","tag-otomar-krejca","tag-praha","tag-slovensko","tag-tri-sestry","tag-zabava","tag-zhave-drby"],"share_on_mastodon":{"url":"https:\/\/pubeurope.com\/@cz\/117207568938363587","error":""},"_links":{"self":[{"href":"https:\/\/www.europesays.com\/cz\/wp-json\/wp\/v2\/posts\/201578","targetHints":{"allow":["GET"]}}],"collection":[{"href":"https:\/\/www.europesays.com\/cz\/wp-json\/wp\/v2\/posts"}],"about":[{"href":"https:\/\/www.europesays.com\/cz\/wp-json\/wp\/v2\/types\/post"}],"author":[{"embeddable":true,"href":"https:\/\/www.europesays.com\/cz\/wp-json\/wp\/v2\/users\/2"}],"replies":[{"embeddable":true,"href":"https:\/\/www.europesays.com\/cz\/wp-json\/wp\/v2\/comments?post=201578"}],"version-history":[{"count":0,"href":"https:\/\/www.europesays.com\/cz\/wp-json\/wp\/v2\/posts\/201578\/revisions"}],"wp:featuredmedia":[{"embeddable":true,"href":"https:\/\/www.europesays.com\/cz\/wp-json\/wp\/v2\/media\/201579"}],"wp:attachment":[{"href":"https:\/\/www.europesays.com\/cz\/wp-json\/wp\/v2\/media?parent=201578"}],"wp:term":[{"taxonomy":"category","embeddable":true,"href":"https:\/\/www.europesays.com\/cz\/wp-json\/wp\/v2\/categories?post=201578"},{"taxonomy":"post_tag","embeddable":true,"href":"https:\/\/www.europesays.com\/cz\/wp-json\/wp\/v2\/tags?post=201578"}],"curies":[{"name":"wp","href":"https:\/\/api.w.org\/{rel}","templated":true}]}}