{"id":201592,"date":"2026-09-03T14:38:14","date_gmt":"2026-09-03T14:38:14","guid":{"rendered":"https:\/\/www.europesays.com\/cz\/201592\/"},"modified":"2026-09-03T14:38:14","modified_gmt":"2026-09-03T14:38:14","slug":"devet-zemi-regionu-se-v-praze-dohodlo-na-spolupraci-ohledne-ai","status":"publish","type":"post","link":"https:\/\/www.europesays.com\/cz\/201592\/","title":{"rendered":"Dev\u011bt zem\u00ed regionu se v\u00a0Praze dohodlo na spolupr\u00e1ci ohledn\u011b AI"},"content":{"rendered":"<p class=\"c_bB\">Pra\u017eskou deklaraci podepsaly \u010cesko, Polsko, Slovensko, Ma\u010farsko, Chorvatsko, Slovinsko, Litva, Loty\u0161sko a\u00a0Rumunsko.<\/p>\n<p class=\"c_bB\">Vl\u00e1da v\u00a0\u010dervnu schv\u00e1lila podporu zapojen\u00ed \u010cesk\u00e9 republiky do evropsk\u00e9 sout\u011b\u017ee o\u00a0vybudov\u00e1n\u00ed velk\u00e9ho datov\u00e9ho centra pro um\u011blou inteligenci, takzvanou AI gigafactory, na \u010desk\u00e9m \u00fazem\u00ed. \u201e\u010cesk\u00e1 republika je p\u0159ipravena st\u00e1t se l\u00eddrem v\u00a0t\u00e9to oblasti a\u00a0z\u00e1rove\u0148 nab\u00eddnout kapacity koleg\u016fm v\u00a0ostatn\u00edch zem\u00edch,\u201c \u0159ekl ve \u010dtvrtek Havl\u00ed\u010dek.<\/p>\n<p class=\"c_bB\">Evropsk\u00e1 unie vyhl\u00e1sila v\u00fdb\u011brov\u00e9 \u0159\u00edzen\u00ed na vybudov\u00e1n\u00ed a\u017e sedmi velk\u00fdch datov\u00fdch center pro AI po cel\u00e9 Evrop\u011b na konci \u010dervence. V\u00fdzva je otev\u0159ena do 12.\u00a0listopadu, gigafactory pro AI mohou vzniknout v\u00a0jednom \u010dlensk\u00e9m st\u00e1t\u011b\u00a0\u2013 bu\u010f na jednom m\u00edst\u011b, nebo ve v\u00edce lokalit\u00e1ch. Mohou b\u00fdt tak\u00e9 budov\u00e1ny jako p\u0159eshrani\u010dn\u00ed projekty zahrnuj\u00edc\u00ed n\u011bkolik \u010dlensk\u00fdch st\u00e1t\u016f prost\u0159ednictv\u00edm propojen\u00fdch v\u00fdpo\u010detn\u00edch za\u0159\u00edzen\u00ed.<\/p>\n<p><a data-dot=\"atm-link\" target=\"_self\" href=\"https:\/\/www.novinky.cz\/clanek\/internet-a-pc-ai-cesko-muze-byt-v-ai-mezi-deseti-nejlepsimi-zememi-sveta-rika-kavalirek-40593430\" class=\"c_I\" rel=\"nofollow noopener\"><img fetchpriority=\"high\" height=\"2304\" width=\"4096\" src=\"https:\/\/www.europesays.com\/cz\/wp-content\/uploads\/2026\/09\/kavalirek.jpeg\" loading=\"eager\" decoding=\"sync\" class=\"c_t c_r\"\/><\/a><\/p>\n<p class=\"c_bB\">Podle vl\u00e1dn\u00edho zmocn\u011bnce pro AI Luk\u00e1\u0161e Ka\u010deny mus\u00ed p\u0159ihl\u00e1\u0161ku do projektu AI gigafactory pod\u00e1vat soukrom\u00e1 konsorcia, kter\u00e1 budou v\u00fdstavbu z\u00a0v\u011bt\u0161\u00ed \u010d\u00e1sti financovat. Jednotliv\u00e9 vl\u00e1dy musely dop\u0159edu deklarovat, \u017ee si \u010d\u00e1st kapacity gigafactory budou v\u00a0budoucnu pronaj\u00edmat. V\u00a0\u010cesku se o\u00a0projekt uch\u00e1zej\u00ed \u010cesk\u00e9 Radiokomunikace, kter\u00e9 jednaj\u00ed s\u00a0dal\u0161\u00edmi firmami v\u00a0regionu. Maj\u00ed p\u0159itom z\u00e1jem o\u00a0vybudov\u00e1n\u00ed jednoho ze \u010dty\u0159 st\u0159edn\u011b velk\u00fdch center. Vedle toho maj\u00ed vzniknout je\u0161t\u011b t\u0159i velk\u00e1 centra.<\/p>\n<p class=\"c_bB\">Z\u00e1stupci signat\u00e1\u0159sk\u00fdch zem\u00ed se podle Ka\u010deny dohodli, \u017ee vytvo\u0159\u00ed neform\u00e1ln\u00ed s\u00ed\u0165 lid\u00ed z\u00a0jednotliv\u00fdch st\u00e1t\u016f odpov\u011bdn\u00fdch za AI. Sejdou se na spole\u010dn\u00e9m jedn\u00e1n\u00ed v\u00a0\u0159\u00edjnu. Dohodli se tak\u00e9 na nastaven\u00ed spolupr\u00e1ce v\u00a0budov\u00e1n\u00ed infrastruktury, v\u010detn\u011b AI gigafactory a\u00a0i men\u0161\u00edch AI datov\u00fdch center.<\/p>\n<p class=\"c_bB\">Podle ma\u010farsk\u00e9ho ministra pro v\u011bdu a\u00a0technologie Zolt\u00e1na Tan\u00e1cse by se Evropa m\u011bla st\u00e1t sv\u011btov\u00fdm l\u00eddrem v\u00a0AI. Spolupr\u00e1ce v\u00a0regionu se m\u00e1 t\u00fdkat v\u00fdzkumu a\u00a0v\u00fdvoje, managementu talent\u016f, technologi\u00ed a\u00a0inovac\u00ed nebo implementace AI do r\u016fzn\u00fdch pr\u016fmyslov\u00fdch odv\u011btv\u00ed. Jeho zem\u011b hodl\u00e1 investovat do AI 500\u00a0milion\u016f eur, z\u00a0toho 125\u00a0milion\u016f eur do p\u0159\u00edpravy vlastn\u00ed AI gigafactory. Podpo\u0159it vybudov\u00e1n\u00ed gigafactory je p\u0159ipraveno i\u00a0Slovinsko nebo Polsko.<\/p>\n<p class=\"c_bB\">Projekt \u010desk\u00e9 gigafactory si podle d\u0159\u00edv\u011bj\u0161\u00edch informac\u00ed vy\u017e\u00e1d\u00e1 investici zhruba 100\u00a0miliard korun. Z\u00a0toho p\u0159ibli\u017en\u011b 70\u00a0miliard korun by investovaly \u010cesk\u00e9 Radiokomunikace jako soukrom\u00fd investor, 15\u00a0miliard korun st\u00e1t a\u00a015\u00a0miliard korun Evropsk\u00e1 komise.<\/p>\n<p class=\"c_bB\">\u010cesk\u00e9 Radiokomunikace ponesou finan\u010dn\u00ed rizika a\u00a0budou vlastn\u00edkem i\u00a0provozovatelem infrastruktury. Gigafactory pro AI by m\u011bla b\u00fdt sou\u010d\u00e1st\u00ed u\u017e budovan\u00e9ho datov\u00e9ho centra v\u00a0Praze na Zbraslavi.<\/p>\n<p><a data-dot=\"atm-link\" target=\"_self\" href=\"https:\/\/www.novinky.cz\/clanek\/internet-a-pc-ai-gigafactory-pro-ai-40590472\" class=\"c_I\" rel=\"nofollow noopener\"><img height=\"450\" width=\"800\" src=\"https:\/\/www.europesays.com\/cz\/wp-content\/uploads\/2026\/09\/iuEkxn.jpeg\" loading=\"eager\" decoding=\"sync\" class=\"c_t c_r\"\/><\/a><\/p>\n","protected":false},"excerpt":{"rendered":"Pra\u017eskou deklaraci podepsaly \u010cesko, Polsko, Slovensko, Ma\u010farsko, Chorvatsko, Slovinsko, Litva, Loty\u0161sko a\u00a0Rumunsko. Vl\u00e1da v\u00a0\u010dervnu schv\u00e1lila podporu zapojen\u00ed \u010cesk\u00e9&hellip;\n","protected":false},"author":2,"featured_media":201593,"comment_status":"","ping_status":"","sticky":false,"template":"","format":"standard","meta":{"footnotes":"","_share_on_mastodon":"0"},"categories":[10],"tags":[43,3103,17,21,63,16,99,18,19,22,126,20],"class_list":["post-201592","post","type-post","status-publish","format-standard","has-post-thumbnail","category-zpravy","tag-ceska-republika","tag-gigafactory","tag-headlines","tag-hlavni-udalosti","tag-hospodarstvi","tag-news","tag-praha","tag-top-news","tag-top-stories","tag-udalosti-dne","tag-umela-inteligence-ai","tag-zpravy"],"share_on_mastodon":{"url":"https:\/\/pubeurope.com\/@cz\/117207623468444197","error":""},"_links":{"self":[{"href":"https:\/\/www.europesays.com\/cz\/wp-json\/wp\/v2\/posts\/201592","targetHints":{"allow":["GET"]}}],"collection":[{"href":"https:\/\/www.europesays.com\/cz\/wp-json\/wp\/v2\/posts"}],"about":[{"href":"https:\/\/www.europesays.com\/cz\/wp-json\/wp\/v2\/types\/post"}],"author":[{"embeddable":true,"href":"https:\/\/www.europesays.com\/cz\/wp-json\/wp\/v2\/users\/2"}],"replies":[{"embeddable":true,"href":"https:\/\/www.europesays.com\/cz\/wp-json\/wp\/v2\/comments?post=201592"}],"version-history":[{"count":0,"href":"https:\/\/www.europesays.com\/cz\/wp-json\/wp\/v2\/posts\/201592\/revisions"}],"wp:featuredmedia":[{"embeddable":true,"href":"https:\/\/www.europesays.com\/cz\/wp-json\/wp\/v2\/media\/201593"}],"wp:attachment":[{"href":"https:\/\/www.europesays.com\/cz\/wp-json\/wp\/v2\/media?parent=201592"}],"wp:term":[{"taxonomy":"category","embeddable":true,"href":"https:\/\/www.europesays.com\/cz\/wp-json\/wp\/v2\/categories?post=201592"},{"taxonomy":"post_tag","embeddable":true,"href":"https:\/\/www.europesays.com\/cz\/wp-json\/wp\/v2\/tags?post=201592"}],"curies":[{"name":"wp","href":"https:\/\/api.w.org\/{rel}","templated":true}]}}