{"id":201594,"date":"2026-09-03T14:41:46","date_gmt":"2026-09-03T14:41:46","guid":{"rendered":"https:\/\/www.europesays.com\/cz\/201594\/"},"modified":"2026-09-03T14:41:46","modified_gmt":"2026-09-03T14:41:46","slug":"love-island-srdicka-zamirila-do-vily-tesit-se-muzete-na-zname-influencerky-mma-bojovnika-i-modela-z-teplic","status":"publish","type":"post","link":"https:\/\/www.europesays.com\/cz\/201594\/","title":{"rendered":"Love Island: Srd\u00ed\u010dka zam\u00ed\u0159ila do vily. T\u011b\u0161it se m\u016f\u017eete na zn\u00e1m\u00e9 influencerky, MMA bojovn\u00edka i modela z Teplic"},"content":{"rendered":"<p> <a href=\"https:\/\/www.vtelce.cz\/love-island-srdicka-zamirila-do-vily-tesit-se-muzete-na-divku-z-polska-zname-influencerky-i-modela-z-teplic\/amalie_\/\" border=\"0\" itemprop=\"url\" data-wpel-link=\"internal\" target=\"_self\" rel=\"follow nofollow noopener\"> <img decoding=\"async\" class=\"\" data-attachment-id=\"21296\" data-orig-file=\"https:\/\/www.vtelce.cz\/wp-content\/uploads\/2026\/09\/Amalie_.jpg\" data-orig-size=\"1957,2425\" data-comments-opened=\"\" data-image-meta=\"{&quot;aperture&quot;:&quot;0&quot;,&quot;credit&quot;:&quot;&quot;,&quot;camera&quot;:&quot;&quot;,&quot;caption&quot;:&quot;&quot;,&quot;created_timestamp&quot;:&quot;0&quot;,&quot;copyright&quot;:&quot;&quot;,&quot;focal_length&quot;:&quot;0&quot;,&quot;iso&quot;:&quot;0&quot;,&quot;shutter_speed&quot;:&quot;0&quot;,&quot;title&quot;:&quot;&quot;,&quot;orientation&quot;:&quot;0&quot;,&quot;alt&quot;:&quot;&quot;}\" data-image-title=\"Am\u00e1lie_\" data-image-description=\"\" data-medium-file=\"https:\/\/www.vtelce.cz\/wp-content\/uploads\/2026\/09\/Amalie_-242x300.jpg\" data-large-file=\"https:\/\/www.vtelce.cz\/wp-content\/uploads\/2026\/09\/Amalie_-826x1024.jpg\" src=\"https:\/\/www.europesays.com\/cz\/wp-content\/uploads\/2026\/09\/Amalie_.jpg\" width=\"692\" height=\"692\" loading=\"lazy\" data-original-width=\"692\" data-original-height=\"692\" itemprop=\"http:\/\/schema.org\/image\" title=\"Am\u00e1lie_\" alt=\"Love Island \u010cesko &amp; Slovensko 2026, FOTO: Distr. TV Nova\" style=\"width: 692px; height: 692px;\"\/> <\/a><\/p>\n<p> Love Island \u010cesko &amp; Slovensko 2026, FOTO: Distr. TV Nova<\/p>\n<p> <a href=\"https:\/\/www.vtelce.cz\/love-island-srdicka-zamirila-do-vily-tesit-se-muzete-na-divku-z-polska-zname-influencerky-i-modela-z-teplic\/cynthia_\/\" border=\"0\" itemprop=\"url\" data-wpel-link=\"internal\" target=\"_self\" rel=\"follow nofollow noopener\"> <img decoding=\"async\" class=\"\" data-attachment-id=\"21297\" data-orig-file=\"https:\/\/www.vtelce.cz\/wp-content\/uploads\/2026\/09\/Cynthia_.jpg\" data-orig-size=\"1957,2425\" data-comments-opened=\"\" data-image-meta=\"{&quot;aperture&quot;:&quot;0&quot;,&quot;credit&quot;:&quot;&quot;,&quot;camera&quot;:&quot;&quot;,&quot;caption&quot;:&quot;&quot;,&quot;created_timestamp&quot;:&quot;0&quot;,&quot;copyright&quot;:&quot;&quot;,&quot;focal_length&quot;:&quot;0&quot;,&quot;iso&quot;:&quot;0&quot;,&quot;shutter_speed&quot;:&quot;0&quot;,&quot;title&quot;:&quot;&quot;,&quot;orientation&quot;:&quot;0&quot;,&quot;alt&quot;:&quot;&quot;}\" data-image-title=\"Cynthia_\" data-image-description=\"\" data-medium-file=\"https:\/\/www.vtelce.cz\/wp-content\/uploads\/2026\/09\/Cynthia_-242x300.jpg\" data-large-file=\"https:\/\/www.vtelce.cz\/wp-content\/uploads\/2026\/09\/Cynthia_-826x1024.jpg\" src=\"https:\/\/www.europesays.com\/cz\/wp-content\/uploads\/2026\/09\/Cynthia_.jpg\" width=\"135\" height=\"135\" loading=\"lazy\" data-original-width=\"135\" data-original-height=\"135\" itemprop=\"http:\/\/schema.org\/image\" title=\"Cynthia_\" alt=\"Love Island \u010cesko &amp; Slovensko 2026, FOTO: Distr. TV Nova\" style=\"width: 135px; height: 135px;\"\/> <\/a><\/p>\n<p> Love Island \u010cesko &amp; Slovensko 2026, FOTO: Distr. TV Nova<\/p>\n<p> <a href=\"https:\/\/www.vtelce.cz\/love-island-srdicka-zamirila-do-vily-tesit-se-muzete-na-divku-z-polska-zname-influencerky-i-modela-z-teplic\/honza_\/\" border=\"0\" itemprop=\"url\" data-wpel-link=\"internal\" target=\"_self\" rel=\"follow nofollow noopener\"> <img decoding=\"async\" class=\"\" data-attachment-id=\"21298\" data-orig-file=\"https:\/\/www.vtelce.cz\/wp-content\/uploads\/2026\/09\/Honza_.jpg\" data-orig-size=\"1957,2425\" data-comments-opened=\"\" data-image-meta=\"{&quot;aperture&quot;:&quot;0&quot;,&quot;credit&quot;:&quot;&quot;,&quot;camera&quot;:&quot;&quot;,&quot;caption&quot;:&quot;&quot;,&quot;created_timestamp&quot;:&quot;0&quot;,&quot;copyright&quot;:&quot;&quot;,&quot;focal_length&quot;:&quot;0&quot;,&quot;iso&quot;:&quot;0&quot;,&quot;shutter_speed&quot;:&quot;0&quot;,&quot;title&quot;:&quot;&quot;,&quot;orientation&quot;:&quot;0&quot;,&quot;alt&quot;:&quot;&quot;}\" data-image-title=\"Honza_\" data-image-description=\"\" data-medium-file=\"https:\/\/www.vtelce.cz\/wp-content\/uploads\/2026\/09\/Honza_-242x300.jpg\" data-large-file=\"https:\/\/www.vtelce.cz\/wp-content\/uploads\/2026\/09\/Honza_-826x1024.jpg\" src=\"https:\/\/www.europesays.com\/cz\/wp-content\/uploads\/2026\/09\/Honza_.jpg\" width=\"135\" height=\"135\" loading=\"lazy\" data-original-width=\"135\" data-original-height=\"135\" itemprop=\"http:\/\/schema.org\/image\" title=\"Honza_\" alt=\"Love Island \u010cesko &amp; Slovensko 2026, FOTO: Distr. TV Nova\" style=\"width: 135px; height: 135px;\"\/> <\/a><\/p>\n<p> Love Island \u010cesko &amp; Slovensko 2026, FOTO: Distr. TV Nova<\/p>\n<p> <a href=\"https:\/\/www.vtelce.cz\/love-island-srdicka-zamirila-do-vily-tesit-se-muzete-na-divku-z-polska-zname-influencerky-i-modela-z-teplic\/jakub_\/\" border=\"0\" itemprop=\"url\" data-wpel-link=\"internal\" target=\"_self\" rel=\"follow nofollow noopener\"> <img decoding=\"async\" class=\"\" data-attachment-id=\"21299\" data-orig-file=\"https:\/\/www.vtelce.cz\/wp-content\/uploads\/2026\/09\/Jakub_.jpg\" data-orig-size=\"1957,2425\" data-comments-opened=\"\" data-image-meta=\"{&quot;aperture&quot;:&quot;0&quot;,&quot;credit&quot;:&quot;&quot;,&quot;camera&quot;:&quot;&quot;,&quot;caption&quot;:&quot;&quot;,&quot;created_timestamp&quot;:&quot;0&quot;,&quot;copyright&quot;:&quot;&quot;,&quot;focal_length&quot;:&quot;0&quot;,&quot;iso&quot;:&quot;0&quot;,&quot;shutter_speed&quot;:&quot;0&quot;,&quot;title&quot;:&quot;&quot;,&quot;orientation&quot;:&quot;0&quot;,&quot;alt&quot;:&quot;&quot;}\" data-image-title=\"Jakub_\" data-image-description=\"\" data-medium-file=\"https:\/\/www.vtelce.cz\/wp-content\/uploads\/2026\/09\/Jakub_-242x300.jpg\" data-large-file=\"https:\/\/www.vtelce.cz\/wp-content\/uploads\/2026\/09\/Jakub_-826x1024.jpg\" src=\"https:\/\/www.europesays.com\/cz\/wp-content\/uploads\/2026\/09\/Jakub_.jpg\" width=\"135\" height=\"135\" loading=\"lazy\" data-original-width=\"135\" data-original-height=\"135\" itemprop=\"http:\/\/schema.org\/image\" title=\"Jakub_\" alt=\"Love Island \u010cesko &amp; Slovensko 2026, FOTO: Distr. TV Nova\" style=\"width: 135px; height: 135px;\"\/> <\/a><\/p>\n<p> Love Island \u010cesko &amp; Slovensko 2026, FOTO: Distr. TV Nova<\/p>\n<p> <a href=\"https:\/\/www.vtelce.cz\/love-island-srdicka-zamirila-do-vily-tesit-se-muzete-na-divku-z-polska-zname-influencerky-i-modela-z-teplic\/johnny_\/\" border=\"0\" itemprop=\"url\" data-wpel-link=\"internal\" target=\"_self\" rel=\"follow nofollow noopener\"> <img decoding=\"async\" class=\"\" data-attachment-id=\"21300\" data-orig-file=\"https:\/\/www.vtelce.cz\/wp-content\/uploads\/2026\/09\/Johnny_.jpg\" data-orig-size=\"1957,2425\" data-comments-opened=\"\" data-image-meta=\"{&quot;aperture&quot;:&quot;0&quot;,&quot;credit&quot;:&quot;&quot;,&quot;camera&quot;:&quot;&quot;,&quot;caption&quot;:&quot;&quot;,&quot;created_timestamp&quot;:&quot;0&quot;,&quot;copyright&quot;:&quot;&quot;,&quot;focal_length&quot;:&quot;0&quot;,&quot;iso&quot;:&quot;0&quot;,&quot;shutter_speed&quot;:&quot;0&quot;,&quot;title&quot;:&quot;&quot;,&quot;orientation&quot;:&quot;0&quot;,&quot;alt&quot;:&quot;&quot;}\" data-image-title=\"Johnny_\" data-image-description=\"\" data-medium-file=\"https:\/\/www.vtelce.cz\/wp-content\/uploads\/2026\/09\/Johnny_-242x300.jpg\" data-large-file=\"https:\/\/www.vtelce.cz\/wp-content\/uploads\/2026\/09\/Johnny_-826x1024.jpg\" src=\"https:\/\/www.europesays.com\/cz\/wp-content\/uploads\/2026\/09\/Johnny_.jpg\" width=\"135\" height=\"135\" loading=\"lazy\" data-original-width=\"135\" data-original-height=\"135\" itemprop=\"http:\/\/schema.org\/image\" title=\"Johnny_\" alt=\"Love Island \u010cesko &amp; Slovensko 2026, FOTO: Distr. TV Nova\" style=\"width: 135px; height: 135px;\"\/> <\/a><\/p>\n<p> Love Island \u010cesko &amp; Slovensko 2026, FOTO: Distr. TV Nova<\/p>\n<p> <a href=\"https:\/\/www.vtelce.cz\/love-island-srdicka-zamirila-do-vily-tesit-se-muzete-na-divku-z-polska-zname-influencerky-i-modela-z-teplic\/maxo_\/\" border=\"0\" itemprop=\"url\" data-wpel-link=\"internal\" target=\"_self\" rel=\"follow nofollow noopener\"> <img decoding=\"async\" class=\"\" data-attachment-id=\"21301\" data-orig-file=\"https:\/\/www.vtelce.cz\/wp-content\/uploads\/2026\/09\/Maxo_.jpg\" data-orig-size=\"1957,2425\" data-comments-opened=\"\" data-image-meta=\"{&quot;aperture&quot;:&quot;0&quot;,&quot;credit&quot;:&quot;&quot;,&quot;camera&quot;:&quot;&quot;,&quot;caption&quot;:&quot;&quot;,&quot;created_timestamp&quot;:&quot;0&quot;,&quot;copyright&quot;:&quot;&quot;,&quot;focal_length&quot;:&quot;0&quot;,&quot;iso&quot;:&quot;0&quot;,&quot;shutter_speed&quot;:&quot;0&quot;,&quot;title&quot;:&quot;&quot;,&quot;orientation&quot;:&quot;0&quot;,&quot;alt&quot;:&quot;&quot;}\" data-image-title=\"Maxo_\" data-image-description=\"\" data-medium-file=\"https:\/\/www.vtelce.cz\/wp-content\/uploads\/2026\/09\/Maxo_-242x300.jpg\" data-large-file=\"https:\/\/www.vtelce.cz\/wp-content\/uploads\/2026\/09\/Maxo_-826x1024.jpg\" src=\"https:\/\/www.europesays.com\/cz\/wp-content\/uploads\/2026\/09\/Maxo_.jpg\" width=\"135\" height=\"135\" loading=\"lazy\" data-original-width=\"135\" data-original-height=\"135\" itemprop=\"http:\/\/schema.org\/image\" title=\"Maxo_\" alt=\"Love Island \u010cesko &amp; Slovensko 2026, FOTO: Distr. TV Nova\" style=\"width: 135px; height: 135px;\"\/> <\/a><\/p>\n<p> Love Island \u010cesko &amp; Slovensko 2026, FOTO: Distr. TV Nova<\/p>\n<p> <a href=\"https:\/\/www.vtelce.cz\/love-island-srdicka-zamirila-do-vily-tesit-se-muzete-na-divku-z-polska-zname-influencerky-i-modela-z-teplic\/naty_\/\" border=\"0\" itemprop=\"url\" data-wpel-link=\"internal\" target=\"_self\" rel=\"follow nofollow noopener\"> <img decoding=\"async\" class=\"\" data-attachment-id=\"21302\" data-orig-file=\"https:\/\/www.vtelce.cz\/wp-content\/uploads\/2026\/09\/Naty_.jpg\" data-orig-size=\"1957,2425\" data-comments-opened=\"\" data-image-meta=\"{&quot;aperture&quot;:&quot;0&quot;,&quot;credit&quot;:&quot;&quot;,&quot;camera&quot;:&quot;&quot;,&quot;caption&quot;:&quot;&quot;,&quot;created_timestamp&quot;:&quot;0&quot;,&quot;copyright&quot;:&quot;&quot;,&quot;focal_length&quot;:&quot;0&quot;,&quot;iso&quot;:&quot;0&quot;,&quot;shutter_speed&quot;:&quot;0&quot;,&quot;title&quot;:&quot;&quot;,&quot;orientation&quot;:&quot;0&quot;,&quot;alt&quot;:&quot;&quot;}\" data-image-title=\"Naty_\" data-image-description=\"\" data-medium-file=\"https:\/\/www.vtelce.cz\/wp-content\/uploads\/2026\/09\/Naty_-242x300.jpg\" data-large-file=\"https:\/\/www.vtelce.cz\/wp-content\/uploads\/2026\/09\/Naty_-826x1024.jpg\" src=\"https:\/\/www.europesays.com\/cz\/wp-content\/uploads\/2026\/09\/Naty_.jpg\" width=\"135\" height=\"135\" loading=\"lazy\" data-original-width=\"135\" data-original-height=\"135\" itemprop=\"http:\/\/schema.org\/image\" title=\"Naty_\" alt=\"Love Island \u010cesko &amp; Slovensko 2026, FOTO: Distr. TV Nova\" style=\"width: 135px; height: 135px;\"\/> <\/a><\/p>\n<p> Love Island \u010cesko &amp; Slovensko 2026, FOTO: Distr. TV Nova<\/p>\n<p> <a href=\"https:\/\/www.vtelce.cz\/love-island-srdicka-zamirila-do-vily-tesit-se-muzete-na-divku-z-polska-zname-influencerky-i-modela-z-teplic\/nela_\/\" border=\"0\" itemprop=\"url\" data-wpel-link=\"internal\" target=\"_self\" rel=\"follow nofollow noopener\"> <img decoding=\"async\" class=\"\" data-attachment-id=\"21303\" data-orig-file=\"https:\/\/www.vtelce.cz\/wp-content\/uploads\/2026\/09\/Nela_.jpg\" data-orig-size=\"1957,2425\" data-comments-opened=\"\" data-image-meta=\"{&quot;aperture&quot;:&quot;0&quot;,&quot;credit&quot;:&quot;&quot;,&quot;camera&quot;:&quot;&quot;,&quot;caption&quot;:&quot;&quot;,&quot;created_timestamp&quot;:&quot;0&quot;,&quot;copyright&quot;:&quot;&quot;,&quot;focal_length&quot;:&quot;0&quot;,&quot;iso&quot;:&quot;0&quot;,&quot;shutter_speed&quot;:&quot;0&quot;,&quot;title&quot;:&quot;&quot;,&quot;orientation&quot;:&quot;0&quot;,&quot;alt&quot;:&quot;&quot;}\" data-image-title=\"Nela_\" data-image-description=\"\" data-medium-file=\"https:\/\/www.vtelce.cz\/wp-content\/uploads\/2026\/09\/Nela_-242x300.jpg\" data-large-file=\"https:\/\/www.vtelce.cz\/wp-content\/uploads\/2026\/09\/Nela_-826x1024.jpg\" src=\"https:\/\/www.europesays.com\/cz\/wp-content\/uploads\/2026\/09\/Nela_.jpg\" width=\"135\" height=\"135\" loading=\"lazy\" data-original-width=\"135\" data-original-height=\"135\" itemprop=\"http:\/\/schema.org\/image\" title=\"Nela_\" alt=\"Love Island \u010cesko &amp; Slovensko 2026, FOTO: Distr. TV Nova\" style=\"width: 135px; height: 135px;\"\/> <\/a><\/p>\n<p> Love Island \u010cesko &amp; Slovensko 2026, FOTO: Distr. TV Nova<\/p>\n<p> <a href=\"https:\/\/www.vtelce.cz\/love-island-srdicka-zamirila-do-vily-tesit-se-muzete-na-divku-z-polska-zname-influencerky-i-modela-z-teplic\/tomas_\/\" border=\"0\" itemprop=\"url\" data-wpel-link=\"internal\" target=\"_self\" rel=\"follow nofollow noopener\"> <img decoding=\"async\" class=\"\" data-attachment-id=\"21304\" data-orig-file=\"https:\/\/www.vtelce.cz\/wp-content\/uploads\/2026\/09\/Tomas_.jpg\" data-orig-size=\"1957,2425\" data-comments-opened=\"\" data-image-meta=\"{&quot;aperture&quot;:&quot;0&quot;,&quot;credit&quot;:&quot;&quot;,&quot;camera&quot;:&quot;&quot;,&quot;caption&quot;:&quot;&quot;,&quot;created_timestamp&quot;:&quot;0&quot;,&quot;copyright&quot;:&quot;&quot;,&quot;focal_length&quot;:&quot;0&quot;,&quot;iso&quot;:&quot;0&quot;,&quot;shutter_speed&quot;:&quot;0&quot;,&quot;title&quot;:&quot;&quot;,&quot;orientation&quot;:&quot;0&quot;,&quot;alt&quot;:&quot;&quot;}\" data-image-title=\"Tomas_\" data-image-description=\"\" data-medium-file=\"https:\/\/www.vtelce.cz\/wp-content\/uploads\/2026\/09\/Tomas_-242x300.jpg\" data-large-file=\"https:\/\/www.vtelce.cz\/wp-content\/uploads\/2026\/09\/Tomas_-826x1024.jpg\" src=\"https:\/\/www.europesays.com\/cz\/wp-content\/uploads\/2026\/09\/Tomas_.jpg\" width=\"135\" height=\"135\" loading=\"lazy\" data-original-width=\"135\" data-original-height=\"135\" itemprop=\"http:\/\/schema.org\/image\" title=\"Tomas_\" alt=\"Love Island \u010cesko &amp; Slovensko 2026, FOTO: Distr. TV Nova\" style=\"width: 135px; height: 135px;\"\/> <\/a><\/p>\n<p> Love Island \u010cesko &amp; Slovensko 2026, FOTO: Distr. TV Nova<\/p>\n<p> <a href=\"https:\/\/www.vtelce.cz\/love-island-srdicka-zamirila-do-vily-tesit-se-muzete-na-divku-z-polska-zname-influencerky-i-modela-z-teplic\/viki_\/\" border=\"0\" itemprop=\"url\" data-wpel-link=\"internal\" target=\"_self\" rel=\"follow nofollow noopener\"> <img decoding=\"async\" class=\"\" data-attachment-id=\"21305\" data-orig-file=\"https:\/\/www.vtelce.cz\/wp-content\/uploads\/2026\/09\/Viki_.jpg\" data-orig-size=\"1957,2425\" data-comments-opened=\"\" data-image-meta=\"{&quot;aperture&quot;:&quot;0&quot;,&quot;credit&quot;:&quot;&quot;,&quot;camera&quot;:&quot;&quot;,&quot;caption&quot;:&quot;&quot;,&quot;created_timestamp&quot;:&quot;0&quot;,&quot;copyright&quot;:&quot;&quot;,&quot;focal_length&quot;:&quot;0&quot;,&quot;iso&quot;:&quot;0&quot;,&quot;shutter_speed&quot;:&quot;0&quot;,&quot;title&quot;:&quot;&quot;,&quot;orientation&quot;:&quot;0&quot;,&quot;alt&quot;:&quot;&quot;}\" data-image-title=\"Viki_\" data-image-description=\"\" data-medium-file=\"https:\/\/www.vtelce.cz\/wp-content\/uploads\/2026\/09\/Viki_-242x300.jpg\" data-large-file=\"https:\/\/www.vtelce.cz\/wp-content\/uploads\/2026\/09\/Viki_-826x1024.jpg\" src=\"https:\/\/www.europesays.com\/cz\/wp-content\/uploads\/2026\/09\/Viki_.jpg\" width=\"135\" height=\"135\" loading=\"lazy\" data-original-width=\"135\" data-original-height=\"135\" itemprop=\"http:\/\/schema.org\/image\" title=\"Viki_\" alt=\"Love Island \u010cesko &amp; Slovensko 2026, FOTO: Distr. TV Nova\" style=\"width: 135px; height: 135px;\"\/> <\/a><\/p>\n<p> Love Island \u010cesko &amp; Slovensko 2026, FOTO: Distr. TV Nova<\/p>\n<p> <a href=\"https:\/\/www.vtelce.cz\/love-island-srdicka-zamirila-do-vily-tesit-se-muzete-na-divku-z-polska-zname-influencerky-i-modela-z-teplic\/love-island-cesko-a-slovensko-2026-1\/\" border=\"0\" itemprop=\"url\" data-wpel-link=\"internal\" target=\"_self\" rel=\"follow nofollow noopener\"> <img decoding=\"async\" class=\"\" data-attachment-id=\"21295\" data-orig-file=\"https:\/\/www.vtelce.cz\/wp-content\/uploads\/2026\/09\/Love-Island-Cesko-a-Slovensko-2026-1.jpg\" data-orig-size=\"1616,909\" data-comments-opened=\"\" data-image-meta=\"{&quot;aperture&quot;:&quot;0&quot;,&quot;credit&quot;:&quot;&quot;,&quot;camera&quot;:&quot;&quot;,&quot;caption&quot;:&quot;&quot;,&quot;created_timestamp&quot;:&quot;0&quot;,&quot;copyright&quot;:&quot;&quot;,&quot;focal_length&quot;:&quot;0&quot;,&quot;iso&quot;:&quot;0&quot;,&quot;shutter_speed&quot;:&quot;0&quot;,&quot;title&quot;:&quot;&quot;,&quot;orientation&quot;:&quot;0&quot;,&quot;alt&quot;:&quot;&quot;}\" data-image-title=\"Love Island Cesko a Slovensko 2026 (1)\" data-image-description=\"\" data-medium-file=\"https:\/\/www.vtelce.cz\/wp-content\/uploads\/2026\/09\/Love-Island-Cesko-a-Slovensko-2026-1-300x169.jpg\" data-large-file=\"https:\/\/www.vtelce.cz\/wp-content\/uploads\/2026\/09\/Love-Island-Cesko-a-Slovensko-2026-1-1024x576.jpg\" src=\"https:\/\/www.europesays.com\/cz\/wp-content\/uploads\/2026\/09\/Love-Island-Cesko-a-Slovensko-2026-1.jpg\" width=\"135\" height=\"135\" loading=\"lazy\" data-original-width=\"135\" data-original-height=\"135\" itemprop=\"http:\/\/schema.org\/image\" title=\"Love Island Cesko a Slovensko 2026 (1)\" alt=\"Love Island \u010cesko &amp; Slovensko 2026, FOTO: Distr. TV Nova\" style=\"width: 135px; height: 135px;\"\/> <\/a><\/p>\n<p> Love Island \u010cesko &amp; Slovensko 2026, FOTO: Distr. TV Nova<\/p>\n<p>Moder\u00e1torka Zorka Hejdov\u00e1 op\u011bt otev\u00edr\u00e1 br\u00e1ny luxusn\u00ed vily v dal\u0161\u00ed \u0159ad\u011b reality show Love Island \u010cesko &amp; Slovensko. Do tropick\u00e9ho r\u00e1je na platform\u011b Oneplay zam\u00ed\u0159\u00ed hned prvn\u00ed z\u00e1\u0159ijov\u00fd t\u00fdden nov\u00e1 skupina sout\u011b\u017e\u00edc\u00edch. \u0160est\u00e1 sezona ponese v\u00fdrazn\u00fd motiv h\u0159\u00edchu a postav\u00ed zamilovan\u00e9 p\u00e1ry p\u0159ed zcela nov\u00e9 vztahov\u00e9 v\u00fdzvy. Obyvatel\u00e9 malebn\u00e9ho ostrova p\u0159ij\u00ed\u017ed\u011bj\u00ed s velkou nad\u011bj\u00ed na nalezen\u00ed trval\u00e9ho partnersk\u00e9ho \u0161t\u011bst\u00ed.<\/p>\n<p>Z\u00e1\u0159iv\u00e1 sestava \u017eensk\u00fdch srd\u00ed\u010dek<\/p>\n<p>Produkce po\u0159adu letos vsadila na velmi rozmanit\u00fd v\u00fdb\u011br \u017eensk\u00fdch osobnost\u00ed. Ka\u017ed\u00e1 z d\u00edvek p\u0159in\u00e1\u0161\u00ed do vily zcela odli\u0161n\u00e9 \u017eivotn\u00ed zku\u0161enosti a o\u010dek\u00e1v\u00e1n\u00ed od budouc\u00edho partnerstv\u00ed.\u00a0Usm\u011bvav\u00e1 influencerka Nat\u00e1lia ze Sered\u011b miluje sport a z minulosti m\u00e1 u\u017e bohat\u00e9 zku\u0161enosti s vystupov\u00e1n\u00edm v televizn\u00ed show Farma. \u201eDo Love Islandu si jdu u\u017e\u00edt l\u00e9to a n\u011bco mi podv\u011bdom\u011b \u0159\u00edk\u00e1, \u017ee si tam najdu i l\u00e1sku,\u201c sv\u011b\u0159ila se v rozhovoru pro TV <a href=\"https:\/\/www.vtelce.cz\/nova\/\" target=\"_blank\" rel=\"noopener follow nofollow\" data-wpel-link=\"internal\">Nova.<\/a><\/p>\n<p>Pra\u017esk\u00e1 fotbalistka Am\u00e1lie v sob\u011b kombinuje tvrdou sportovn\u00ed discipl\u00ednu s k\u0159ehkou romantickou du\u0161\u00ed tou\u017e\u00edc\u00ed po sebev\u011bdom\u00e9m partnerovi. Ve vile hled\u00e1 dominantn\u00edho mu\u017ee se smyslem pro pracovitost, kter\u00fd bez probl\u00e9m\u016f ustoj\u00ed jej\u00ed silnou osobnost.\u00a0Studentka v\u00fd\u017eivov\u00e9ho poradenstv\u00ed Viktoria m\u00e1 polsk\u00e9 ko\u0159eny a do sout\u011b\u017ee vstupuje kr\u00e1tce po ukon\u010den\u00ed p\u011btilet\u00e9ho vztahu na d\u00e1lku. Temperamentn\u00ed tv\u016frkyn\u011b obsahu jedn\u00e1 s lidmi zcela na rovinu a r\u00e1da by ve vile potkala mimo\u0159\u00e1dn\u011b ambici\u00f3zn\u00edho partnera.<\/p>\n<p>Cestovatelka Nela z Ostravy studovala v Austr\u00e1lii a pro\u017eila si obrovsk\u00e9 zklam\u00e1n\u00ed kv\u016fli nev\u011b\u0159e sv\u00e9ho b\u00fdval\u00e9ho p\u0159\u00edtele. U sv\u00e9ho budouc\u00edho prot\u011bj\u0161ku vy\u017eaduje maxim\u00e1ln\u00ed up\u0159\u00edmnost a velkou slabost m\u00e1 pro urostl\u00e9 mu\u017ee s hokejovou postavou.\u00a0Velkou medi\u00e1ln\u00ed pozornost m\u00e1 za sebou \u00fasp\u011b\u0161n\u00e1 slovensk\u00e1 influencerka Cynthia kv\u016fli p\u0159edchoz\u00edmu vztahu se zn\u00e1m\u00fdm rapperem. \u201eNa Love Island se jedu hlavn\u011b bavit a mo\u017en\u00e1 tam najdu i sv\u00e9ho budouc\u00edho partnera,\u201c dodala s nad\u011bj\u00ed.<\/p>\n<p>Mu\u017esk\u00e1 polovi\u010dka vily v o\u010dek\u00e1v\u00e1n\u00ed<\/p>\n<p>Z\u00e1jemci o l\u00e1sku z \u0159ad mu\u017e\u016f maj\u00ed letos velmi siln\u00e9 sportovn\u00ed a profesn\u00ed z\u00e1zem\u00ed. Do vztahov\u00fdch zkou\u0161ek jdou s obrovsk\u00fdm odhodl\u00e1n\u00edm naj\u00edt skute\u010dnou sp\u0159\u00edzn\u011bnou du\u0161i.\u00a0Teplick\u00fd model Jan se py\u0161n\u00ed titulem vicemistra republiky v kulturistice a zakl\u00e1d\u00e1 si na absolutn\u00ed loajalit\u011b. Atraktivn\u00ed student hled\u00e1 partnerku se sebejist\u00fdm vystupov\u00e1n\u00edm a v partnerstv\u00ed naprosto nesn\u00e1\u0161\u00ed vm\u011b\u0161ov\u00e1n\u00ed ciz\u00edch lid\u00ed.<\/p>\n<p>Zru\u010dn\u00fd \u0159emesln\u00edk Jakub z B\u00edlovce m\u00e1 za sebou ne\u00fasp\u011b\u0161n\u00fd \u0161estilet\u00fd vztah poznamenan\u00fd partner\u010dinou nev\u011brou a odli\u0161n\u00fdm \u017eivotn\u00edm sm\u011b\u0159ov\u00e1n\u00edm. Emocion\u00e1ln\u011b zral\u00fd mu\u017e p\u0159ij\u00ed\u017ed\u00ed na ostrov s c\u00edlem vybudovat velmi hlubok\u00e9 spojen\u00ed se spolehlivou \u017eenou.<\/p>\n<p>Asistent pedagoga Tom\u00e1\u0161 miluje d\u011bti a neboj\u00ed se velk\u00fdch romantick\u00fdch gest ani otev\u0159en\u00e9ho vyjad\u0159ov\u00e1n\u00ed cit\u016f. Charismatick\u00fd model poch\u00e1z\u00ed z velk\u00e9 rodiny a pro vytvo\u0159en\u00ed dlouhodob\u00e9ho p\u00e1ru pot\u0159ebuje naj\u00edt prot\u011bj\u0161ek se stejn\u00fdmi \u017eivotn\u00edmi hodnotami.<\/p>\n<p>Jednadvacetilet\u00fd amat\u00e9rsk\u00fd MMA z\u00e1pasn\u00edk Honza z Olomouce zaujme ve vile statusem bratrance Karlose V\u00e9moly i velkou touhou naj\u00edt po t\u011b\u017ek\u00fdch zdravotn\u00edch zkou\u0161k\u00e1ch opravdovou l\u00e1sku. T\u0159icetilet\u00fd majitel penzionu Maxo z C\u00edferu v sob\u011b nezap\u0159e energick\u00e9ho extroverta a pod maskou drsn\u00e9ho pracovn\u00edka bezpe\u010dnostn\u00ed slu\u017eby skr\u00fdv\u00e1 mu\u017ee tou\u017e\u00edc\u00edho po hlubok\u00e9m citov\u00e9m poutu. Do show p\u0159ij\u00ed\u017ed\u00ed s jasn\u00fdm c\u00edlem objevit empatickou a loaj\u00e1ln\u00ed partnerku.<\/p>\n<p>H\u0159\u00edch a poku\u0161en\u00ed pod dohledem kamer<\/p>\n<p>Tv\u016frci slibuj\u00ed ro\u010dn\u00edk pln\u00fd ne\u010dekan\u00fdch emoc\u00ed a obrovsk\u00e9 p\u0159ita\u017elivosti. Kreativn\u00ed producenti Pavel Nosek a Luk\u00e1\u0161 Franta letos s\u00e1zej\u00ed na mnohem vypjat\u011bj\u0161\u00ed situace, ve kter\u00fdch sout\u011b\u017e\u00edc\u00ed odhal\u00ed sv\u00e9 prav\u00e9 povahov\u00e9 rysy. Skute\u010dn\u00fd charakter lid\u00ed se toti\u017e nejl\u00e9pe projev\u00ed pr\u00e1v\u011b ve chv\u00edl\u00edch mimo\u0159\u00e1dn\u011b t\u011b\u017ek\u00e9ho rozhodov\u00e1n\u00ed. Obyvatel\u00e9 ostrovn\u00ed vily budou muset velmi \u010dasto riskovat a \u010delit n\u00e1strah\u00e1m vztahov\u00e9ho poku\u0161en\u00ed. Z\u00e1\u0159ijov\u00e9 ve\u010dery tak p\u0159inesou televizn\u00edm div\u00e1k\u016fm po\u0159\u00e1dnou d\u00e1vku nap\u011bt\u00ed z rod\u00edc\u00edch se sympati\u00ed i p\u0159\u00edpadn\u00fdch konflikt\u016f.<\/p>\n<p>Zdroj informac\u00ed: autorsk\u00e9 zpracov\u00e1n\u00ed redakce <a href=\"https:\/\/www.vtelce.cz\/kontakty\/\" target=\"_blank\" rel=\"noopener noreferrer follow nofollow\" data-wpel-link=\"internal\">Vtelce.cz<\/a> na z\u00e1klad\u011b ve\u0159ejn\u011b dostupn\u00fdch informac\u00ed z m\u00e9di\u00ed (<a href=\"https:\/\/tv.nova.cz\/porad\/love-island\" target=\"_blank\" rel=\"noopener follow noreferrer nofollow\" data-wpel-link=\"exclude\">tv.nova<\/a>).<\/p>\n","protected":false},"excerpt":{"rendered":"Love Island \u010cesko &amp; Slovensko 2026, FOTO: Distr. TV Nova Love Island \u010cesko &amp; Slovensko 2026, FOTO: Distr.&hellip;\n","protected":false},"author":2,"featured_media":201595,"comment_status":"","ping_status":"","sticky":false,"template":"","format":"standard","meta":{"footnotes":"","_share_on_mastodon":"0"},"categories":[15],"tags":[28950,34848,11576,813,12925,1589,18640,945,94,93,5930,5754,652,5587],"class_list":["post-201594","post","type-post","status-publish","format-standard","has-post-thumbnail","category-sport","tag-hledani-lasky","tag-love-island","tag-nova","tag-oneplay","tag-ostrov","tag-reality-show","tag-seznamovani","tag-soutez","tag-sport","tag-sports","tag-televize-nova","tag-tip-na-porad","tag-vztahy","tag-zorka-hejdova"],"share_on_mastodon":{"url":"https:\/\/pubeurope.com\/@cz\/117207640812728658","error":""},"_links":{"self":[{"href":"https:\/\/www.europesays.com\/cz\/wp-json\/wp\/v2\/posts\/201594","targetHints":{"allow":["GET"]}}],"collection":[{"href":"https:\/\/www.europesays.com\/cz\/wp-json\/wp\/v2\/posts"}],"about":[{"href":"https:\/\/www.europesays.com\/cz\/wp-json\/wp\/v2\/types\/post"}],"author":[{"embeddable":true,"href":"https:\/\/www.europesays.com\/cz\/wp-json\/wp\/v2\/users\/2"}],"replies":[{"embeddable":true,"href":"https:\/\/www.europesays.com\/cz\/wp-json\/wp\/v2\/comments?post=201594"}],"version-history":[{"count":0,"href":"https:\/\/www.europesays.com\/cz\/wp-json\/wp\/v2\/posts\/201594\/revisions"}],"wp:featuredmedia":[{"embeddable":true,"href":"https:\/\/www.europesays.com\/cz\/wp-json\/wp\/v2\/media\/201595"}],"wp:attachment":[{"href":"https:\/\/www.europesays.com\/cz\/wp-json\/wp\/v2\/media?parent=201594"}],"wp:term":[{"taxonomy":"category","embeddable":true,"href":"https:\/\/www.europesays.com\/cz\/wp-json\/wp\/v2\/categories?post=201594"},{"taxonomy":"post_tag","embeddable":true,"href":"https:\/\/www.europesays.com\/cz\/wp-json\/wp\/v2\/tags?post=201594"}],"curies":[{"name":"wp","href":"https:\/\/api.w.org\/{rel}","templated":true}]}}