{"id":201596,"date":"2026-09-03T14:42:17","date_gmt":"2026-09-03T14:42:17","guid":{"rendered":"https:\/\/www.europesays.com\/cz\/201596\/"},"modified":"2026-09-03T14:42:17","modified_gmt":"2026-09-03T14:42:17","slug":"marta-jandova-dre-na-stardance-a-odhodila-zabrany-i-cast-odevu-nejodvaznejsi-partie-zakryly-tejpy-se-zirafami-2","status":"publish","type":"post","link":"https:\/\/www.europesays.com\/cz\/201596\/","title":{"rendered":"Marta Jandov\u00e1 d\u0159e na StarDance a odhodila z\u00e1brany i \u010d\u00e1st od\u011bvu. Nejodv\u00e1\u017en\u011bj\u0161\u00ed partie zakryly tejpy se \u017eirafami"},"content":{"rendered":"<p>Zp\u011bva\u010dka Marta Jandov\u00e1 d\u00e1v\u00e1 do p\u0159\u00edprav na podzimn\u00ed tane\u010dn\u00ed sout\u011b\u017e absolutn\u00ed maximum a n\u00e1ro\u010dn\u00e9 tr\u00e9ninky si u\u017e vyb\u00edraj\u00ed svou da\u0148. Hv\u011bzda \u010dtrn\u00e1ct\u00e9 \u0159ady StarDance odhalila fanou\u0161k\u016fm na soci\u00e1ln\u00edch s\u00edt\u00edch bolav\u00e9 t\u011blo pln\u00e9 tejpovac\u00edch p\u00e1sek. N\u00e1ro\u010dn\u00e1 fyzick\u00e1 z\u00e1t\u011b\u017e si vy\u017e\u00e1dala l\u00e9ka\u0159sk\u00fd z\u00e1sah v oblasti beder a stehen. S humorem sob\u011b vlastn\u00edm ale celou situaci zleh\u010duje a na parketu d\u00e1l poctiv\u011b d\u0159e.<\/p>\n<p>Odhalen\u00ed v tane\u010dn\u00edm s\u00e1le<\/p>\n<p>Tane\u010dn\u00ed partner Martin Pr\u00e1gr d\u00e1v\u00e1 Jandov\u00e9 po\u0159\u00e1dn\u011b zabrat. Na sv\u00fdch profilech sd\u00edlela sn\u00edmky p\u0159\u00edmo ze zku\u0161ebny, kde si p\u0159ed zrcadlem \u010d\u00e1ste\u010dn\u011b st\u00e1hla tepl\u00e1ky. Sleduj\u00edc\u00edm se tak naskytl pohled na jej\u00ed boky a pozad\u00ed polepen\u00e9 v\u00fdrazn\u00fdmi modr\u00fdmi p\u00e1skami s motivem zv\u00ed\u0159at. Ty m\u00e1 aplikovan\u00e9 od t\u0159\u00edsla a\u017e po spodn\u00ed \u010d\u00e1st zad.<\/p>\n<p>\u201eCvi\u010dme v rytme. Kdy\u017e u\u017e tejpa, tak jedin\u011b se \u017eirafama,\u201c sv\u011b\u0159ila se Jandov\u00e1 s humorem na Instagramu. Na fotografi\u00edch po\u0159\u00edzen\u00fdch b\u011bhem tr\u00e9ninku je v pozad\u00ed vid\u011bt i jej\u00ed tane\u010dn\u00ed partner.<\/p>\n<p>Vysok\u00e9 n\u00e1roky p\u00e1t\u00e9ho ro\u010dn\u00edku<\/p>\n<p>Jednat\u0159icetilet\u00fd tane\u010dn\u00edk se sout\u011b\u017ee \u00fa\u010dastn\u00ed u\u017e pop\u00e1t\u00e9 a v minulosti dovedl na st\u0159\u00edbrnou p\u0159\u00ed\u010dku here\u010dku <a href=\"https:\/\/www.readzone.cz\/vymena-partneru-u-marty-dancingerove-starsiho-herce-z-ulice-nahradil-mlady-podcaster\/\" target=\"_blank\" rel=\"noopener follow nofollow\" data-wpel-link=\"internal\">Martu Dancingerovou<\/a>. Na hudebn\u00edch p\u00f3di\u00edch je Jandov\u00e1 zvykl\u00e1 na obrovsk\u00fd v\u00fddej energie, ale specifick\u00fd pohyb na parketu p\u0159edstavuje pro organismus zcela novou z\u00e1t\u011b\u017e. P\u0159ed za\u010d\u00e1tkem zkou\u0161ek dokonce pravideln\u011b nav\u0161t\u011bvovala posilovnu pro lep\u0161\u00ed fyzickou kondici.<\/p>\n<p>\u201eMartin m\u011b ne\u0161et\u0159\u00ed,\u201c dodala k n\u00e1ro\u010dn\u00e9mu zku\u0161ebn\u00edmu tempu.<\/p>\n<p>Reakce pobaven\u00fdch fanou\u0161k\u016f<\/p>\n<p>Odezva sleduj\u00edc\u00edch p\u0159i\u0161la velmi rychle a pod p\u0159\u00edsp\u011bvkem se okam\u017eit\u011b objevila spousta povzbudiv\u00fdch zpr\u00e1v. N\u011bkte\u0159\u00ed obdivovatel\u00e9 ji varovali s obavou, \u017ee ji ze s\u00e1lu nakonec odnesou po kousk\u00e1ch. Jin\u00ed s velkou nads\u00e1zkou p\u0159ipomn\u011bli star\u00e9 r\u010den\u00ed o sportu a trval\u00e9 invalidit\u011b. Objevil se i \u017eertovn\u00fd koment\u00e1\u0159 o p\u0159\u00edpadn\u00e9m \u017ealov\u00e1n\u00ed tat\u00ednkovi za takov\u00e9 odv\u00e1\u017en\u00e9 vystavov\u00e1n\u00ed.<\/p>\n<p>Lid\u00e9 se nicm\u00e9n\u011b p\u0159ev\u00e1\u017en\u011b shoduj\u00ed v obrovsk\u00e9 podpo\u0159e a sk\u00e1lopevn\u011b v\u011b\u0159\u00ed v jej\u00ed \u00fasp\u011bch na televizn\u00ed obrazovce. V\u00fdsledek poctiv\u00fdch p\u0159\u00edprav uvid\u00ed div\u00e1ci \u010cesk\u00e9 televize ve \u010dtrn\u00e1ct\u00e9 \u0159ad\u011b <a href=\"https:\/\/www.readzone.cz\/porady\/stardance\/\" data-wpel-link=\"internal\" target=\"_self\" rel=\"follow nofollow noopener\">StarDance<\/a> u\u017e letos na podzim.<\/p>\n<p>Zdroj informac\u00ed: autorsk\u00e9 zpracov\u00e1n\u00ed redakce <a href=\"https:\/\/www.readzone.cz\/kontakty\/\" target=\"_blank\" rel=\"noopener noreferrer follow nofollow\" data-wpel-link=\"internal\">Readzone.cz<\/a> na z\u00e1klad\u011b ve\u0159ejn\u011b dostupn\u00fdch informac\u00ed z m\u00e9di\u00ed (<a href=\"https:\/\/www.instagram.com\/p\/DcyO3TUCBUc\/?img_index=3\" target=\"_blank\" rel=\"noopener follow external nofollow\" data-wpel-link=\"external\">instagram<\/a>, StarDance).<script async src=\"\/\/www.instagram.com\/embed.js\"><\/script><\/p>\n","protected":false},"excerpt":{"rendered":"Zp\u011bva\u010dka Marta Jandov\u00e1 d\u00e1v\u00e1 do p\u0159\u00edprav na podzimn\u00ed tane\u010dn\u00ed sout\u011b\u017e absolutn\u00ed maximum a n\u00e1ro\u010dn\u00e9 tr\u00e9ninky si u\u017e vyb\u00edraj\u00ed&hellip;\n","protected":false},"author":2,"featured_media":201597,"comment_status":"","ping_status":"","sticky":false,"template":"","format":"standard","meta":{"footnotes":"","_share_on_mastodon":"0"},"categories":[14],"tags":[737,79,46107,11249,33468,521,3687,11235,26900,4949,80,30808,30423],"class_list":["post-201596","post","type-post","status-publish","format-standard","has-post-thumbnail","category-zabava","tag-ceska-televize","tag-entertainment","tag-hudebnice","tag-marta-jandova","tag-martin-pragr","tag-socialni-site","tag-stardance","tag-tanecni-soutez","tag-tejpy","tag-trenink","tag-zabava","tag-ze-socialnich-siti","tag-zpevaci-a-zpevacky"],"share_on_mastodon":{"url":"https:\/\/pubeurope.com\/@cz\/117207640879809486","error":""},"_links":{"self":[{"href":"https:\/\/www.europesays.com\/cz\/wp-json\/wp\/v2\/posts\/201596","targetHints":{"allow":["GET"]}}],"collection":[{"href":"https:\/\/www.europesays.com\/cz\/wp-json\/wp\/v2\/posts"}],"about":[{"href":"https:\/\/www.europesays.com\/cz\/wp-json\/wp\/v2\/types\/post"}],"author":[{"embeddable":true,"href":"https:\/\/www.europesays.com\/cz\/wp-json\/wp\/v2\/users\/2"}],"replies":[{"embeddable":true,"href":"https:\/\/www.europesays.com\/cz\/wp-json\/wp\/v2\/comments?post=201596"}],"version-history":[{"count":0,"href":"https:\/\/www.europesays.com\/cz\/wp-json\/wp\/v2\/posts\/201596\/revisions"}],"wp:featuredmedia":[{"embeddable":true,"href":"https:\/\/www.europesays.com\/cz\/wp-json\/wp\/v2\/media\/201597"}],"wp:attachment":[{"href":"https:\/\/www.europesays.com\/cz\/wp-json\/wp\/v2\/media?parent=201596"}],"wp:term":[{"taxonomy":"category","embeddable":true,"href":"https:\/\/www.europesays.com\/cz\/wp-json\/wp\/v2\/categories?post=201596"},{"taxonomy":"post_tag","embeddable":true,"href":"https:\/\/www.europesays.com\/cz\/wp-json\/wp\/v2\/tags?post=201596"}],"curies":[{"name":"wp","href":"https:\/\/api.w.org\/{rel}","templated":true}]}}