{"id":201600,"date":"2026-09-03T14:46:12","date_gmt":"2026-09-03T14:46:12","guid":{"rendered":"https:\/\/www.europesays.com\/cz\/201600\/"},"modified":"2026-09-03T14:46:12","modified_gmt":"2026-09-03T14:46:12","slug":"srsni-radi-podel-cesty-na-boren-na-teplicku-turiste-maji-po-jejich-bodnuti-alergickou-reakci","status":"publish","type":"post","link":"https:\/\/www.europesays.com\/cz\/201600\/","title":{"rendered":"Sr\u0161ni \u0159\u00e1d\u00ed pod\u00e9l cesty na Bo\u0159e\u0148 na Teplicku, turist\u00e9 maj\u00ed po jejich bodnut\u00ed alergickou reakci"},"content":{"rendered":"<p class=\"c_bB\">Po n\u011bkolika nahl\u00e1\u0161en\u00fdch bodnut\u00ed a\u00a0n\u00e1sledn\u00fdch zdravotn\u00edch komplikac\u00edch pacient\u016f ozna\u010dili b\u00edlin\u0161t\u00ed hasi\u010di v\u00a0prvn\u00ed z\u00e1\u0159ijov\u00fd den na \u017e\u00e1dost z\u00e1chran\u00e1\u0159\u016f rizikov\u00e1 m\u00edsta v\u00fdstra\u017en\u00fdmi tabulkami a\u00a0p\u00e1skami, kter\u00e9 upozor\u0148uj\u00ed na zv\u00fd\u0161en\u00fd v\u00fdskyt sr\u0161\u0148\u016f.<\/p>\n<p class=\"c_bB\">Hned n\u00e1sleduj\u00edc\u00ed den ale do\u0161lo k\u00a0dal\u0161\u00edmu incidentu. \u201eOsoba vstoupila za vyzna\u010denou p\u00e1sku, kde ji bodl sr\u0161e\u0148. I\u00a0v tomto p\u0159\u00edpad\u011b byl kv\u016fli n\u00e1sledn\u00e9 reakci nutn\u00fd transport leteckou z\u00e1chrannou slu\u017ebou,\u201c popsala mluv\u010d\u00ed krajsk\u00fdch hasi\u010d\u016f Lucie Vy\u0161krabkov\u00e1.<\/p>\n<p><a data-dot=\"atm-link\" target=\"_self\" href=\"https:\/\/www.novinky.cz\/clanek\/krimi-srsen-na-frydecko-mistecku-bodl-muze-do-hlavy-rozjela-se-u-nej-alergicka-reakce-40530895\" class=\"c_I\" rel=\"nofollow noopener\"><img fetchpriority=\"high\" height=\"576\" width=\"1024\" src=\"https:\/\/www.europesays.com\/cz\/wp-content\/uploads\/2026\/09\/zzs-srsen-frydecko-mistecko.jpeg\" loading=\"eager\" decoding=\"sync\" class=\"c_t c_r\"\/><\/a><\/p>\n<p class=\"c_bB\">Hasi\u010di pot\u00e9 provedli pr\u016fzkum m\u00edsta a\u00a0nedaleko turistick\u00e9 cesty objevili vyvr\u00e1cen\u00fd kmen stromu se sr\u0161n\u00edm hn\u00edzdem.<\/p>\n<p class=\"c_bB\">\u201eKmen p\u0159em\u00edstili d\u00e1le od turistick\u00e9 trasy. Neznamen\u00e1 to ale, \u017ee je t\u00edm riziko za\u017eehn\u00e1no. Na vrchu Bo\u0159e\u0148 je m\u00edst se zv\u00fd\u0161en\u00fdm v\u00fdskytem sr\u0161\u0148\u016f v\u00edce a\u00a0nen\u00ed mo\u017en\u00e9 v\u0161echna vyhledat a\u00a0ozna\u010dit,\u201c upozornila mluv\u010d\u00ed.<\/p>\n<p class=\"c_bB\">Hasi\u010di proto \u017e\u00e1daj\u00ed ve\u0159ejnost, aby respektovala v\u00fdstra\u017en\u00e9 tabulky i\u00a0p\u00e1sky. \u201eObez\u0159etn\u00ed ale bu\u010fte i\u00a0mimo ozna\u010den\u00e1 m\u00edsta. Pokud zaznamen\u00e1te zv\u00fd\u0161en\u00fd v\u00fdskyt sr\u0161\u0148\u016f, m\u00edsto rad\u011bji obejd\u011bte a\u00a0hmyz nijak nedr\u00e1\u017ed\u011bte,\u201c apeluj\u00ed hasi\u010di.<\/p>\n<p><img height=\"590\"   width=\"431\" src=\"https:\/\/www.europesays.com\/cz\/wp-content\/uploads\/2026\/09\/srsni-na-borni.jpeg\" loading=\"eager\" decoding=\"sync\" class=\"c_t c_r\"\/>Foto: HZS \u00dasteck\u00e9ho kraje<\/p>\n<p class=\"c_bB\">Hasi\u010di ozna\u010dili rizikov\u00e1 m\u00edsta v\u00fdstra\u017en\u00fdmi tabulkami a\u00a0p\u00e1skami.<\/p>\n<p><img height=\"2304\"   width=\"4096\" src=\"https:\/\/www.europesays.com\/cz\/wp-content\/uploads\/2026\/09\/boren.jpeg\" loading=\"eager\" decoding=\"sync\" class=\"c_t c_r\"\/>Foto: Karel Otcovsk\u00fd, Novinky<\/p>\n<p class=\"c_bB\">Pohled na vrch Bo\u0159e\u0148 z\u00a0B\u00edliny<\/p>\n<p><a data-dot=\"atm-link\" target=\"_self\" href=\"https:\/\/www.novinky.cz\/clanek\/cestovani-hora-boren-nabizi-hezke-vyhledy-prohlednete-si-jeji-okoli-z-ptaci-perspektivy-40289176\" class=\"c_I\" rel=\"nofollow noopener\"><img height=\"717\" width=\"1276\" src=\"https:\/\/www.europesays.com\/cz\/wp-content\/uploads\/2026\/09\/hNPBAVb.jpeg\" loading=\"eager\" decoding=\"sync\" class=\"c_t c_r\"\/><\/a><\/p>\n","protected":false},"excerpt":{"rendered":"Po n\u011bkolika nahl\u00e1\u0161en\u00fdch bodnut\u00ed a\u00a0n\u00e1sledn\u00fdch zdravotn\u00edch komplikac\u00edch pacient\u016f ozna\u010dili b\u00edlin\u0161t\u00ed hasi\u010di v\u00a0prvn\u00ed z\u00e1\u0159ijov\u00fd den na \u017e\u00e1dost z\u00e1chran\u00e1\u0159\u016f rizikov\u00e1&hellip;\n","protected":false},"author":2,"featured_media":201601,"comment_status":"","ping_status":"","sticky":false,"template":"","format":"standard","meta":{"footnotes":"","_share_on_mastodon":"0"},"categories":[7],"tags":[5799,1007,43,42,41,40,734,46108,4984],"class_list":["post-201600","post","type-post","status-publish","format-standard","has-post-thumbnail","category-cesko","tag-alergicka-reakce","tag-bilina","tag-ceska-republika","tag-cesko","tag-czech-republic","tag-czechia","tag-hasici","tag-srsen","tag-zachranari"],"share_on_mastodon":{"url":"https:\/\/pubeurope.com\/@cz\/117207655266821085","error":""},"_links":{"self":[{"href":"https:\/\/www.europesays.com\/cz\/wp-json\/wp\/v2\/posts\/201600","targetHints":{"allow":["GET"]}}],"collection":[{"href":"https:\/\/www.europesays.com\/cz\/wp-json\/wp\/v2\/posts"}],"about":[{"href":"https:\/\/www.europesays.com\/cz\/wp-json\/wp\/v2\/types\/post"}],"author":[{"embeddable":true,"href":"https:\/\/www.europesays.com\/cz\/wp-json\/wp\/v2\/users\/2"}],"replies":[{"embeddable":true,"href":"https:\/\/www.europesays.com\/cz\/wp-json\/wp\/v2\/comments?post=201600"}],"version-history":[{"count":0,"href":"https:\/\/www.europesays.com\/cz\/wp-json\/wp\/v2\/posts\/201600\/revisions"}],"wp:featuredmedia":[{"embeddable":true,"href":"https:\/\/www.europesays.com\/cz\/wp-json\/wp\/v2\/media\/201601"}],"wp:attachment":[{"href":"https:\/\/www.europesays.com\/cz\/wp-json\/wp\/v2\/media?parent=201600"}],"wp:term":[{"taxonomy":"category","embeddable":true,"href":"https:\/\/www.europesays.com\/cz\/wp-json\/wp\/v2\/categories?post=201600"},{"taxonomy":"post_tag","embeddable":true,"href":"https:\/\/www.europesays.com\/cz\/wp-json\/wp\/v2\/tags?post=201600"}],"curies":[{"name":"wp","href":"https:\/\/api.w.org\/{rel}","templated":true}]}}