{"id":201608,"date":"2026-09-03T14:52:32","date_gmt":"2026-09-03T14:52:32","guid":{"rendered":"https:\/\/www.europesays.com\/cz\/201608\/"},"modified":"2026-09-03T14:52:32","modified_gmt":"2026-09-03T14:52:32","slug":"parby-v-kozicce-davny-milenec-i-pracharova-pubertalni-touha-20-rada-mame-radi-cesko-odhali-soukromi-absolonove","status":"publish","type":"post","link":"https:\/\/www.europesays.com\/cz\/201608\/","title":{"rendered":"Pa\u0159by v Kozi\u010dce, d\u00e1vn\u00fd milenec i Pracha\u0159ova pubert\u00e1ln\u00ed touha. 20. \u0159ada M\u00e1me r\u00e1di \u010cesko odhal\u00ed soukrom\u00ed Absolonov\u00e9"},"content":{"rendered":"<p> <a href=\"https:\/\/www.vtelce.cz\/parby-v-kozicce-davny-milenec-i-pracharova-pubertalni-touha-20-rada-mame-radi-cesko-odhali-soukromi-absolonove\/vlcsnap-2026-08-19-14h51m21s634\/\" border=\"0\" itemprop=\"url\" data-wpel-link=\"internal\" target=\"_self\" rel=\"follow nofollow noopener\"> <img decoding=\"async\" class=\"\" data-attachment-id=\"21393\" data-orig-file=\"https:\/\/www.vtelce.cz\/wp-content\/uploads\/2026\/09\/vlcsnap-2026-08-19-14h51m21s634.jpg\" data-orig-size=\"1600,900\" data-comments-opened=\"\" data-image-meta=\"{&quot;aperture&quot;:&quot;0&quot;,&quot;credit&quot;:&quot;&quot;,&quot;camera&quot;:&quot;&quot;,&quot;caption&quot;:&quot;&quot;,&quot;created_timestamp&quot;:&quot;0&quot;,&quot;copyright&quot;:&quot;&quot;,&quot;focal_length&quot;:&quot;0&quot;,&quot;iso&quot;:&quot;0&quot;,&quot;shutter_speed&quot;:&quot;0&quot;,&quot;title&quot;:&quot;&quot;,&quot;orientation&quot;:&quot;0&quot;,&quot;alt&quot;:&quot;&quot;}\" data-image-title=\"vlcsnap-2026-08-19-14h51m21s634\" data-image-description=\"\" data-medium-file=\"https:\/\/www.vtelce.cz\/wp-content\/uploads\/2026\/09\/vlcsnap-2026-08-19-14h51m21s634-300x169.jpg\" data-large-file=\"https:\/\/www.vtelce.cz\/wp-content\/uploads\/2026\/09\/vlcsnap-2026-08-19-14h51m21s634-1024x576.jpg\" src=\"https:\/\/www.europesays.com\/cz\/wp-content\/uploads\/2026\/09\/vlcsnap-2026-08-19-14h51m21s634.jpg\" width=\"344\" height=\"344\" loading=\"lazy\" data-original-width=\"344\" data-original-height=\"344\" itemprop=\"http:\/\/schema.org\/image\" title=\"vlcsnap-2026-08-19-14h51m21s634\" alt=\"M\u00e1me r\u00e1di \u010cesko, FOTO: distr. FTV Prima\" style=\"width: 344px; height: 344px;\"\/> <\/a><\/p>\n<p> M\u00e1me r\u00e1di \u010cesko, FOTO: distr. FTV Prima<\/p>\n<p> <a href=\"https:\/\/www.vtelce.cz\/parby-v-kozicce-davny-milenec-i-pracharova-pubertalni-touha-20-rada-mame-radi-cesko-odhali-soukromi-absolonove\/vlcsnap-2026-08-19-14h50m41s678\/\" border=\"0\" itemprop=\"url\" data-wpel-link=\"internal\" target=\"_self\" rel=\"follow nofollow noopener\"> <img decoding=\"async\" class=\"\" data-attachment-id=\"21392\" data-orig-file=\"https:\/\/www.vtelce.cz\/wp-content\/uploads\/2026\/09\/vlcsnap-2026-08-19-14h50m41s678.jpg\" data-orig-size=\"1600,900\" data-comments-opened=\"\" data-image-meta=\"{&quot;aperture&quot;:&quot;0&quot;,&quot;credit&quot;:&quot;&quot;,&quot;camera&quot;:&quot;&quot;,&quot;caption&quot;:&quot;&quot;,&quot;created_timestamp&quot;:&quot;0&quot;,&quot;copyright&quot;:&quot;&quot;,&quot;focal_length&quot;:&quot;0&quot;,&quot;iso&quot;:&quot;0&quot;,&quot;shutter_speed&quot;:&quot;0&quot;,&quot;title&quot;:&quot;&quot;,&quot;orientation&quot;:&quot;0&quot;,&quot;alt&quot;:&quot;&quot;}\" data-image-title=\"vlcsnap-2026-08-19-14h50m41s678\" data-image-description=\"\" data-medium-file=\"https:\/\/www.vtelce.cz\/wp-content\/uploads\/2026\/09\/vlcsnap-2026-08-19-14h50m41s678-300x169.jpg\" data-large-file=\"https:\/\/www.vtelce.cz\/wp-content\/uploads\/2026\/09\/vlcsnap-2026-08-19-14h50m41s678-1024x576.jpg\" src=\"https:\/\/www.europesays.com\/cz\/wp-content\/uploads\/2026\/09\/vlcsnap-2026-08-19-14h50m41s678.jpg\" width=\"344\" height=\"344\" loading=\"lazy\" data-original-width=\"344\" data-original-height=\"344\" itemprop=\"http:\/\/schema.org\/image\" title=\"vlcsnap-2026-08-19-14h50m41s678\" alt=\"M\u00e1me r\u00e1di \u010cesko, FOTO: distr. FTV Prima\" style=\"width: 344px; height: 344px;\"\/> <\/a><\/p>\n<p> M\u00e1me r\u00e1di \u010cesko, FOTO: distr. FTV Prima<\/p>\n<p> <a href=\"https:\/\/www.vtelce.cz\/parby-v-kozicce-davny-milenec-i-pracharova-pubertalni-touha-20-rada-mame-radi-cesko-odhali-soukromi-absolonove\/vlcsnap-2026-08-19-14h56m39s877\/\" border=\"0\" itemprop=\"url\" data-wpel-link=\"internal\" target=\"_self\" rel=\"follow nofollow noopener\"> <img decoding=\"async\" class=\"\" data-attachment-id=\"21395\" data-orig-file=\"https:\/\/www.vtelce.cz\/wp-content\/uploads\/2026\/09\/vlcsnap-2026-08-19-14h56m39s877.jpg\" data-orig-size=\"1600,900\" data-comments-opened=\"\" data-image-meta=\"{&quot;aperture&quot;:&quot;0&quot;,&quot;credit&quot;:&quot;&quot;,&quot;camera&quot;:&quot;&quot;,&quot;caption&quot;:&quot;&quot;,&quot;created_timestamp&quot;:&quot;0&quot;,&quot;copyright&quot;:&quot;&quot;,&quot;focal_length&quot;:&quot;0&quot;,&quot;iso&quot;:&quot;0&quot;,&quot;shutter_speed&quot;:&quot;0&quot;,&quot;title&quot;:&quot;&quot;,&quot;orientation&quot;:&quot;0&quot;,&quot;alt&quot;:&quot;&quot;}\" data-image-title=\"vlcsnap-2026-08-19-14h56m39s877\" data-image-description=\"\" data-medium-file=\"https:\/\/www.vtelce.cz\/wp-content\/uploads\/2026\/09\/vlcsnap-2026-08-19-14h56m39s877-300x169.jpg\" data-large-file=\"https:\/\/www.vtelce.cz\/wp-content\/uploads\/2026\/09\/vlcsnap-2026-08-19-14h56m39s877-1024x576.jpg\" src=\"https:\/\/www.europesays.com\/cz\/wp-content\/uploads\/2026\/09\/vlcsnap-2026-08-19-14h56m39s877.jpg\" width=\"135\" height=\"135\" loading=\"lazy\" data-original-width=\"135\" data-original-height=\"135\" itemprop=\"http:\/\/schema.org\/image\" title=\"vlcsnap-2026-08-19-14h56m39s877\" alt=\"M\u00e1me r\u00e1di \u010cesko, FOTO: distr. FTV Prima\" style=\"width: 135px; height: 135px;\"\/> <\/a><\/p>\n<p> M\u00e1me r\u00e1di \u010cesko, FOTO: distr. FTV Prima<\/p>\n<p> <a href=\"https:\/\/www.vtelce.cz\/parby-v-kozicce-davny-milenec-i-pracharova-pubertalni-touha-20-rada-mame-radi-cesko-odhali-soukromi-absolonove\/vlcsnap-2026-08-19-15h29m19s651\/\" border=\"0\" itemprop=\"url\" data-wpel-link=\"internal\" target=\"_self\" rel=\"follow nofollow noopener\"> <img decoding=\"async\" class=\"\" data-attachment-id=\"21396\" data-orig-file=\"https:\/\/www.vtelce.cz\/wp-content\/uploads\/2026\/09\/vlcsnap-2026-08-19-15h29m19s651.jpg\" data-orig-size=\"1600,900\" data-comments-opened=\"\" data-image-meta=\"{&quot;aperture&quot;:&quot;0&quot;,&quot;credit&quot;:&quot;&quot;,&quot;camera&quot;:&quot;&quot;,&quot;caption&quot;:&quot;&quot;,&quot;created_timestamp&quot;:&quot;0&quot;,&quot;copyright&quot;:&quot;&quot;,&quot;focal_length&quot;:&quot;0&quot;,&quot;iso&quot;:&quot;0&quot;,&quot;shutter_speed&quot;:&quot;0&quot;,&quot;title&quot;:&quot;&quot;,&quot;orientation&quot;:&quot;0&quot;,&quot;alt&quot;:&quot;&quot;}\" data-image-title=\"vlcsnap-2026-08-19-15h29m19s651\" data-image-description=\"\" data-medium-file=\"https:\/\/www.vtelce.cz\/wp-content\/uploads\/2026\/09\/vlcsnap-2026-08-19-15h29m19s651-300x169.jpg\" data-large-file=\"https:\/\/www.vtelce.cz\/wp-content\/uploads\/2026\/09\/vlcsnap-2026-08-19-15h29m19s651-1024x576.jpg\" src=\"https:\/\/www.europesays.com\/cz\/wp-content\/uploads\/2026\/09\/vlcsnap-2026-08-19-15h29m19s651.jpg\" width=\"135\" height=\"135\" loading=\"lazy\" data-original-width=\"135\" data-original-height=\"135\" itemprop=\"http:\/\/schema.org\/image\" title=\"vlcsnap-2026-08-19-15h29m19s651\" alt=\"M\u00e1me r\u00e1di \u010cesko, FOTO: distr. FTV Prima\" style=\"width: 135px; height: 135px;\"\/> <\/a><\/p>\n<p> M\u00e1me r\u00e1di \u010cesko, FOTO: distr. FTV Prima<\/p>\n<p> <a href=\"https:\/\/www.vtelce.cz\/parby-v-kozicce-davny-milenec-i-pracharova-pubertalni-touha-20-rada-mame-radi-cesko-odhali-soukromi-absolonove\/vlcsnap-2026-08-19-15h31m54s029\/\" border=\"0\" itemprop=\"url\" data-wpel-link=\"internal\" target=\"_self\" rel=\"follow nofollow noopener\"> <img decoding=\"async\" class=\"\" data-attachment-id=\"21397\" data-orig-file=\"https:\/\/www.vtelce.cz\/wp-content\/uploads\/2026\/09\/vlcsnap-2026-08-19-15h31m54s029.jpg\" data-orig-size=\"1600,900\" data-comments-opened=\"\" data-image-meta=\"{&quot;aperture&quot;:&quot;0&quot;,&quot;credit&quot;:&quot;&quot;,&quot;camera&quot;:&quot;&quot;,&quot;caption&quot;:&quot;&quot;,&quot;created_timestamp&quot;:&quot;0&quot;,&quot;copyright&quot;:&quot;&quot;,&quot;focal_length&quot;:&quot;0&quot;,&quot;iso&quot;:&quot;0&quot;,&quot;shutter_speed&quot;:&quot;0&quot;,&quot;title&quot;:&quot;&quot;,&quot;orientation&quot;:&quot;0&quot;,&quot;alt&quot;:&quot;&quot;}\" data-image-title=\"vlcsnap-2026-08-19-15h31m54s029\" data-image-description=\"\" data-medium-file=\"https:\/\/www.vtelce.cz\/wp-content\/uploads\/2026\/09\/vlcsnap-2026-08-19-15h31m54s029-300x169.jpg\" data-large-file=\"https:\/\/www.vtelce.cz\/wp-content\/uploads\/2026\/09\/vlcsnap-2026-08-19-15h31m54s029-1024x576.jpg\" src=\"https:\/\/www.europesays.com\/cz\/wp-content\/uploads\/2026\/09\/vlcsnap-2026-08-19-15h31m54s029.jpg\" width=\"135\" height=\"135\" loading=\"lazy\" data-original-width=\"135\" data-original-height=\"135\" itemprop=\"http:\/\/schema.org\/image\" title=\"vlcsnap-2026-08-19-15h31m54s029\" alt=\"M\u00e1me r\u00e1di \u010cesko, FOTO: distr. FTV Prima\" style=\"width: 135px; height: 135px;\"\/> <\/a><\/p>\n<p> M\u00e1me r\u00e1di \u010cesko, FOTO: distr. FTV Prima<\/p>\n<p> <a href=\"https:\/\/www.vtelce.cz\/parby-v-kozicce-davny-milenec-i-pracharova-pubertalni-touha-20-rada-mame-radi-cesko-odhali-soukromi-absolonove\/vlcsnap-2026-08-19-14h53m47s601\/\" border=\"0\" itemprop=\"url\" data-wpel-link=\"internal\" target=\"_self\" rel=\"follow nofollow noopener\"> <img decoding=\"async\" class=\"\" data-attachment-id=\"21394\" data-orig-file=\"https:\/\/www.vtelce.cz\/wp-content\/uploads\/2026\/09\/vlcsnap-2026-08-19-14h53m47s601.jpg\" data-orig-size=\"1600,900\" data-comments-opened=\"\" data-image-meta=\"{&quot;aperture&quot;:&quot;0&quot;,&quot;credit&quot;:&quot;&quot;,&quot;camera&quot;:&quot;&quot;,&quot;caption&quot;:&quot;&quot;,&quot;created_timestamp&quot;:&quot;0&quot;,&quot;copyright&quot;:&quot;&quot;,&quot;focal_length&quot;:&quot;0&quot;,&quot;iso&quot;:&quot;0&quot;,&quot;shutter_speed&quot;:&quot;0&quot;,&quot;title&quot;:&quot;&quot;,&quot;orientation&quot;:&quot;0&quot;,&quot;alt&quot;:&quot;&quot;}\" data-image-title=\"vlcsnap-2026-08-19-14h53m47s601\" data-image-description=\"\" data-medium-file=\"https:\/\/www.vtelce.cz\/wp-content\/uploads\/2026\/09\/vlcsnap-2026-08-19-14h53m47s601-300x169.jpg\" data-large-file=\"https:\/\/www.vtelce.cz\/wp-content\/uploads\/2026\/09\/vlcsnap-2026-08-19-14h53m47s601-1024x576.jpg\" src=\"https:\/\/www.europesays.com\/cz\/wp-content\/uploads\/2026\/09\/vlcsnap-2026-08-19-14h53m47s601.jpg\" width=\"135\" height=\"135\" loading=\"lazy\" data-original-width=\"135\" data-original-height=\"135\" itemprop=\"http:\/\/schema.org\/image\" title=\"vlcsnap-2026-08-19-14h53m47s601\" alt=\"M\u00e1me r\u00e1di \u010cesko, FOTO: distr. FTV Prima\" style=\"width: 135px; height: 135px;\"\/> <\/a><\/p>\n<p> M\u00e1me r\u00e1di \u010cesko, FOTO: distr. FTV Prima<\/p>\n<p> <a href=\"https:\/\/www.vtelce.cz\/parby-v-kozicce-davny-milenec-i-pracharova-pubertalni-touha-20-rada-mame-radi-cesko-odhali-soukromi-absolonove\/vlcsnap-2026-08-19-14h55m25s503\/\" border=\"0\" itemprop=\"url\" data-wpel-link=\"internal\" target=\"_self\" rel=\"follow nofollow noopener\"> <img decoding=\"async\" class=\"\" data-attachment-id=\"21391\" data-orig-file=\"https:\/\/www.vtelce.cz\/wp-content\/uploads\/2026\/09\/vlcsnap-2026-08-19-14h55m25s503.jpg\" data-orig-size=\"1600,900\" data-comments-opened=\"\" data-image-meta=\"{&quot;aperture&quot;:&quot;0&quot;,&quot;credit&quot;:&quot;&quot;,&quot;camera&quot;:&quot;&quot;,&quot;caption&quot;:&quot;&quot;,&quot;created_timestamp&quot;:&quot;0&quot;,&quot;copyright&quot;:&quot;&quot;,&quot;focal_length&quot;:&quot;0&quot;,&quot;iso&quot;:&quot;0&quot;,&quot;shutter_speed&quot;:&quot;0&quot;,&quot;title&quot;:&quot;&quot;,&quot;orientation&quot;:&quot;0&quot;,&quot;alt&quot;:&quot;&quot;}\" data-image-title=\"vlcsnap-2026-08-19-14h55m25s503\" data-image-description=\"\" data-medium-file=\"https:\/\/www.vtelce.cz\/wp-content\/uploads\/2026\/09\/vlcsnap-2026-08-19-14h55m25s503-300x169.jpg\" data-large-file=\"https:\/\/www.vtelce.cz\/wp-content\/uploads\/2026\/09\/vlcsnap-2026-08-19-14h55m25s503-1024x576.jpg\" src=\"https:\/\/www.europesays.com\/cz\/wp-content\/uploads\/2026\/09\/vlcsnap-2026-08-19-14h55m25s503.jpg\" width=\"135\" height=\"135\" loading=\"lazy\" data-original-width=\"135\" data-original-height=\"135\" itemprop=\"http:\/\/schema.org\/image\" title=\"vlcsnap-2026-08-19-14h55m25s503\" alt=\"M\u00e1me r\u00e1di \u010cesko, FOTO: distr. FTV Prima\" style=\"width: 135px; height: 135px;\"\/> <\/a><\/p>\n<p> M\u00e1me r\u00e1di \u010cesko, FOTO: distr. FTV Prima<\/p>\n<p>Zp\u011bva\u010dka Monika Absolonov\u00e1 koncem z\u00e1\u0159\u00ed oslav\u00ed kulat\u00e9 50. narozeniny a gratulanti se tentokr\u00e1t sejdou rovnou p\u0159ed televizn\u00edmi kamerami. Obl\u00edben\u00e1 z\u00e1bavn\u00e1 show M\u00e1me r\u00e1di \u010cesko odstartuje jubilejn\u00ed dvac\u00e1tou sez\u00f3nu speci\u00e1ln\u00edm d\u00edlem v\u011bnovan\u00fdm v\u00fdhradn\u011b oslavenkyni. Do ateli\u00e9ru doraz\u00ed bl\u00edzc\u00ed p\u0159\u00e1tel\u00e9 z bran\u017ee a o p\u0159ekvapiv\u00e1 odhalen\u00ed ze soukrom\u00ed tak rozhodn\u011b nebude nouze.<\/p>\n<p>Velk\u00e9 pl\u00e1ny a s\u00e1zky na v\u00edt\u011bzstv\u00ed<\/p>\n<p>Slavnostn\u00ed n\u00e1lada propukne hned v \u00favodn\u00ed epizod\u011b nov\u00e9 podzimn\u00ed \u0159ady <a href=\"https:\/\/www.vtelce.cz\/porady\/mame-radi-cesko\/\" target=\"_blank\" rel=\"noopener follow nofollow\" data-wpel-link=\"internal\">M\u00e1me r\u00e1di \u010cesko<\/a>. Moder\u00e1tor Libor Bou\u010dek p\u0159iv\u00edt\u00e1 dv\u011b hereck\u00e9 sestavy slo\u017een\u00e9 p\u0159ev\u00e1\u017en\u011b z dlouholet\u00fdch zn\u00e1m\u00fdch. V t\u00fdmu Vojty Kotka usedne po boku Absolonov\u00e9 Tom\u00e1\u0161 P\u0159enosil a Sa\u0161a Ra\u0161ilov. Sestavu Jakuba Pracha\u0159e utvo\u0159\u00ed Ad\u00e9la Gond\u00edkov\u00e1 s Richardem Genzerem a Vendulou Pizingerovou.<\/p>\n<p>Kapit\u00e1n Kotek neskr\u00fdv\u00e1 p\u0159ed za\u010d\u00e1tkem sout\u011b\u017ee obrovsk\u00e9 odhodl\u00e1n\u00ed zlomit dosavadn\u00ed s\u00e9rii sv\u00fdch por\u00e1\u017eek. \u201eDvac\u00edtka je n\u011bco, kde by se m\u011blo za\u010d\u00edt l\u00e1mat. Vkl\u00e1d\u00e1m do t\u00e9to s\u00e9rie ve\u0161ker\u00e9 sv\u00e9 hr\u00e1\u010dsk\u00e9 nad\u011bje,\u201c prozradil Kotek. Pracha\u0159 ov\u0161em kolegovi \u00fasp\u011bch p\u0159\u00edli\u0161 nep\u0159eje. Podle sv\u00fdch slov tou\u017e\u00ed porazit dobr\u00e9ho kamar\u00e1da a na hru je po kr\u00e1tk\u00e9m \u00fatlumu maxim\u00e1ln\u011b p\u0159ipraven\u00fd.<\/p>\n<p>Divok\u00e9 ve\u010d\u00edrky a historky z baru<\/p>\n<p>O uvoln\u011bnou atmosf\u00e9ru se postaraj\u00ed vzpom\u00ednky na za\u010d\u00e1tky vz\u00e1jemn\u00fdch p\u0159\u00e1telstv\u00ed. Gond\u00edkov\u00e1 pohotov\u011b prozrad\u00ed spole\u010dn\u00e9 n\u00e1v\u0161t\u011bvy jednoho proslul\u00e9ho pra\u017esk\u00e9ho podniku a zavzpom\u00edn\u00e1 na proh\u00fd\u0159en\u00e9 noci. Absolonov\u00e1 se okam\u017eit\u011b za\u010dne sm\u00e1t a br\u00e1nit. Vysv\u011btl\u00ed osazenstvu studia, \u017ee do takov\u00fdch podnik\u016f ob\u010das zav\u00edt\u00e1, ov\u0161em nejd\u00e9le tam v\u017edy z\u016fst\u00e1v\u00e1 pr\u00e1v\u011b pod vlivem sv\u00e9 energick\u00e9 kamar\u00e1dky.<\/p>\n<p>Hovor se nevyhne ani pikantn\u011bj\u0161\u00edm detail\u016fm a na p\u0159et\u0159es p\u0159ijde d\u00e1vn\u00fd rom\u00e1nek se Zde\u0148kem Hru\u0161kou. Zp\u011bva\u010dka se informaci sna\u017e\u00ed rychle zleh\u010dit a upozor\u0148uje kolegyni na nevhodnost vytahov\u00e1n\u00ed star\u00fdch l\u00e1sek. Zbytek sestavy se zpr\u00e1vy s humorem chyt\u00e1. Genzer se nahlas podivuje nad v\u011bkem b\u00fdval\u00e9ho partnera a Pracha\u0159 p\u0159id\u00e1v\u00e1 domn\u011bnku o jeho sou\u010dasn\u00e9 ch\u016fzi o holi.<\/p>\n<p>Odm\u00edtnut\u00ed od hudebn\u00edho velik\u00e1na<\/p>\n<p>Z\u00e1bava pokra\u010duje odhalov\u00e1n\u00edm st\u0159\u00edpk\u016f z prvn\u00edch let hudebn\u00ed kari\u00e9ry hlavn\u00ed hv\u011bzdy ve\u010dera. Pizingerov\u00e1 p\u0159id\u00e1v\u00e1 do placu historku z doby p\u0159\u00edprav slavn\u00e9ho muzik\u00e1lu Dracula. Tehdej\u0161\u00ed mlad\u00e1 uchaze\u010dka pr\u00fd na setk\u00e1n\u00ed dorazila v jednoduch\u00fdch lacl\u00e1\u010d\u00edch a se dv\u011bma cul\u00edky na hlav\u011b. Pizingerov\u00e1 v n\u00ed okam\u017eit\u011b vid\u011bla potenci\u00e1l pro velkou roli a sna\u017eila se za ni p\u0159imluvit.<\/p>\n<p>Skladatel Karel Svoboda nicm\u00e9n\u011b okam\u017eit\u00e9 obsazen\u00ed r\u00e1zn\u011b zatrhl. Jej\u00ed talent sice nezpochybnil, ov\u0161em trval na tom, \u017ee si d\u00edvka mus\u00ed na podobnou p\u0159\u00edle\u017eitost je\u0161t\u011b n\u011bjakou dobu po\u010dkat. O to v\u011bt\u0161\u00ed \u00fadiv n\u00e1sledn\u011b vyvol\u00e1 Pracha\u0159ovo osobn\u00ed p\u0159izn\u00e1n\u00ed o d\u00e1vn\u00e9m citov\u00e9m vzplanut\u00ed.<\/p>\n<p>Pubert\u00e1ln\u00ed l\u00e1ska u obrazovky<\/p>\n<p>V dob\u011b sv\u00e9ho dosp\u00edv\u00e1n\u00ed sledoval mlad\u00fd Pracha\u0159 hudebn\u00ed ankety a poc\u00edtil k oce\u0148ovan\u00e9 interpretce velmi hlubok\u00e9 sympatie. Zaujal ho tehdy p\u0159edev\u0161\u00edm jej\u00ed osobit\u00fd projev a celkov\u00fd vzhled. \u201ePak \u0159ekla pam\u00e1tnou v\u011btu: Kone\u010dn\u011b jste si m\u011b v\u0161imli,\u201c popisuje Pracha\u0159 kl\u00ed\u010dov\u00fd moment ze slavnostn\u00edho ve\u010dera. V televizi si ov\u0161em brzy v\u0161iml mlad\u00edka sed\u00edc\u00edho t\u011bsn\u011b po jej\u00edm boku a dostal z p\u0159\u00edpadn\u00e9 konkurence strach. Za\u010dal tehdy uva\u017eovat nad t\u00edm, jak\u00e9 by to vlastn\u011b bylo po boku takov\u00e9 \u017eeny v\u016fbec kr\u00e1\u010det.<\/p>\n<p>Pozd\u011bji ho zcela uklidnilo zji\u0161t\u011bn\u00ed skute\u010dn\u00e9 toto\u017enosti doty\u010dn\u00e9ho mu\u017ee. \u0160lo pouze o jej\u00edho bratra a on tak podle sv\u00fdch slov mohl d\u00e1l v klidu sn\u00edt o budouc\u00edm sbl\u00ed\u017een\u00ed. Kdo nakonec celou jubilejn\u00ed epizodu ovl\u00e1dne, uvid\u00ed div\u00e1ci na televizn\u00edch obrazovk\u00e1ch za\u010d\u00e1tkem z\u00e1\u0159\u00ed.<\/p>\n<p>Zdroj informac\u00ed: autorsk\u00e9 zpracov\u00e1n\u00ed redakce <a href=\"https:\/\/www.vtelce.cz\/kontakty\/\" target=\"_blank\" rel=\"noopener noreferrer follow nofollow\" data-wpel-link=\"internal\">Vtelce.cz<\/a> na z\u00e1klad\u011b ve\u0159ejn\u011b dostupn\u00fdch informac\u00ed z m\u00e9di\u00ed (FTV Prima, M\u00e1me r\u00e1di \u010cesko).<\/p>\n","protected":false},"excerpt":{"rendered":"M\u00e1me r\u00e1di \u010cesko, FOTO: distr. FTV Prima M\u00e1me r\u00e1di \u010cesko, FOTO: distr. FTV Prima M\u00e1me r\u00e1di \u010cesko, FOTO:&hellip;\n","protected":false},"author":2,"featured_media":201609,"comment_status":"","ping_status":"","sticky":false,"template":"","format":"standard","meta":{"footnotes":"","_share_on_mastodon":"0"},"categories":[14],"tags":[6824,46110,79,2490,8713,2270,5077,12066,4954,18774,5754,1408,10938,80],"class_list":["post-201608","post","type-post","status-publish","format-standard","has-post-thumbnail","category-zabava","tag-adela-gondikova","tag-cesky-showbyznys","tag-entertainment","tag-jakub-prachar","tag-libor-boucek","tag-mame-radi-cesko","tag-monika-absolonova","tag-oslava-narozenin","tag-prima","tag-televize-prima","tag-tip-na-porad","tag-vendula-pizingerova","tag-vojta-kotek","tag-zabava"],"share_on_mastodon":{"url":"https:\/\/pubeurope.com\/@cz\/117207678969352432","error":""},"_links":{"self":[{"href":"https:\/\/www.europesays.com\/cz\/wp-json\/wp\/v2\/posts\/201608","targetHints":{"allow":["GET"]}}],"collection":[{"href":"https:\/\/www.europesays.com\/cz\/wp-json\/wp\/v2\/posts"}],"about":[{"href":"https:\/\/www.europesays.com\/cz\/wp-json\/wp\/v2\/types\/post"}],"author":[{"embeddable":true,"href":"https:\/\/www.europesays.com\/cz\/wp-json\/wp\/v2\/users\/2"}],"replies":[{"embeddable":true,"href":"https:\/\/www.europesays.com\/cz\/wp-json\/wp\/v2\/comments?post=201608"}],"version-history":[{"count":0,"href":"https:\/\/www.europesays.com\/cz\/wp-json\/wp\/v2\/posts\/201608\/revisions"}],"wp:featuredmedia":[{"embeddable":true,"href":"https:\/\/www.europesays.com\/cz\/wp-json\/wp\/v2\/media\/201609"}],"wp:attachment":[{"href":"https:\/\/www.europesays.com\/cz\/wp-json\/wp\/v2\/media?parent=201608"}],"wp:term":[{"taxonomy":"category","embeddable":true,"href":"https:\/\/www.europesays.com\/cz\/wp-json\/wp\/v2\/categories?post=201608"},{"taxonomy":"post_tag","embeddable":true,"href":"https:\/\/www.europesays.com\/cz\/wp-json\/wp\/v2\/tags?post=201608"}],"curies":[{"name":"wp","href":"https:\/\/api.w.org\/{rel}","templated":true}]}}