{"id":201610,"date":"2026-09-03T14:55:23","date_gmt":"2026-09-03T14:55:23","guid":{"rendered":"https:\/\/www.europesays.com\/cz\/201610\/"},"modified":"2026-09-03T14:55:23","modified_gmt":"2026-09-03T14:55:23","slug":"za-lonskou-vrazdu-charlieho-kirka-stane-strelec-pred-soudem-hrozi-mu-trest-smrti-idnes-cz","status":"publish","type":"post","link":"https:\/\/www.europesays.com\/cz\/201610\/","title":{"rendered":"Za lo\u0148skou vra\u017edu Charlieho Kirka stane st\u0159elec p\u0159ed soudem, hroz\u00ed mu trest smrti &#8211; iDNES.cz"},"content":{"rendered":"<p><a href=\"https:\/\/news.google.com\/rss\/articles\/CBMixAFBVV95cUxQeTR4S28wZ2Rld25UQ0h3elRWSmgxQnQwcFp6TVdMOExIUktoZ3VPUEExay1SMGYweGxrYU9nbFdlSGV1VE5pTHdGUlR5djFBTVhHRVhkYnAzMmRDalBiZVdsZlFJZ0xPUU1aa0plV1hyVWF2N3ZmLU5JWlVDblNSTzJVNVd1NGxOQ2ctUUJSeGJhSEI5TGY4aC0wTzJxcHVuaXpwOU9UZlY3T0pqNFU1U1dORnhmMFNxdzRTZ2ZIanVrVEJo?oc=5\" target=\"_blank\" rel=\"nofollow noopener\">Za lo\u0148skou vra\u017edu Charlieho Kirka stane st\u0159elec p\u0159ed soudem, hroz\u00ed mu trest smrti<\/a>&nbsp;&nbsp;iDNES.cz<a href=\"https:\/\/news.google.com\/rss\/articles\/CBMitAFBVV95cUxQZThudkJDTFdWOUtYZXNLUjQxdDZBRXNXZGRKNWNIQ2lROF9hNlhaWEtDZzVnTU94dGhwTks4Zmh0cE53NnBDZFRPQ1F6a3F4OWZBTTFjWkc0eUlpWTVQVTRyOEw5Njh3WWszZ0xSRzhKc0l0amRwTklkWUJYRVFnVWVyYi1tLVRyd0RpNXhtanJKT3Nib0hac2Z2S014bGs3ejFibGxMaUhRWThURTdMcnBob2E?oc=5\" target=\"_blank\" rel=\"nofollow noopener\">Obvin\u011bn\u00e9mu z vra\u017edy Charlieho Kirka hroz\u00ed trest smrti<\/a>&nbsp;&nbsp;Seznam Zpr\u00e1vy<a href=\"https:\/\/news.google.com\/rss\/articles\/CBMiugFBVV95cUxOY2tYMk9wRllNRzRhek9XZXB6VmhUTS1qVnFIMkFjWDB5c0hqQjVxWDZUTE1BWkplQXh1bGhUc2JtSW5TLV9ncTV3V0RqY3NQaGtWdnlnSjI4U0JhNWJsNk9JWXJWSlZkeVpLeGEwZE9jUUt5Y3Zfejk1aFNHdkNGbExiMmtiQWdrdERVMXhaSEpub05EVjJTdDlQLUZMU3lYRzFVVV9tcEEzWTVHc0lEMUtvbzRqalpTR1E?oc=5\" target=\"_blank\" rel=\"nofollow noopener\">Tyler Robinson podez\u0159el\u00fd z vra\u017edy Charlieho Kirka vinu p\u0159ed soudem nep\u0159iznal. Hroz\u00ed mu trest smrti<\/a>&nbsp;&nbsp;wn24.cz<a href=\"https:\/\/news.google.com\/rss\/articles\/CBMiqwFBVV95cUxOd21jMG5LdTZfR0thODRRMDA4M3Vwc3Z0T1JNQUdSenFhTUcxX05DQkF5MVhnZEczS0NpblFUeWg4QmUzcWdidkM2RURJc3BzV2JDQ3pzWFpFNUxrbnNVZW50VUstbklmMG9zZndhWFNNUEFjV1hRMEtIZmtPcl9LZFJCbjk2U1dORW1LM3luTnlVakdISUx1M3NkLXVKdm9SalhvS0hlUXNSalE?oc=5\" target=\"_blank\" rel=\"nofollow noopener\">Mlad\u00edk podez\u0159el\u00fd z vra\u017edy Charlieho Kirka m\u016f\u017ee dostat trest smrti<\/a>&nbsp;&nbsp;EuroZpr\u00e1vy.cz<\/p>\n","protected":false},"excerpt":{"rendered":"Za lo\u0148skou vra\u017edu Charlieho Kirka stane st\u0159elec p\u0159ed soudem, hroz\u00ed mu trest smrti&nbsp;&nbsp;iDNES.czObvin\u011bn\u00e9mu z vra\u017edy Charlieho Kirka hroz\u00ed&hellip;\n","protected":false},"author":2,"featured_media":201611,"comment_status":"","ping_status":"","sticky":false,"template":"","format":"standard","meta":{"footnotes":"","_share_on_mastodon":"0"},"categories":[11],"tags":[13839,212,54,4761,46111,12434,1644,53,52],"class_list":["post-201610","post","type-post","status-publish","format-standard","has-post-thumbnail","category-svet","tag-charlie-kirk","tag-donald-trump","tag-svet","tag-trest-smrti","tag-tyler-james-robinson","tag-utah","tag-vrazda","tag-world","tag-world-news"],"share_on_mastodon":{"url":"https:\/\/pubeurope.com\/@cz\/117207690363272289","error":""},"_links":{"self":[{"href":"https:\/\/www.europesays.com\/cz\/wp-json\/wp\/v2\/posts\/201610","targetHints":{"allow":["GET"]}}],"collection":[{"href":"https:\/\/www.europesays.com\/cz\/wp-json\/wp\/v2\/posts"}],"about":[{"href":"https:\/\/www.europesays.com\/cz\/wp-json\/wp\/v2\/types\/post"}],"author":[{"embeddable":true,"href":"https:\/\/www.europesays.com\/cz\/wp-json\/wp\/v2\/users\/2"}],"replies":[{"embeddable":true,"href":"https:\/\/www.europesays.com\/cz\/wp-json\/wp\/v2\/comments?post=201610"}],"version-history":[{"count":0,"href":"https:\/\/www.europesays.com\/cz\/wp-json\/wp\/v2\/posts\/201610\/revisions"}],"wp:featuredmedia":[{"embeddable":true,"href":"https:\/\/www.europesays.com\/cz\/wp-json\/wp\/v2\/media\/201611"}],"wp:attachment":[{"href":"https:\/\/www.europesays.com\/cz\/wp-json\/wp\/v2\/media?parent=201610"}],"wp:term":[{"taxonomy":"category","embeddable":true,"href":"https:\/\/www.europesays.com\/cz\/wp-json\/wp\/v2\/categories?post=201610"},{"taxonomy":"post_tag","embeddable":true,"href":"https:\/\/www.europesays.com\/cz\/wp-json\/wp\/v2\/tags?post=201610"}],"curies":[{"name":"wp","href":"https:\/\/api.w.org\/{rel}","templated":true}]}}