{"id":201622,"date":"2026-09-03T15:04:12","date_gmt":"2026-09-03T15:04:12","guid":{"rendered":"https:\/\/www.europesays.com\/cz\/201622\/"},"modified":"2026-09-03T15:04:12","modified_gmt":"2026-09-03T15:04:12","slug":"nad-pacifikem-viri-tri-hurikany-naraz","status":"publish","type":"post","link":"https:\/\/www.europesays.com\/cz\/201622\/","title":{"rendered":"Nad Pacifikem v\u00ed\u0159\u00ed t\u0159i hurik\u00e1ny nar\u00e1z"},"content":{"rendered":"<p class=\"c_bB\">Pokud bychom ve \u010dtvrtek vedli pomyslnou \u010d\u00e1ru od Havajsk\u00fdch ostrov\u016f a\u017e k\u00a0mexick\u00e9mu pob\u0159e\u017e\u00ed, prot\u00ednala by oblasti t\u0159\u00ed velk\u00fdch hurik\u00e1n\u016f\u00a0\u2013 Kariny, Lowellu a\u00a0Marie.<\/p>\n<p class=\"c_bB\">Tropick\u00e9 bou\u0159e Karina a\u00a0Lowell se vytvo\u0159ily v\u00a0Pacifiku u\u017e minul\u00fd t\u00fdden. Karina v\u00a0z\u00e1v\u011bru t\u00fddne rychle zes\u00edlila a\u00a0v pond\u011bl\u00ed z\u00a0n\u00ed u\u017e byl hurik\u00e1n \u010dtvrt\u00e9 kategorie. Na t\u00e9to s\u00edle se ur\u010ditou dobu udr\u017eela, n\u00e1sledn\u011b za\u010dala sl\u00e1bnout. P\u0159i sv\u00e9 cest\u011b v\u0161ak neohrozila a\u00a0podle <a data-dot=\"atm-link\" target=\"_blank\" rel=\"noopener nofollow\" href=\"https:\/\/www.nhc.noaa.gov\/\" class=\"c_I\">p\u0159edpov\u011bdi<\/a> ani neohroz\u00ed \u017e\u00e1dnou pevninu.<\/p>\n<p class=\"c_bB\">Lowell m\u011bl naproti tomu zpo\u010d\u00e1tku pomalej\u0161\u00ed v\u00fdvoj. Ten se pak v\u0161ak rychle zintenzivnil. B\u011bhem zhruba 30\u00a0hodin zes\u00edlil z\u00a0tropick\u00e9 bou\u0159e a\u017e na hurik\u00e1n nejvy\u0161\u0161\u00ed, p\u00e1t\u00e9 kategorie. Takto siln\u00e9 hurik\u00e1ny jsou p\u0159itom v\u00a0centr\u00e1ln\u00edm Pacifiku velmi vz\u00e1cn\u00e9.<\/p>\n<p><a data-dot=\"atm-link\" target=\"_self\" href=\"https:\/\/www.novinky.cz\/clanek\/pocasi-el-nino-dal-prudce-sili-tak-jistou-predpoved-jeste-wmo-nikdy-nevydala-40595728\" class=\"c_I\" rel=\"nofollow noopener\"><img fetchpriority=\"high\" height=\"2200\" width=\"3912\" src=\"https:\/\/www.europesays.com\/cz\/wp-content\/uploads\/2026\/09\/1788447852_16_copernicus-el-nino.webp\" loading=\"eager\" decoding=\"sync\" class=\"c_t c_r\"\/><\/a><\/p>\n<p class=\"c_bB\">Lowell se ve \u010dtvrtek nach\u00e1zel n\u011bkolik set kilometr\u016f ji\u017en\u011b od Havaje. P\u0159esto\u017ee se m\u00e1 v\u00a0nejbli\u017e\u0161\u00edch dnech dr\u017eet od ostrov\u016f d\u00e1l, na pob\u0159e\u017e\u00ed m\u016f\u017ee p\u0159in\u00e9st siln\u00e9 vlnobit\u00ed. Na za\u010d\u00e1tku p\u0159\u00ed\u0161t\u00edho t\u00fddne by se nav\u00edc mohl sto\u010dit k\u00a0severu a\u00a0p\u0159ibl\u00ed\u017eit se k\u00a0ostrov\u016fm Ni\u02bbihau a\u00a0Kaua\u02bbi.<\/p>\n<p class=\"c_bB\">T\u0159et\u00edm hurik\u00e1nem se ve st\u0159edu stala Marie. O\u010dek\u00e1v\u00e1 se jej\u00ed dal\u0161\u00ed zesilov\u00e1n\u00ed, velk\u00e1 nejistota ale zat\u00edm panuje nad jej\u00edm dal\u0161\u00edm v\u00fdvojem a\u00a0trasou. N\u011bkter\u00e9 sc\u00e9n\u00e1\u0159e po\u010d\u00edtaj\u00ed s\u00a0v\u00fdrazn\u011bj\u0161\u00edm sto\u010den\u00edm k\u00a0severu, v\u011bt\u0161ina p\u0159edpov\u011bd\u00ed ji v\u0161ak zat\u00edm nech\u00e1v\u00e1 nad otev\u0159en\u00fdm oce\u00e1nem.<\/p>\n<p>Mimo\u0159\u00e1dn\u011b klidn\u00fd Atlantik<\/p>\n<p class=\"c_bB\">Marie se stala \u0161est\u00fdm hurik\u00e1nem leto\u0161n\u00ed sezony v\u00a0Pacifiku. K\u00a0vysok\u00e9 aktivit\u011b hurik\u00e1n\u016f p\u0159isp\u00edv\u00e1 s\u00edl\u00edc\u00ed jev El Ni\u00f1o. Ten v\u00a0oblasti podporuje vysok\u00e9 teploty oce\u00e1nu a\u00a0dal\u0161\u00ed podm\u00ednky pro vznik a\u00a0rychl\u00e9 zintenzivn\u011bn\u00ed tropick\u00fdch syst\u00e9m\u016f.<\/p>\n<p class=\"c_bB\">Opa\u010dn\u00fd vliv m\u00e1 El Ni\u00f1o zpravidla v\u00a0Atlantiku, kde p\u0159isp\u00edv\u00e1 k\u00a0siln\u011bj\u0161\u00edmu st\u0159ihu v\u011btru, kter\u00fd rozvoj tropick\u00fdch cyklon komplikuje. Leto\u0161n\u00ed sezona je tam zat\u00edm mimo\u0159\u00e1dn\u011b klidn\u00e1. V\u00a0Atlantiku dosud nevznikl \u017e\u00e1dn\u00fd hurik\u00e1n, co\u017e je na za\u010d\u00e1tku z\u00e1\u0159\u00ed velmi neobvykl\u00e9.<\/p>\n<p><a data-dot=\"atm-link\" target=\"_self\" href=\"https:\/\/www.novinky.cz\/clanek\/pocasi-atlantik-stale-ceka-na-prvni-hurikan-el-nino-brzdi-jejich-vznik-40595289\" class=\"c_I\" rel=\"nofollow noopener\"><img height=\"2304\" width=\"4096\" src=\"https:\/\/www.europesays.com\/cz\/wp-content\/uploads\/2026\/09\/1788447852_459_hurikan-atlantik-pocasi.jpeg\" loading=\"eager\" decoding=\"sync\" class=\"c_t c_r\"\/><\/a><\/p>\n","protected":false},"excerpt":{"rendered":"Pokud bychom ve \u010dtvrtek vedli pomyslnou \u010d\u00e1ru od Havajsk\u00fdch ostrov\u016f a\u017e k\u00a0mexick\u00e9mu pob\u0159e\u017e\u00ed, prot\u00ednala by oblasti t\u0159\u00ed velk\u00fdch&hellip;\n","protected":false},"author":2,"featured_media":201623,"comment_status":"","ping_status":"","sticky":false,"template":"","format":"standard","meta":{"footnotes":"","_share_on_mastodon":"0"},"categories":[11],"tags":[10628,20800,255,54,2848,53,52],"class_list":["post-201622","post","type-post","status-publish","format-standard","has-post-thumbnail","category-svet","tag-havaj","tag-hurikan","tag-pocasi","tag-svet","tag-tichy-ocean-pacifik","tag-world","tag-world-news"],"share_on_mastodon":{"url":"https:\/\/pubeurope.com\/@cz\/117207726358698857","error":""},"_links":{"self":[{"href":"https:\/\/www.europesays.com\/cz\/wp-json\/wp\/v2\/posts\/201622","targetHints":{"allow":["GET"]}}],"collection":[{"href":"https:\/\/www.europesays.com\/cz\/wp-json\/wp\/v2\/posts"}],"about":[{"href":"https:\/\/www.europesays.com\/cz\/wp-json\/wp\/v2\/types\/post"}],"author":[{"embeddable":true,"href":"https:\/\/www.europesays.com\/cz\/wp-json\/wp\/v2\/users\/2"}],"replies":[{"embeddable":true,"href":"https:\/\/www.europesays.com\/cz\/wp-json\/wp\/v2\/comments?post=201622"}],"version-history":[{"count":0,"href":"https:\/\/www.europesays.com\/cz\/wp-json\/wp\/v2\/posts\/201622\/revisions"}],"wp:featuredmedia":[{"embeddable":true,"href":"https:\/\/www.europesays.com\/cz\/wp-json\/wp\/v2\/media\/201623"}],"wp:attachment":[{"href":"https:\/\/www.europesays.com\/cz\/wp-json\/wp\/v2\/media?parent=201622"}],"wp:term":[{"taxonomy":"category","embeddable":true,"href":"https:\/\/www.europesays.com\/cz\/wp-json\/wp\/v2\/categories?post=201622"},{"taxonomy":"post_tag","embeddable":true,"href":"https:\/\/www.europesays.com\/cz\/wp-json\/wp\/v2\/tags?post=201622"}],"curies":[{"name":"wp","href":"https:\/\/api.w.org\/{rel}","templated":true}]}}