{"id":201624,"date":"2026-09-03T15:05:11","date_gmt":"2026-09-03T15:05:11","guid":{"rendered":"https:\/\/www.europesays.com\/cz\/201624\/"},"modified":"2026-09-03T15:05:11","modified_gmt":"2026-09-03T15:05:11","slug":"zemrel-basnik-a-disident-milan-ohnisko","status":"publish","type":"post","link":"https:\/\/www.europesays.com\/cz\/201624\/","title":{"rendered":"Zem\u0159el b\u00e1sn\u00edk a\u00a0disident Milan Ohnisko"},"content":{"rendered":"<p class=\"c_bB\">Milan Ohnisko vydal za \u017eivot \u0159adu b\u00e1snick\u00fdch sb\u00edrek, mimo jin\u00e9 Vep\u0159o knedlo zlo aneb Ur\u0161ulinovi dnov\u00e9, Milancolia \u010di Starej pop. Za soubor Sv\u011btlo v\u00a0r\u00e1n\u011b obdr\u017eel v\u00a0roce 2017\u00a0cenu Magnesia Litera za poezii.<\/p>\n<p class=\"c_bB\">Kni\u017en\u011b debutoval v\u00a0roce 2001\u00a0sb\u00edrkou Obejmi d\u00e9mona! V\u011bnoval se tak\u00e9 literatu\u0159e pro d\u011bti, kni\u017en\u00edm rozhovor\u016fm nebo p\u0159ekladu sv\u011btov\u00fdch autor\u016f.<\/p>\n<p class=\"c_bB\">Narodil se 16.\u00a0\u010dervence 1965\u00a0v\u00a0Brn\u011b. Nedokon\u010dil studium na gymn\u00e1ziu ani na knihovnick\u00e9 \u0161kole, b\u011bhem osmdes\u00e1t\u00fdch let st\u0159\u00eddal d\u011blnick\u00e9 profese. \u017divil se coby kulis\u00e1k nebo hl\u00edda\u010d staveni\u0161t\u011b.<\/p>\n<p class=\"c_bB\">Zapojil se do protikomunistick\u00e9ho odporu. Zkraje roku 1987\u00a0podepsal Chartu 77\u00a0a\u00a0pom\u00e1hal se \u0161\u00ed\u0159en\u00edm samizdatov\u00e9 literatury, za co\u017e mu byl pozd\u011bji p\u0159izn\u00e1n status \u00fa\u010dastn\u00edka t\u0159et\u00edho odboje.<\/p>\n<p class=\"c_bB\">Po listopadov\u00e9 revoluci kr\u00e1tce p\u016fsobil jako zpravodaj V\u00fdchodoevropsk\u00e9 informa\u010dn\u00ed agentury. V\u00a0Brn\u011b provozoval knihkupectv\u00ed a\u00a0po\u010d\u00e1tkem devades\u00e1t\u00fdch let tam vedl vlastn\u00ed nakladatelstv\u00ed G. Na pozici redaktora pak pracoval v\u00a0nakladatelstv\u00edch Petrov nebo Druh\u00e9 m\u011bsto. V\u00a0minulosti t\u00e9\u017e zastupoval \u0161\u00e9fredaktora liter\u00e1rn\u00edho \u010dasopisu Tvar.<\/p>\n<p><a data-dot=\"atm-link\" target=\"_self\" href=\"https:\/\/www.novinky.cz\/clanek\/kultura-filmy-serialy-zemrel-reziser-jean-paul-rappeneau-40595608\" class=\"c_I\" rel=\"nofollow noopener\"><img fetchpriority=\"high\" height=\"1012\" width=\"1800\" src=\"https:\/\/www.europesays.com\/cz\/wp-content\/uploads\/2026\/09\/1788447911_627_jean-paul-rappeneau-muz-z-acapulca-manzele-z-roku-ii-cyrano-z-bergeracu.jpeg\" loading=\"eager\" decoding=\"sync\" class=\"c_t c_r\"\/><\/a><\/p>\n","protected":false},"excerpt":{"rendered":"Milan Ohnisko vydal za \u017eivot \u0159adu b\u00e1snick\u00fdch sb\u00edrek, mimo jin\u00e9 Vep\u0159o knedlo zlo aneb Ur\u0161ulinovi dnov\u00e9, Milancolia \u010di&hellip;\n","protected":false},"author":2,"featured_media":201625,"comment_status":"","ping_status":"","sticky":false,"template":"","format":"standard","meta":{"footnotes":"","_share_on_mastodon":"0"},"categories":[7],"tags":[8538,92,43,42,12710,41,40,8289,713,8608,10349,81],"class_list":["post-201624","post","type-post","status-publish","format-standard","has-post-thumbnail","category-cesko","tag-basnici","tag-brno","tag-ceska-republika","tag-cesko","tag-charta-77","tag-czech-republic","tag-czechia","tag-disent","tag-komuniste","tag-odboj","tag-poezie","tag-umrti"],"share_on_mastodon":{"url":"https:\/\/pubeurope.com\/@cz\/117207729940348954","error":""},"_links":{"self":[{"href":"https:\/\/www.europesays.com\/cz\/wp-json\/wp\/v2\/posts\/201624","targetHints":{"allow":["GET"]}}],"collection":[{"href":"https:\/\/www.europesays.com\/cz\/wp-json\/wp\/v2\/posts"}],"about":[{"href":"https:\/\/www.europesays.com\/cz\/wp-json\/wp\/v2\/types\/post"}],"author":[{"embeddable":true,"href":"https:\/\/www.europesays.com\/cz\/wp-json\/wp\/v2\/users\/2"}],"replies":[{"embeddable":true,"href":"https:\/\/www.europesays.com\/cz\/wp-json\/wp\/v2\/comments?post=201624"}],"version-history":[{"count":0,"href":"https:\/\/www.europesays.com\/cz\/wp-json\/wp\/v2\/posts\/201624\/revisions"}],"wp:featuredmedia":[{"embeddable":true,"href":"https:\/\/www.europesays.com\/cz\/wp-json\/wp\/v2\/media\/201625"}],"wp:attachment":[{"href":"https:\/\/www.europesays.com\/cz\/wp-json\/wp\/v2\/media?parent=201624"}],"wp:term":[{"taxonomy":"category","embeddable":true,"href":"https:\/\/www.europesays.com\/cz\/wp-json\/wp\/v2\/categories?post=201624"},{"taxonomy":"post_tag","embeddable":true,"href":"https:\/\/www.europesays.com\/cz\/wp-json\/wp\/v2\/tags?post=201624"}],"curies":[{"name":"wp","href":"https:\/\/api.w.org\/{rel}","templated":true}]}}