{"id":201626,"date":"2026-09-03T15:06:18","date_gmt":"2026-09-03T15:06:18","guid":{"rendered":"https:\/\/www.europesays.com\/cz\/201626\/"},"modified":"2026-09-03T15:06:18","modified_gmt":"2026-09-03T15:06:18","slug":"ukaze-se-i-ockovani-deti-babis-s-vojtechem-predstavili-novinky-v-ezkarte-idnes-cz","status":"publish","type":"post","link":"https:\/\/www.europesays.com\/cz\/201626\/","title":{"rendered":"Uk\u00e1\u017ee se i o\u010dkov\u00e1n\u00ed d\u011bt\u00ed. Babi\u0161 s Vojt\u011bchem p\u0159edstavili novinky v EZKart\u011b &#8211; iDNES.cz"},"content":{"rendered":"<p><a href=\"https:\/\/news.google.com\/rss\/articles\/CBMitgFBVV95cUxNeHZkMVB2WFZjYXhaaDAzd2ZERTJ6VnZTY0E4aFhPaGNkeXVMLXBqMjZ3cS1GbjlxMTFfY0hXWDJrbHdIeE4zX2o4azF3NGhHRzlOS1EwSjNHaFowMDZkNXN6S3ZZU1dKUDZpS0xmanJvUlZ2d1o0dHJ2ZHdJcUg2X3ROOWttcUdKMjZNLXhGUU14Ym9qVVBPaTJsNXpac09taTNFV0x4MnZ2UVFrekNla2tCTjVfZw?oc=5\" target=\"_blank\" rel=\"nofollow noopener\">Uk\u00e1\u017ee se i o\u010dkov\u00e1n\u00ed d\u011bt\u00ed. Babi\u0161 s Vojt\u011bchem p\u0159edstavili novinky v EZKart\u011b<\/a>&nbsp;&nbsp;iDNES.cz<a href=\"https:\/\/news.google.com\/rss\/articles\/CBMi0AFBVV95cUxOVGZyQnVhOWR1RFBXRlZxUEpUY1JBNmM4emRTTVVOQTYtNHV3M3E0MzJQcy0wSW03TDlEeTlDaDdlb1Zha1RCY3QzZXBOckJUaVAyUGdwM3ZCazVWM0dQMlRXYXRmQkRGQ1R3RFpsU19YM3hMZ1dRT0pBSGFVbkpYSHpQZlZoMFZSQUtvQ0JTYU9tYWppSmZ6Nk9PMzlpdjNpUkxVci1WRkdoaXI3Z1MzYk43WDJZcUdnZEJsRnBUZWJzZm1zYkI0NzRQY2plUlUt?oc=5\" target=\"_blank\" rel=\"nofollow noopener\">EZ Karta kone\u010dn\u011b d\u00e1v\u00e1 v\u011bt\u0161\u00ed smysl. Pohl\u00edd\u00e1 v\u00e1m prevence i \u0159idi\u010d\u00e1k, na eRecepty se ale st\u00e1le \u010dek\u00e1<\/a>&nbsp;&nbsp;MobilMania.cz<a href=\"https:\/\/news.google.com\/rss\/articles\/CBMiwwFBVV95cUxQcDh4c1g1aFhmWmxkUHRZWnJrQmVxSWxYeW1uWC1sTUFxM0JsZlZibThOeHF6SjJUUGVXcnpoZ2lnRWFpVlNGTmpCcjZTSTAwRG9DOXpZTENlSW1hY2JRUXFuLTFRV014R1N4V0xtSnplTzR2bG9zYkxKRDdxdExOSDJCZVYzNTV0dzZSWEZpMUxyU3gwTFBZR0ZTQi1hRWVycG81YzdNXzAybEtkUXA1aC1DaFhVVDQ5VXRPTWNJa3B4SjA?oc=5\" target=\"_blank\" rel=\"nofollow noopener\">Premi\u00e9r Babi\u0161 p\u0159edstavil novou generaci EZKarty, kter\u00e1 umo\u017en\u00ed p\u0159\u00edstup ke zdravotn\u00edm z\u00e1znam\u016fm v mobilu<\/a>&nbsp;&nbsp;Zpr\u00e1vy Kurzy.cz<a href=\"https:\/\/news.google.com\/rss\/articles\/CBMiU0FVX3lxTE03ejdIbG9ndDROXzNPUkx4djZsaFpTaS00TDQ4amtjVjh5OHZaUkt0TVZuOThNY0dPZkhiZ2M3dVgyVXhZMzRmaDd3bVZMMUZIakRn?oc=5\" target=\"_blank\" rel=\"nofollow noopener\">V aplikaci EZKarta jsou nov\u011b v\u00fdsledky vy\u0161et\u0159en\u00ed i dostupn\u00e1 prevence<\/a>&nbsp;&nbsp;\u010cesk\u00e9 noviny<a href=\"https:\/\/news.google.com\/rss\/articles\/CBMiowFBVV95cUxPX3JpdWRJeWZkcUJTak5EZ1lJaGJZRUdFUVlWSmZ5RlVNYXotRmYtQU1zWTJ1V3d5bUNqMHBFNDQ5bFZMRW50X2l4RUM0RUFSblJLQWFwdHViZlZWNjFWZmhBYlV1Nk9XN0tnWXhKNUNaVlZOV04zc2lyeUJNSnpQN0JCVHFmbUJrUFhXR2hDTHgtQVg4Q0NUUnFOYmdIMWNYOW9N?oc=5\" target=\"_blank\" rel=\"nofollow noopener\">EZKarta je skute\u010dnou zdravotn\u00ed e-kn\u00ed\u017ekou. Nahr\u00e1v\u00e1 i laborato\u0159e<\/a>&nbsp;&nbsp;ZdraveZpravy.cz<\/p>\n","protected":false},"excerpt":{"rendered":"Uk\u00e1\u017ee se i o\u010dkov\u00e1n\u00ed d\u011bt\u00ed. Babi\u0161 s Vojt\u011bchem p\u0159edstavili novinky v EZKart\u011b&nbsp;&nbsp;iDNES.czEZ Karta kone\u010dn\u011b d\u00e1v\u00e1 v\u011bt\u0161\u00ed smysl. Pohl\u00edd\u00e1&hellip;\n","protected":false},"author":2,"featured_media":201627,"comment_status":"","ping_status":"","sticky":false,"template":"","format":"standard","meta":{"footnotes":"","_share_on_mastodon":"0"},"categories":[10],"tags":[266,17,21,69,16,18,19,22,20],"class_list":["post-201626","post","type-post","status-publish","format-standard","has-post-thumbnail","category-zpravy","tag-andrej-babis","tag-headlines","tag-hlavni-udalosti","tag-investice","tag-news","tag-top-news","tag-top-stories","tag-udalosti-dne","tag-zpravy"],"share_on_mastodon":{"url":"https:\/\/pubeurope.com\/@cz\/117207733643440945","error":""},"_links":{"self":[{"href":"https:\/\/www.europesays.com\/cz\/wp-json\/wp\/v2\/posts\/201626","targetHints":{"allow":["GET"]}}],"collection":[{"href":"https:\/\/www.europesays.com\/cz\/wp-json\/wp\/v2\/posts"}],"about":[{"href":"https:\/\/www.europesays.com\/cz\/wp-json\/wp\/v2\/types\/post"}],"author":[{"embeddable":true,"href":"https:\/\/www.europesays.com\/cz\/wp-json\/wp\/v2\/users\/2"}],"replies":[{"embeddable":true,"href":"https:\/\/www.europesays.com\/cz\/wp-json\/wp\/v2\/comments?post=201626"}],"version-history":[{"count":0,"href":"https:\/\/www.europesays.com\/cz\/wp-json\/wp\/v2\/posts\/201626\/revisions"}],"wp:featuredmedia":[{"embeddable":true,"href":"https:\/\/www.europesays.com\/cz\/wp-json\/wp\/v2\/media\/201627"}],"wp:attachment":[{"href":"https:\/\/www.europesays.com\/cz\/wp-json\/wp\/v2\/media?parent=201626"}],"wp:term":[{"taxonomy":"category","embeddable":true,"href":"https:\/\/www.europesays.com\/cz\/wp-json\/wp\/v2\/categories?post=201626"},{"taxonomy":"post_tag","embeddable":true,"href":"https:\/\/www.europesays.com\/cz\/wp-json\/wp\/v2\/tags?post=201626"}],"curies":[{"name":"wp","href":"https:\/\/api.w.org\/{rel}","templated":true}]}}