{"id":201628,"date":"2026-09-03T15:09:15","date_gmt":"2026-09-03T15:09:15","guid":{"rendered":"https:\/\/www.europesays.com\/cz\/201628\/"},"modified":"2026-09-03T15:09:15","modified_gmt":"2026-09-03T15:09:15","slug":"cesky-proti-svetove-elite-skupina-smrti-u-nich-ale-strach-nevzbuzuje","status":"publish","type":"post","link":"https:\/\/www.europesays.com\/cz\/201628\/","title":{"rendered":"\u010ce\u0161ky proti sv\u011btov\u00e9 elit\u011b. Skupina smrti u\u00a0nich ale strach nevzbuzuje"},"content":{"rendered":"<p class=\"b_bA\">Berl\u00edn (od na\u0161\u00ed zpravodajky)\u00a0\u2013 T\u011b\u017e\u0161\u00ed skupinu u\u017e snad ani nebylo mo\u017en\u00e9 dostat. \u010ce\u0161ky se na sv\u011btov\u00fd \u0161ampion\u00e1t kvalifikovaly po dvan\u00e1cti letech, a\u00a0krom\u011b absenc\u00ed se musely vyrovnat i\u00a0s\u00a0extr\u00e9mn\u011b t\u011b\u017ek\u00fdm losem. \u201eP\u0159i p\u0159\u00edprav\u011b s\u00a0Koreou jsem si \u0159\u00edkala, \u017ee by to byl p\u0159\u00edjemn\u011bj\u0161\u00ed soupe\u0159. Ale bohu\u017eel s\u00a0t\u00edm \u010dlov\u011bk nic neud\u011bl\u00e1, je to taky trochu o\u00a0\u0161t\u011bst\u00ed. Hr\u00e1t s\u00a0\u010c\u00ednou nebo USA je speci\u00e1ln\u00ed, ale rad\u0161i bych ty speci\u00e1ln\u00ed pocity nem\u011bla,\u201c \u0159\u00edk\u00e1 s\u00a0\u00fasm\u011bvem rozehr\u00e1va\u010dka Eli\u0161ka Joklov\u00e1.<\/p>\n<p class=\"b_bA\">Kl\u00ed\u010dov\u00fdmi hr\u00e1\u010dkami p\u0159edkvalifikace a\u00a0kvalifikace o\u00a0sv\u011btov\u00fd \u0161ampion\u00e1t byly pivotky Emma \u010cechov\u00e1 a\u00a0Julie Reisingerov\u00e1. Ty te\u010f budou v\u00a0Berl\u00edn\u011b extr\u00e9mn\u011b chyb\u011bt. \u201eV\u0161echny z\u00e1pasy pro n\u00e1s budou t\u011b\u017ek\u00e9, proto\u017ee n\u00e1m chyb\u00ed zku\u0161en\u00e9 pivotky a\u00a0m\u00e1me spoustu mlad\u00fdch hr\u00e1\u010dek, ale na druhou stranu n\u00e1m to uk\u00e1\u017ee, jak na tom aktu\u00e1ln\u011b jsme,\u201c vysv\u011btluje k\u0159\u00eddelnice Veronika Vor\u00e1\u010dkov\u00e1.<\/p>\n<p><a data-dot=\"atm-link\" target=\"_self\" href=\"https:\/\/www.sport.cz\/clanek\/basketbal-z-opory-hamzove-je-joklova-do-zamori-sla-s-podminkou-propustky-na-svatbu-5525321\" class=\"b_V g_ig\" rel=\"nofollow noopener\"><img fetchpriority=\"high\" height=\"1291\" width=\"1722\" src=\"https:\/\/www.europesays.com\/cz\/wp-content\/uploads\/2026\/09\/1788448152_961_basketbal-joklova-hamzova.webp\" loading=\"eager\" decoding=\"sync\" class=\"b_B b_z\"\/><\/a><\/p>\n<p class=\"b_bA\">Do turnaje \u010ce\u0161ky vstoup\u00ed v\u00a0p\u00e1tek proti bronzov\u00fdm medailistk\u00e1m z\u00a0posledn\u00edho evropsk\u00e9ho \u0161ampion\u00e1tu. Italky sice na sv\u011btov\u00e9m \u0161ampion\u00e1tu po dlouh\u00fdch dvaat\u0159iceti letech, jejich posledn\u00ed generace je ale velmi siln\u00e1. Sv\u011b\u0159enkyn\u011b Romany Pt\u00e1\u010dkov\u00e9 se s\u00a0italsk\u00fd n\u00e1rodn\u00edm t\u00fdmem utkaly naposledy dvakr\u00e1t v\u00a0lo\u0148sk\u00e9m roce.<\/p>\n<p class=\"b_bA\">V\u00a0r\u00e1mci kvalifikace o\u00a0Eurobasket zv\u00edt\u011bzily v\u00a0\u00fanoru \u010desk\u00e9 hr\u00e1\u010dky rozd\u00edlem p\u011bti bod\u016f, v\u00a0posledn\u00edm vz\u00e1jemn\u00e9m z\u00e1pase dostaly ale tvrd\u00fd p\u0159\u00edd\u011bl por\u00e1\u017eky o\u00a026\u00a0bod\u016f. Na berl\u00ednsk\u00e9m sv\u011btov\u00e9m \u0161ampion\u00e1tu \u010ce\u0161ky vn\u00edmaj\u00ed duel s\u00a0It\u00e1li\u00ed jako kl\u00ed\u010dov\u00fd pro dal\u0161\u00ed pr\u016fb\u011bh turnaje.<\/p>\n<p class=\"b_bA\">\u201eBude to ten nejd\u016fle\u017eit\u011bj\u0161\u00ed z\u00e1pas. Zn\u00e1me je, hr\u00e1li jsme proti nim u\u017e n\u011bkolikr\u00e1t, tak\u017ee v\u00edme, jak\u00fd maj\u00ed styl, co m\u016f\u017eeme o\u010dek\u00e1vat. Mus\u00edme se na n\u011b dob\u0159e p\u0159ipravit a\u00a0je to ten z\u00e1pas, kter\u00fd n\u00e1m uk\u00e1\u017ee, jak daleko se m\u016f\u017eeme dostat,\u201c p\u0159em\u00edt\u00e1 Julie Posp\u00ed\u0161ilov\u00e1. \u201eJe to t\u011b\u017ek\u00fd soupe\u0159, jeden z\u00a0nejt\u011b\u017e\u0161\u00edch evropsk\u00fdch. Jsou sehran\u00e9, maj\u00ed velk\u00e9 pivotky, co\u017e je pro n\u00e1s v\u00a0tuto chv\u00edli o\u0159\u00ed\u0161ek. Ale v\u011b\u0159\u00edm, \u017ee je m\u016f\u017eeme potr\u00e1pit a\u00a0uhr\u00e1t dobr\u00fd v\u00fdsledek,\u201c souhlas\u00ed Joklov\u00e1.<\/p>\n<p><img height=\"2375\"   width=\"2730\" src=\"https:\/\/www.europesays.com\/cz\/wp-content\/uploads\/2026\/09\/1788448153_937_basketbal.jpeg\" loading=\"eager\" decoding=\"sync\" class=\"b_B b_z\"\/>Foto: CZ.BASKETBALL\/V\u00e1clav Mudra<\/p>\n<p class=\"b_bA\">Porada \u010desk\u00fdch hr\u00e1\u010dek b\u011bhem p\u0159\u00edpravn\u00e9ho utk\u00e1n\u00ed<\/p>\n<p class=\"b_bA\">Po sobotn\u00edm dni volna, kter\u00e9 n\u00e1rodn\u00ed t\u00fdm vypln\u00ed autogrami\u00e1dou v\u00a0\u010cesk\u00e9m dom\u011b v\u00a0Berl\u00edn\u011b, nastoup\u00ed proti \u010c\u00edn\u011b. Ta z\u00a0posledn\u00edho sv\u011btov\u00e9ho \u0161ampion\u00e1tu obhajuje st\u0159\u00edbrn\u00e9 medaile. \u010cesk\u00fd t\u00fdm naposledy zm\u011b\u0159il s\u00a0\u010d\u00ednsk\u00fdmi basketbalistkami s\u00edly letos v\u00a0b\u0159eznu, kdy oba z\u00e1pasy prohr\u00e1l, prvn\u00ed o\u00a0\u010dty\u0159iat\u0159icet bod\u016f, druh\u00fd po vyrovnan\u00e9m pr\u016fb\u011bhu pouze o\u00a0deset. <\/p>\n<p class=\"b_bA\">V\u00a0k\u00e1dru maj\u00ed \u010c\u00ed\u0148anky t\u0159i hr\u00e1\u010dky s\u00a0v\u00fd\u0161kou p\u0159es dva metry v\u010detn\u011b 223\u00a0centimetr\u016f vysok\u00e9 \u010cang C&#8216;-j\u00fc. V\u00a0podko\u0161ov\u00e9m prostoru tak bude m\u00e1lo prostoru.\u201eNa\u0161e v\u00fdhoda by mohla b\u00fdt, \u017ee to ub\u011bh\u00e1me a\u00a0tak\u00e9 st\u0159elba z\u00a0trojky. Samoz\u0159ejm\u011b bude stra\u0161n\u011b nep\u0159\u00edjemn\u00e9 pod ko\u0161em br\u00e1nit ty vysok\u00e9 pivotky, ale paradoxn\u011b si mysl\u00edm, \u017ee by mohla b\u00fdt v\u00fdhoda, kdy\u017e by hr\u00e1la jejich nejv\u011bt\u0161\u00ed hr\u00e1\u010dka, proto\u017ee v\u00a0tu chv\u00edli bychom to my mohly ub\u011bhat,\u201c p\u0159ibli\u017euje Joklov\u00e1 mo\u017enou taktiku na \u00fasp\u011bch.<\/p>\n<p><a data-dot=\"atm-link\" target=\"_self\" href=\"https:\/\/www.sport.cz\/clanek\/basketbal-opora-ceskeho-narodaku-ma-na-svetovem-sampionatu-specialni-podporu-5524651\" class=\"b_V g_ig\" rel=\"nofollow noopener\"><img height=\"1377\" width=\"1836\" src=\"https:\/\/www.europesays.com\/cz\/wp-content\/uploads\/2026\/09\/1788448154_744_holesinska-basketbal.jpeg\" loading=\"eager\" decoding=\"sync\" class=\"b_B b_z\"\/><\/a><\/p>\n<p class=\"b_bA\">Extr\u00e9mn\u011b t\u011b\u017ekou skupinu \u010ce\u0161ky zakon\u010d\u00ed proti USA, se kter\u00fdmi se naposledy utkaly v\u00a0roce 2014\u00a0a\u00a0v historii \u0161esti vz\u00e1jemn\u00fdch z\u00e1pas\u016f ani jednou n\u00e1rodn\u00ed t\u00fdm nezv\u00edt\u011bzil. Jeden\u00e1ctin\u00e1sobn\u00e9 sv\u011btov\u00e9 \u0161ampionky budou v\u00a0Berl\u00edn\u011b usilovat o\u00a0p\u00e1t\u00fd titul mistry\u0148 sv\u011bta v\u00a0\u0159ad\u011b. M\u00edsto strachu ale v\u00a0\u010desk\u00fdch hr\u00e1\u010dk\u00e1ch panuje nat\u011b\u0161en\u00ed. \u201eJ\u00e1 se na ten duel t\u011b\u0161\u00edm, proto\u017ee ne ka\u017ed\u00fd m\u00e1 mo\u017enost zahr\u00e1t si proti nejlep\u0161\u00edm hr\u00e1\u010dk\u00e1m sv\u011bta,\u201c \u0159\u00edk\u00e1 Vor\u00e1\u010dkov\u00e1.<\/p>\n<p class=\"b_bA\">Bezprost\u0159edn\u00ed zku\u0161enost s\u00a0americk\u00fdm basketbalem m\u00e1 rozehr\u00e1va\u010dka Joklov\u00e1, kter\u00e1 tak p\u0159esn\u011b v\u00ed, jak\u00e1 bude s\u00edla soupe\u0159ek. \u201eT\u00edm, \u017ee jsem v\u00a0Americe, tak bohu\u017eel v\u00edm, \u010demu budeme \u010delit. M\u00e1m to tam na denn\u00edm po\u0159\u00e1dku a\u00a0bude to stra\u0161n\u011b t\u011b\u017ek\u00e9. Samoz\u0159ejm\u011b ud\u011bl\u00e1me v\u0161echno pro to, abychom to odehr\u00e1ly nejl\u00edp, jak m\u016f\u017eeme,\u201c komentuje posledn\u00edho soupe\u0159e ve skupin\u011b.<\/p>\n<p><a data-dot=\"atm-link\" target=\"_self\" href=\"https:\/\/www.sport.cz\/clanek\/basketbal-ceska-v-zamori-bojuje-o-kazdou-minutu-nikdy-nevite-co-s-vami-bude-rika-5525382\" class=\"b_V g_ig\" rel=\"nofollow noopener\"><img height=\"2304\" width=\"3071\" src=\"https:\/\/www.europesays.com\/cz\/wp-content\/uploads\/2026\/09\/1788448154_567_joklova-basketbal.jpeg\" loading=\"eager\" decoding=\"sync\" class=\"b_B b_z\"\/><\/a><\/p>\n<p class=\"b_bA\">Pr\u00e1v\u011b vzhledem k\u00a0n\u00e1ro\u010dnosti \u010dty\u0159\u010dlenn\u00e9 skupiny, ze kter\u00e9 postupuje prvn\u00ed t\u00fdm p\u0159\u00edmo do \u010dtvrtfin\u00e1le a\u00a0druh\u00fd a\u00a0t\u0159et\u00ed hraje osmifin\u00e1le, si \u010desk\u00e9 hr\u00e1\u010dky v\u00fdsledkov\u00fd c\u00edl ned\u00e1vaj\u00ed. \u201eV\u0161ichni n\u00e1s tady podce\u0148uj\u00ed, asi ani nejsme za \u010dern\u00e9 kon\u011b turnaje. Ale chceme uk\u00e1zat, co v\u00a0n\u00e1s je. Je d\u016fle\u017eit\u00e9, \u017ee ten z\u00e1klad t\u00fdmu hraje dlouhou spolu, tak\u017ee jsme sehran\u00e9,\u201c vykl\u00e1d\u00e1 Vor\u00e1\u010dkov\u00e1.<\/p>\n<p class=\"b_bA\">Podobn\u00e9 pocity m\u00e1 i\u00a0Joklov\u00e1. \u201eChceme to odehr\u00e1t se ct\u00ed a\u00a0uk\u00e1zat, \u017ee um\u00edme hr\u00e1t basket. Tak skupina je fakt stra\u0161n\u011b t\u011b\u017ek\u00e1, tak\u017ee nechci predikovat n\u011bjak\u00e9 v\u00fdsledky, ale do ka\u017ed\u00e9ho z\u00e1pasu p\u016fjdeme na sto procent a\u00a0uvid\u00edme na co to bude sta\u010dit,\u201c dod\u00e1v\u00e1 rozehr\u00e1va\u010dka.<\/p>\n<p class=\"b_bA\">Z\u00e1pas s\u00a0It\u00e1li\u00ed za\u010d\u00edn\u00e1 v\u00a0p\u00e1tek ve 20:15, v\u00a0ned\u011bli \u010dek\u00e1 \u010ce\u0161ky odpoledn\u00ed duel od 14:30\u00a0s\u00a0\u010c\u00ednou a\u00a0v\u00a0pond\u011bl\u00ed na z\u00e1v\u011br dne ve 20:45\u00a0vyzvou Spojen\u00e9 st\u00e1ty.<\/p>\n<p><a data-dot=\"atm-link\" target=\"_self\" href=\"https:\/\/www.sport.cz\/clanek\/basketbal-od-maturity-na-svetovy-sampionat-ceska-debutantka-proziva-zivotni-leto-5525156\" class=\"b_V g_ig\" rel=\"nofollow noopener\"><img height=\"1687\" width=\"2249\" src=\"https:\/\/www.europesays.com\/cz\/wp-content\/uploads\/2026\/09\/1788448155_92_kalna-basketbal.jpeg\" loading=\"eager\" decoding=\"sync\" class=\"b_B b_z\"\/><\/a><\/p>\n","protected":false},"excerpt":{"rendered":"Berl\u00edn (od na\u0161\u00ed zpravodajky)\u00a0\u2013 T\u011b\u017e\u0161\u00ed skupinu u\u017e snad ani nebylo mo\u017en\u00e9 dostat. \u010ce\u0161ky se na sv\u011btov\u00fd \u0161ampion\u00e1t kvalifikovaly&hellip;\n","protected":false},"author":2,"featured_media":201629,"comment_status":"","ping_status":"","sticky":false,"template":"","format":"standard","meta":{"footnotes":"","_share_on_mastodon":"0"},"categories":[15],"tags":[1085,4125,202,6304,607,45869,2425,45115,94,93,113],"class_list":["post-201628","post","type-post","status-publish","format-standard","has-post-thumbnail","category-sport","tag-basketbal","tag-berlin","tag-cina","tag-eliska-hamzova","tag-italie","tag-mistrovstvi-sveta-v-basketbalu-zen","tag-reprezentace","tag-romana-ptackova","tag-sport","tag-sports","tag-usa"],"share_on_mastodon":{"url":"https:\/\/pubeurope.com\/@cz\/117207745878343487","error":""},"_links":{"self":[{"href":"https:\/\/www.europesays.com\/cz\/wp-json\/wp\/v2\/posts\/201628","targetHints":{"allow":["GET"]}}],"collection":[{"href":"https:\/\/www.europesays.com\/cz\/wp-json\/wp\/v2\/posts"}],"about":[{"href":"https:\/\/www.europesays.com\/cz\/wp-json\/wp\/v2\/types\/post"}],"author":[{"embeddable":true,"href":"https:\/\/www.europesays.com\/cz\/wp-json\/wp\/v2\/users\/2"}],"replies":[{"embeddable":true,"href":"https:\/\/www.europesays.com\/cz\/wp-json\/wp\/v2\/comments?post=201628"}],"version-history":[{"count":0,"href":"https:\/\/www.europesays.com\/cz\/wp-json\/wp\/v2\/posts\/201628\/revisions"}],"wp:featuredmedia":[{"embeddable":true,"href":"https:\/\/www.europesays.com\/cz\/wp-json\/wp\/v2\/media\/201629"}],"wp:attachment":[{"href":"https:\/\/www.europesays.com\/cz\/wp-json\/wp\/v2\/media?parent=201628"}],"wp:term":[{"taxonomy":"category","embeddable":true,"href":"https:\/\/www.europesays.com\/cz\/wp-json\/wp\/v2\/categories?post=201628"},{"taxonomy":"post_tag","embeddable":true,"href":"https:\/\/www.europesays.com\/cz\/wp-json\/wp\/v2\/tags?post=201628"}],"curies":[{"name":"wp","href":"https:\/\/api.w.org\/{rel}","templated":true}]}}