{"id":201650,"date":"2026-09-03T15:33:08","date_gmt":"2026-09-03T15:33:08","guid":{"rendered":"https:\/\/www.europesays.com\/cz\/201650\/"},"modified":"2026-09-03T15:33:08","modified_gmt":"2026-09-03T15:33:08","slug":"policie-v-brne-chytila-tri-kuryry-kybersmejdu-rukama-jim-prosly-miliony","status":"publish","type":"post","link":"https:\/\/www.europesays.com\/cz\/201650\/","title":{"rendered":"Policie v\u00a0Brn\u011b chytila t\u0159i kur\u00fdry kyber\u0161mejd\u016f, rukama jim pro\u0161ly miliony"},"content":{"rendered":"<p class=\"c_bB\">Jednou z\u00a0ob\u011bt\u00ed je \u017eena (59) z\u00a0Krnovska. \u201ePodvodn\u00edk\u016fm uv\u011b\u0159ila, \u017ee vlastn\u00ed kryptom\u011bnov\u00fd \u00fa\u010det, kter\u00fd je t\u0159eba zru\u0161it a\u00a0\u017ee d\u00edky tomu z\u00edsk\u00e1 z\u00a0\u00fa\u010dtu ve\u0161ker\u00e9 finance,\u201c popsal policejn\u00ed mluv\u010d\u00ed Jan Segsulka.<\/p>\n<p class=\"c_bB\">Vidina lehk\u00e9ho nabyt\u00ed pen\u011bz z\u0159ejm\u011b \u017eenu ovl\u00e1dla natolik, \u017ee odevzdala platebn\u00ed kartu nezn\u00e1m\u00e9mu kur\u00fdrovi a\u00a0do telefonu si nainstalovala aplikace se vzd\u00e1len\u00fdm p\u0159\u00edstupem. \u201eSkrze manipulativn\u00ed videohovor plnila po\u0161kozen\u00e1 v\u0161echny pokyny podvodn\u00edk\u016f, po odevzd\u00e1n\u00ed platebn\u00ed karty p\u0159i\u0161la n\u00e1sledn\u011b o\u00a0t\u00e9m\u011b\u0159 200\u00a0tis\u00edc korun,\u201c dodal.<\/p>\n<p class=\"c_bB\">\u017dena nahl\u00e1sila podvod policist\u016fm, kte\u0159\u00ed b\u011bhem vy\u0161et\u0159ov\u00e1n\u00ed zjistili, \u017ee stejn\u00e1 telefonn\u00ed \u010d\u00edsla i\u00a0jm\u00e9na figuruj\u00ed i\u00a0v dal\u0161\u00edch p\u0159\u00edpadech podveden\u00fdch z\u00a0cel\u00e9ho \u010ceska. Virtu\u00e1ln\u00ed stopy nakonec zavedly kriminalisty a\u017e do Brna, kde zadr\u017eeli t\u0159i mu\u017ee ve v\u011bku 34, 39\u00a0a\u00a051\u00a0let.<\/p>\n<p class=\"c_bB\">\u201eP\u0159i domovn\u00edch prohl\u00eddk\u00e1ch policist\u00e9 zajistili n\u011bkolik mobiln\u00edch telefon\u016f, finan\u010dn\u00ed hotovost a\u00a0tak\u00e9 podvodn\u011b vyl\u00e1kan\u00e9 platebn\u00ed karty po\u0161kozen\u00fdch,\u201c sd\u011blil Segsulka.<\/p>\n<p class=\"c_bB\">B\u011bhem v\u00fdslech\u016f mu\u017ei uvedli, \u017ee podvodnou kur\u00fdrn\u00ed \u010dinnost prov\u00e1d\u011bli n\u011bkolik m\u011bs\u00edc\u016f a\u00a0\u017ee jim tzv. p\u0159e\u0161lo p\u0159es ruce n\u011bkolik milion\u016f korun.<\/p>\n<p class=\"c_bB\">Trojici u\u017e policie obvinila z\u00a0podvodu, za kter\u00fd jim hroz\u00ed a\u017e osm let za m\u0159\u00ed\u017eemi. Na cizince uvalil soud vazbu.<\/p>\n<p><a data-dot=\"atm-link\" target=\"_self\" href=\"https:\/\/www.novinky.cz\/clanek\/internet-a-pc-bezpecnost-specialni-policejni-tym-zadrzel-ctyri-spojky-kybersmejdu-40592810\" class=\"c_I\" rel=\"nofollow noopener\"><img fetchpriority=\"high\" height=\"1080\" width=\"1920\" src=\"https:\/\/www.europesays.com\/cz\/wp-content\/uploads\/2026\/09\/0246.jpeg\" loading=\"eager\" decoding=\"sync\" class=\"c_t c_r\"\/><\/a><\/p>\n","protected":false},"excerpt":{"rendered":"Jednou z\u00a0ob\u011bt\u00ed je \u017eena (59) z\u00a0Krnovska. \u201ePodvodn\u00edk\u016fm uv\u011b\u0159ila, \u017ee vlastn\u00ed kryptom\u011bnov\u00fd \u00fa\u010det, kter\u00fd je t\u0159eba zru\u0161it a\u00a0\u017ee d\u00edky&hellip;\n","protected":false},"author":2,"featured_media":201651,"comment_status":"","ping_status":"","sticky":false,"template":"","format":"standard","meta":{"footnotes":"","_share_on_mastodon":"0"},"categories":[10],"tags":[92,17,21,5870,11238,729,16,2105,325,18,19,22,20],"class_list":["post-201650","post","type-post","status-publish","format-standard","has-post-thumbnail","category-zpravy","tag-brno","tag-headlines","tag-hlavni-udalosti","tag-krnov","tag-kuryri","tag-kybersmejdi","tag-news","tag-obeti","tag-policie","tag-top-news","tag-top-stories","tag-udalosti-dne","tag-zpravy"],"share_on_mastodon":{"url":"https:\/\/pubeurope.com\/@cz\/117207840098427705","error":""},"_links":{"self":[{"href":"https:\/\/www.europesays.com\/cz\/wp-json\/wp\/v2\/posts\/201650","targetHints":{"allow":["GET"]}}],"collection":[{"href":"https:\/\/www.europesays.com\/cz\/wp-json\/wp\/v2\/posts"}],"about":[{"href":"https:\/\/www.europesays.com\/cz\/wp-json\/wp\/v2\/types\/post"}],"author":[{"embeddable":true,"href":"https:\/\/www.europesays.com\/cz\/wp-json\/wp\/v2\/users\/2"}],"replies":[{"embeddable":true,"href":"https:\/\/www.europesays.com\/cz\/wp-json\/wp\/v2\/comments?post=201650"}],"version-history":[{"count":0,"href":"https:\/\/www.europesays.com\/cz\/wp-json\/wp\/v2\/posts\/201650\/revisions"}],"wp:featuredmedia":[{"embeddable":true,"href":"https:\/\/www.europesays.com\/cz\/wp-json\/wp\/v2\/media\/201651"}],"wp:attachment":[{"href":"https:\/\/www.europesays.com\/cz\/wp-json\/wp\/v2\/media?parent=201650"}],"wp:term":[{"taxonomy":"category","embeddable":true,"href":"https:\/\/www.europesays.com\/cz\/wp-json\/wp\/v2\/categories?post=201650"},{"taxonomy":"post_tag","embeddable":true,"href":"https:\/\/www.europesays.com\/cz\/wp-json\/wp\/v2\/tags?post=201650"}],"curies":[{"name":"wp","href":"https:\/\/api.w.org\/{rel}","templated":true}]}}