{"id":201684,"date":"2026-09-03T15:59:09","date_gmt":"2026-09-03T15:59:09","guid":{"rendered":"https:\/\/www.europesays.com\/cz\/201684\/"},"modified":"2026-09-03T15:59:09","modified_gmt":"2026-09-03T15:59:09","slug":"z-babise-obavy-nemam-tvrdi-lidr-ano-na-primatora-budeme-vladnout-spolu-dodal-premier-aktualne-cz","status":"publish","type":"post","link":"https:\/\/www.europesays.com\/cz\/201684\/","title":{"rendered":"Z Babi\u0161e obavy nem\u00e1m, tvrd\u00ed l\u00eddr ANO na prim\u00e1tora. Budeme vl\u00e1dnout spolu, dodal premi\u00e9r \u2013 Aktu\u00e1ln\u011b.cz"},"content":{"rendered":"<p>\u201eKdy\u017e m\u011b nech\u00e1te, tak hned po rozhovoru s v\u00e1mi jdu za n\u00edm,\u201c pronesl Andrej Babi\u0161 p\u0159i kr\u00e1tk\u00e9m zastaven\u00ed s Aktu\u00e1ln\u011b.cz na zahrad\u011b \u00da\u0159adu vl\u00e1dy. Ukazoval p\u0159itom na mu\u017ee v \u010dern\u00e9m tri\u010dku s kr\u00e1tk\u00fdm ruk\u00e1vem, kter\u00fd se rozhl\u00ed\u017eel kolem sebe a evidentn\u011b na n\u011bkoho \u010dekal. <\/p>\n<p>V\u011bt\u0161ina lid\u00ed ur\u010dit\u011b netu\u0161ila, o koho jde. P\u0159itom u\u017e za n\u011bkolik t\u00fddn\u016f m\u016f\u017ee pat\u0159it k nejvlivn\u011bj\u0161\u00edm politik\u016fm v Praze. Mohl by se dokonce st\u00e1t p\u0159\u00ed\u0161t\u00edm prim\u00e1torem nebo alespo\u0148 \u010dlenem neju\u017e\u0161\u00edho veden\u00ed. <\/p>\n<p>Ka\u017edop\u00e1dn\u011b Andrej Babi\u0161 na Hu\u0161bauera vsadil, kdy\u017e k\u00fdvl na to, aby se stal jedni\u010dkou kandid\u00e1tky ANO v Praze v leto\u0161n\u00edch \u0159\u00edjnov\u00fdch volb\u00e1ch. <\/p>\n<p><img decoding=\"async\" alt=\"Premi\u00e9r Andrej Babi\u0161 a l\u00eddr ANO v Praze Jan Hu\u0161bauer b\u011bhem spole\u010dn\u00e9 sch\u016fzky v sobotu na zahrad\u011b \u00da\u0159adu vl\u00e1dy. \" class=\"e-ui-image__img\" loading=\"lazy\" src=\"https:\/\/www.europesays.com\/cz\/wp-content\/uploads\/2026\/09\/img_8795.jpg\" \/><\/p>\n<p>Premi\u00e9r Andrej Babi\u0161 a l\u00eddr ANO v Praze Jan Hu\u0161bauer b\u011bhem spole\u010dn\u00e9 sch\u016fzky v sobotu na zahrad\u011b \u00da\u0159adu vl\u00e1dy. Foto: Radek Barton\u00ed\u010dek<\/p>\n<p>\u201eMysl\u00edm, \u017ee jsem byl jasn\u00e1 volba na l\u00eddra,\u201c \u0159\u00edk\u00e1 Jan Hu\u0161bauer. \u201eJsem 7 let ve veden\u00ed m\u011bstsk\u00e9 \u010d\u00e1sti Praha 4. K tomu jsem zastupitel v hlavn\u00edm m\u011bst\u011b. P\u0159ebral jsem veden\u00ed kontroln\u00edho v\u00fdboru a z\u00e1rove\u0148 i klubu ANO v m\u011bstsk\u00e9m zastupitelstvu. Tak\u017ee za m\u011b to byla celkem jasn\u00e1 volba,\u201c pokra\u010duje.<\/p>\n<p>Jak nal\u00e1kat voli\u010de<\/p>\n<p>Hu\u0161bauer i Babi\u0161 oba shodn\u011b ost\u0159e kritizuj\u00ed dosavadn\u00ed veden\u00ed Prahy, strefuj\u00ed se hlavn\u011b do Pir\u00e1t\u016f. Voli\u010de se budou sna\u017eit nal\u00e1kat i na slib, \u017ee Hu\u0161bauer by spole\u010dn\u011b s podporou premi\u00e9ra Babi\u0161e mohl hlavn\u00ed m\u011bsto posunout kup\u0159edu. <\/p>\n<p>\u201eNa\u0161e strategie stoj\u00ed na tom, \u017ee tak jako \u00fasp\u011b\u0161n\u011b d\u011bl\u00e1me v\u011bci ve vl\u00e1d\u011b, tak bychom je stejn\u011b dob\u0159e d\u011blali i v pra\u017esk\u00e9 \u201avl\u00e1d\u011b\u2018,\u201c \u0159\u00edk\u00e1 Babi\u0161. <\/p>\n<p>Hu\u0161bauer uvedl, \u017ee je s Babi\u0161em u\u017e te\u010f v pravideln\u00e9m kontaktu. \u201ePraha ho skute\u010dn\u011b zaj\u00edm\u00e1. Kdy\u017e jsme se potkali na zahrad\u011b \u00da\u0159adu vl\u00e1dy, byla to jedna z \u0159ady sch\u016fzek, konzultovali jsme n\u00e1\u0161 volebn\u00ed program.\u201c<\/p>\n<p>\u201eNa\u0161e spolupr\u00e1ce m\u00e1 smysl i proto, \u017ee st\u00e1t m\u00e1 v Praze d\u016fle\u017eit\u00e9 infrastruktur\u00e1ln\u00ed stavby a Praha naopak pot\u0159ebuje st\u00e1t pro r\u016fzn\u00e9 financov\u00e1n\u00ed a koordinaci,\u201c vysv\u011btluje Hu\u0161bauer.<\/p>\n<p>Babi\u0161 p\u0159itom sou\u010dasnou Prahu l\u00ed\u010d\u00ed jako hn\u00edzdo netransparentnosti a korupce. <\/p>\n<p>\u201ePraha m\u00e1 na \u00fa\u010dtech 200 miliard. A co jej\u00ed veden\u00ed d\u011bl\u00e1? Stav\u00ed n\u011bco? My jako vl\u00e1da pen\u00edze nem\u00e1me, Praha m\u00e1 pen\u00edze, tak\u017ee my chceme pom\u00e1hat spole\u010dn\u011b budovat modern\u00ed Prahu. Rozv\u00edjet dopravu, \u0161kolstv\u00ed, nemocnice a dal\u0161\u00ed,\u201c avizuje Babi\u0161.<\/p>\n<p>Hu\u0161bauer se hodn\u011b li\u0161\u00ed od probl\u00e9mov\u00e9ho Prokopa<\/p>\n<p>Jan Hu\u0161bauer \u0159adu let pracoval v n\u011bkolika mana\u017eersk\u00fdch funkc\u00edch v Prague British International School. Krom\u011b toho pracuje ve firm\u011b, kter\u00e1 zastupuje mlad\u00e9 fotbalisty. S\u00e1m fotbal odmala hr\u00e1val a jeho mlad\u0161\u00ed bratr Josef pat\u0159il je\u0161t\u011b ned\u00e1vno ke \u0161pi\u010dkov\u00fdm hr\u00e1\u010d\u016fm prvoligov\u00e9 Slavie. <\/p>\n<p>P\u0159i prvn\u00edm kontaktu p\u016fsob\u00ed Hu\u0161bauer sp\u00ed\u0161e jako introvert a kli\u010fas. Po \u017e\u00e1dosti o kr\u00e1tk\u00fd rozhovor na videu si d\u00e1v\u00e1 n\u011bkolik minut na rozmy\u0161lenou. Nejd\u0159\u00edve odch\u00e1z\u00ed, rad\u00ed se se sv\u00fdmi spolupracovn\u00edky, ale n\u00e1sledn\u011b se vr\u00e1t\u00ed a \u0159ekne, \u017ee je p\u0159ipraven\u00fd. <\/p>\n<p>Na ot\u00e1zku, zda nem\u00e1 obavu z Babi\u0161ov\u00fdch reakc\u00ed, pokud by jako jedni\u010dka ANO v metropoli ve volb\u00e1ch neusp\u011bl, ale reagoval sebev\u011bdom\u011b. \u201eBudeme \u00fasp\u011b\u0161n\u00ed, tak\u017ee \u017e\u00e1dn\u00e9 obavy m\u00edt nemus\u00edm,\u201c \u0159ekl Hu\u0161bauer.<\/p>\n<p>Podle informac\u00ed Aktu\u00e1ln\u011b.cz je Hu\u0161bauer \u0161\u00e9fovi ANO Babi\u0161ovi podstatn\u011b bli\u017e\u0161\u00ed ne\u017e p\u016fvodn\u00ed l\u00eddr kandid\u00e1tky Ond\u0159ej Prokop, kter\u00e9ho v minulosti Babi\u0161 kritizoval. <\/p>\n<p>Prokop nav\u00edc vyvol\u00e1val negativn\u00ed reakce sv\u00fdm \u010dast\u00fdm ve\u0159ejn\u00fdm vystupov\u00e1n\u00edm zejm\u00e9na na soci\u00e1ln\u00edch s\u00edt\u00edch. Mnoz\u00ed lid\u00e9 tak s velkou radost\u00ed kvitovali, \u017ee z kandid\u00e1tky musel odstoupit kv\u016fli tomu, \u017ee se objevily nejasnosti ohledn\u011b jeho majetku.<\/p>\n<p>P\u0159\u00edli\u0161 klidn\u00e1 voda?<\/p>\n<p>Kolem Hu\u0161bauera se p\u0159inejmen\u0161\u00edm zat\u00edm \u017e\u00e1dn\u00e1 kauza \u010di af\u00e9ra neobjevila a jeho politi\u010dt\u00ed soupe\u0159i na n\u011bj nijak v\u00fdrazn\u011bji ne\u00fato\u010d\u00ed. Ov\u0161em na to, \u017ee by m\u011bl u\u017e za m\u011bs\u00edc vyhr\u00e1t volby, je onoho klidu kolem n\u011bj mo\u017en\u00e1 a\u017e p\u0159\u00edli\u0161. ANO si to uv\u011bdomuje, tak\u017ee mu vys\u00edl\u00e1 na pomoc zn\u00e1m\u00e9 tv\u00e1\u0159e. <\/p>\n<p>Po sobotn\u00edm setk\u00e1n\u00ed s Babi\u0161em tak na ned\u011bln\u00edm m\u00edtinku v Praze 8 st\u00e1l vedle Hu\u0161bauera m\u00edstop\u0159edseda ANO i vl\u00e1dy Karel Havl\u00ed\u010dek, co\u017e se hned projevilo na podstatn\u011b siln\u011bj\u0161\u00ed odezv\u011b na soci\u00e1ln\u00edch s\u00edt\u00edch. Na Havl\u00ed\u010dka nav\u00e1zal m\u00edstop\u0159edseda sn\u011bmovny za ANO a pra\u017esk\u00fd zastupitel Patrik Nacher, kter\u00fd u\u017e n\u011bkolikr\u00e1t kampa\u0148 Hu\u0161bauera osobn\u011b podpo\u0159il a bude tak \u010dinit i v dal\u0161\u00edch dnech.<\/p>\n<p>Z v\u00fdrok\u016f Havl\u00ed\u010dka i Nachera vypl\u00fdv\u00e1, \u017ee za nejv\u011bt\u0161\u00edho nep\u0159\u00edtele pova\u017euj\u00ed Pir\u00e1ty, Havl\u00ed\u010dek pro CNN Prima dokonce prohl\u00e1sil, \u017ee v p\u0159\u00edpad\u011b  spolupr\u00e1ce s nimi by se \u201eob\u011bsil\u201c. Hu\u0161bauer p\u0159i ve\u0159ejn\u00e9m vystupov\u00e1n\u00ed podobn\u00e9 expresivn\u00ed v\u00fdroky nepou\u017e\u00edv\u00e1.<\/p>\n<p>Nicm\u00e9n\u011b odpor k Pir\u00e1t\u016fm potvrzuje, nejsiln\u011bj\u0161\u00ed v\u011btu na toto t\u00e9ma \u0159ekl k b\u00fdval\u00e9mu prim\u00e1torovi a nyn\u011bj\u0161\u00edmu p\u0159edsedovi Pir\u00e1t\u016f Zde\u0148ku H\u0159ibovi. \u201eS n\u00edm bych si za jeden st\u016fl nesedl. Ot\u00e1zka Pir\u00e1t\u016f se ale vy\u0159e\u0161ila sama, proto\u017ee oni se usnesli, \u017ee spolupr\u00e1ci s n\u00e1mi vylu\u010duj\u00ed,\u201c \u0159\u00edk\u00e1 Hu\u0161bauer. Pokud jde o dal\u0161\u00ed strany, to u\u017e tak vyhran\u011bn\u00fd nen\u00ed. <\/p>\n<p>\u201ePro m\u011b je stra\u0161n\u011b d\u016fle\u017eit\u00e9, kdo se mnou v Praze postav\u00ed \u0161kolu, kdo vy\u0159e\u0161\u00ed dopravu, kdo se bude se mnou v\u011bnovat bezpe\u010dnosti a v\u0161em d\u016fle\u017eit\u00fdm ot\u00e1zk\u00e1m, kter\u00e9 Pra\u017eany tr\u00e1p\u00ed,\u201c odpov\u011bd\u011bl nap\u0159\u00edklad na ot\u00e1zku, jak moc by si dok\u00e1zal p\u0159edstavit vl\u00e1dnut\u00ed s ODS v \u010dele s jej\u00edm pra\u017esk\u00fdm l\u00eddrem Tom\u00e1\u0161em Portl\u00edkem. <\/p>\n","protected":false},"excerpt":{"rendered":"\u201eKdy\u017e m\u011b nech\u00e1te, tak hned po rozhovoru s v\u00e1mi jdu za n\u00edm,\u201c pronesl Andrej Babi\u0161 p\u0159i kr\u00e1tk\u00e9m zastaven\u00ed&hellip;\n","protected":false},"author":2,"featured_media":201685,"comment_status":"","ping_status":"","sticky":false,"template":"","format":"standard","meta":{"footnotes":"","_share_on_mastodon":"0"},"categories":[7],"tags":[266,43,42,41,40,174,99,42589],"class_list":["post-201684","post","type-post","status-publish","format-standard","has-post-thumbnail","category-cesko","tag-andrej-babis","tag-ceska-republika","tag-cesko","tag-czech-republic","tag-czechia","tag-politika","tag-praha","tag-volby-2026"],"share_on_mastodon":{"url":"https:\/\/pubeurope.com\/@cz\/117207942404042330","error":""},"_links":{"self":[{"href":"https:\/\/www.europesays.com\/cz\/wp-json\/wp\/v2\/posts\/201684","targetHints":{"allow":["GET"]}}],"collection":[{"href":"https:\/\/www.europesays.com\/cz\/wp-json\/wp\/v2\/posts"}],"about":[{"href":"https:\/\/www.europesays.com\/cz\/wp-json\/wp\/v2\/types\/post"}],"author":[{"embeddable":true,"href":"https:\/\/www.europesays.com\/cz\/wp-json\/wp\/v2\/users\/2"}],"replies":[{"embeddable":true,"href":"https:\/\/www.europesays.com\/cz\/wp-json\/wp\/v2\/comments?post=201684"}],"version-history":[{"count":0,"href":"https:\/\/www.europesays.com\/cz\/wp-json\/wp\/v2\/posts\/201684\/revisions"}],"wp:featuredmedia":[{"embeddable":true,"href":"https:\/\/www.europesays.com\/cz\/wp-json\/wp\/v2\/media\/201685"}],"wp:attachment":[{"href":"https:\/\/www.europesays.com\/cz\/wp-json\/wp\/v2\/media?parent=201684"}],"wp:term":[{"taxonomy":"category","embeddable":true,"href":"https:\/\/www.europesays.com\/cz\/wp-json\/wp\/v2\/categories?post=201684"},{"taxonomy":"post_tag","embeddable":true,"href":"https:\/\/www.europesays.com\/cz\/wp-json\/wp\/v2\/tags?post=201684"}],"curies":[{"name":"wp","href":"https:\/\/api.w.org\/{rel}","templated":true}]}}