{"id":201694,"date":"2026-09-03T16:09:13","date_gmt":"2026-09-03T16:09:13","guid":{"rendered":"https:\/\/www.europesays.com\/cz\/201694\/"},"modified":"2026-09-03T16:09:13","modified_gmt":"2026-09-03T16:09:13","slug":"motoriste-chteji-seskrtat-schodek-rozpoctu-o-20-miliard","status":"publish","type":"post","link":"https:\/\/www.europesays.com\/cz\/201694\/","title":{"rendered":"Motorist\u00e9 cht\u011bj\u00ed se\u0161krtat schodek rozpo\u010dtu o\u00a020\u00a0miliard"},"content":{"rendered":"<p class=\"c_bB\">Macinka uvedl, \u017ee 389\u00a0miliard je pro Motoristy velmi vysok\u00fd schodek. \u201eMysl\u00edm, \u017ee nen\u00ed mo\u017en\u00e9 ud\u011blat jen n\u011bjakou kosmetickou zm\u011bnu,\u201c poznamenal po jedn\u00e1n\u00ed s\u00a0hnut\u00edm ANO.<\/p>\n<p class=\"c_bB\">N\u00e1vrhy Motorist\u016f by se podle n\u011bj dalo uspo\u0159it t\u0159eba 20\u00a0miliard. \u201eJe mo\u017en\u00e9 toho dos\u00e1hnout. Mo\u017en\u00e1 trochu v\u00edce, mo\u017en\u00e1 trochu m\u00e9n\u011b,\u201c \u0159ekl. Dodal, \u017ee od premi\u00e9ra nesly\u0161el \u201enikterak ostr\u00e9 odm\u00edtav\u00e9 stanovisko\u201c. <\/p>\n<p class=\"c_bB\">Vz\u00e1jemn\u00e1 jedn\u00e1n\u00ed mezi koali\u010dn\u00edmi partnery maj\u00ed pokra\u010dovat v\u00a0pond\u011bl\u00ed na jedn\u00e1n\u00ed vl\u00e1dy a\u00a0n\u00e1sledn\u011b odpoledne na koali\u010dn\u00ed rad\u011b.<\/p>\n<p><a data-dot=\"atm-link\" target=\"_self\" href=\"https:\/\/www.novinky.cz\/clanek\/domaci-s-petrem-macinkou-mame-radu-spolecnych-temat-rekl-pavel-a-zminil-rozpocet-40595397\" class=\"c_I\" rel=\"nofollow noopener\"><img height=\"2304\" width=\"4096\" src=\"https:\/\/www.europesays.com\/cz\/wp-content\/uploads\/2026\/09\/1788451753_507_b619.jpeg\" loading=\"lazy\" decoding=\"async\" class=\"c_t c_r c_l\"\/><\/a><\/p>\n<p class=\"c_bB\">Macinka \u0159ekl, \u017ee opat\u0159en\u00ed na sn\u00ed\u017een\u00ed deficitu st\u00e1tn\u00edho rozpo\u010dtu by se m\u011bla t\u00fdkat hlavn\u011b \u00faspor a\u00a0ne zvy\u0161ov\u00e1n\u00edm dan\u00ed, jejich\u017e placen\u00ed by pr\u00fd lid\u00e9 mohli obch\u00e1zet. <\/p>\n<p class=\"c_bB\">Pen\u00edze by se sna\u017eil u\u0161et\u0159it hlavn\u011b v\u00a0resortech zdravotnictv\u00ed a\u00a0dopravy. Ani jedno z\u00a0nich p\u0159itom nevedou Motorist\u00e9. \u201eNa\u0161e n\u00e1vrhy se t\u00fdkaj\u00ed zdravotnictv\u00ed, energi\u00ed, provozu st\u00e1tu nebo n\u00e1kupu r\u016fzn\u00fdch slu\u017eeb,\u201c \u0159ekl.<\/p>\n<p class=\"c_bB\">Uva\u017eoval by tak\u00e9 o\u00a0tom, \u017ee by se u\u00a0n\u011bkter\u00fdch projekt\u016f odlo\u017eily prvn\u00ed platby. <\/p>\n<p class=\"c_bB\">Odm\u00edtl sni\u017eov\u00e1n\u00ed obrann\u00fdch v\u00fddaj\u016f, jin\u00fd n\u00e1zor ale m\u011bl na rozpo\u010det \u0161kolstv\u00ed. O\u00a0person\u00e1ln\u00edch \u0161krtech bychom se mohli bavit nap\u0159\u00edklad s\u00a0ministrem Plagou (ANO), konstatoval Macinka. Jedn\u00e1n\u00ed na \u00fa\u0159adu vl\u00e1dy trvalo asi dv\u011b a\u00a0p\u016fl hodiny.<\/p>\n<p>Schillerov\u00e1: Maxim\u00e1ln\u011b ni\u017e\u0161\u00ed jednotky miliard<\/p>\n<p class=\"c_bB\">Ministryn\u011b financ\u00ed Alena Schillerov\u00e1 (ANO) po sch\u016fzce uvedla, \u017ee debata s\u00a0Motoristy byla korektn\u00ed a\u00a0bude pokra\u010dovat, jejich p\u0159edstavu o\u00a0mo\u017en\u00fdch \u00faspor\u00e1ch ale v\u00fdrazn\u011b zchladila. \u201eTroufnu si \u0159\u00edct, \u017ee tam vid\u00edm mo\u017en\u00e9, kdybychom se na nich shodli, \u00faspory sp\u00ed\u0161 v\u00a0ni\u017e\u0161\u00edch jednotk\u00e1ch miliard,\u201c \u0159ekla.<\/p>\n<p class=\"c_bB\">\u010c\u00e1st n\u00e1vrh\u016f Motorist\u016f podle n\u00ed vy\u017eaduje zm\u011bny z\u00e1kon\u016f, a\u00a0proto je nebude mo\u017en\u00e9 prom\u00edtnout u\u017e do rozpo\u010dtu na rok 2027. \u201eTo ale neznamen\u00e1, \u017ee se o\u00a0nich nebude diskutovat ve vztahu k\u00a0dal\u0161\u00edm rozpo\u010dt\u016fm,\u201c dodala Schillerov\u00e1.<\/p>\n<p class=\"c_bB\">Ministryn\u011b p\u0159ipomn\u011bla, \u017ee vl\u00e1du \u010dek\u00e1 p\u0159\u00edprava fisk\u00e1ln\u00edch reforem a\u00a0rozpo\u010dtu na rok 2028.\u00a0Na jejich nutnosti se podle n\u00ed koalice shoduje, konkr\u00e9tn\u00ed n\u00e1vrhy ale zat\u00edm komentovat necht\u011bla, proto\u017ee jedn\u00e1n\u00ed budou pokra\u010dovat.<\/p>\n<p><a data-dot=\"atm-link\" target=\"_self\" href=\"https:\/\/www.novinky.cz\/clanek\/ekonomika-neduveryhodne-rozpoctova-rada-ostre-kritizuje-vladu-40595819\" class=\"c_I\" rel=\"nofollow noopener\"><img height=\"2304\" width=\"4096\" src=\"https:\/\/www.europesays.com\/cz\/wp-content\/uploads\/2026\/09\/1788451753_792_f8c2.jpeg\" loading=\"lazy\" decoding=\"async\" class=\"c_t c_r c_l\"\/><\/a><\/p>\n","protected":false},"excerpt":{"rendered":"Macinka uvedl, \u017ee 389\u00a0miliard je pro Motoristy velmi vysok\u00fd schodek. \u201eMysl\u00edm, \u017ee nen\u00ed mo\u017en\u00e9 ud\u011blat jen n\u011bjakou kosmetickou&hellip;\n","protected":false},"author":2,"featured_media":201695,"comment_status":"","ping_status":"","sticky":false,"template":"","format":"standard","meta":{"footnotes":"","_share_on_mastodon":"0"},"categories":[10],"tags":[17,21,647,16,418,137,18,19,22,20],"class_list":["post-201694","post","type-post","status-publish","format-standard","has-post-thumbnail","category-zpravy","tag-headlines","tag-hlavni-udalosti","tag-motoriste-sobe","tag-news","tag-petr-macinka","tag-rozpocet","tag-top-news","tag-top-stories","tag-udalosti-dne","tag-zpravy"],"share_on_mastodon":{"url":"https:\/\/pubeurope.com\/@cz\/117207981755790918","error":""},"_links":{"self":[{"href":"https:\/\/www.europesays.com\/cz\/wp-json\/wp\/v2\/posts\/201694","targetHints":{"allow":["GET"]}}],"collection":[{"href":"https:\/\/www.europesays.com\/cz\/wp-json\/wp\/v2\/posts"}],"about":[{"href":"https:\/\/www.europesays.com\/cz\/wp-json\/wp\/v2\/types\/post"}],"author":[{"embeddable":true,"href":"https:\/\/www.europesays.com\/cz\/wp-json\/wp\/v2\/users\/2"}],"replies":[{"embeddable":true,"href":"https:\/\/www.europesays.com\/cz\/wp-json\/wp\/v2\/comments?post=201694"}],"version-history":[{"count":0,"href":"https:\/\/www.europesays.com\/cz\/wp-json\/wp\/v2\/posts\/201694\/revisions"}],"wp:featuredmedia":[{"embeddable":true,"href":"https:\/\/www.europesays.com\/cz\/wp-json\/wp\/v2\/media\/201695"}],"wp:attachment":[{"href":"https:\/\/www.europesays.com\/cz\/wp-json\/wp\/v2\/media?parent=201694"}],"wp:term":[{"taxonomy":"category","embeddable":true,"href":"https:\/\/www.europesays.com\/cz\/wp-json\/wp\/v2\/categories?post=201694"},{"taxonomy":"post_tag","embeddable":true,"href":"https:\/\/www.europesays.com\/cz\/wp-json\/wp\/v2\/tags?post=201694"}],"curies":[{"name":"wp","href":"https:\/\/api.w.org\/{rel}","templated":true}]}}