{"id":201700,"date":"2026-09-03T16:18:11","date_gmt":"2026-09-03T16:18:11","guid":{"rendered":"https:\/\/www.europesays.com\/cz\/201700\/"},"modified":"2026-09-03T16:18:11","modified_gmt":"2026-09-03T16:18:11","slug":"foto-oblohu-nad-hradcem-ovladly-balony-novinky","status":"publish","type":"post","link":"https:\/\/www.europesays.com\/cz\/201700\/","title":{"rendered":"FOTO: Oblohu nad Hradcem ovl\u00e1dly bal\u00f3ny &#8211; Novinky"},"content":{"rendered":"<p><a href=\"https:\/\/news.google.com\/rss\/articles\/CBMisgFBVV95cUxPZGUzc3R0TmUtSjNFQ01NcmIxbkotZmFqMThqV0VTSUdMbDFqZjVtOWgzcnFTcHV0NENQWVJQbE1kRDRMNklucWFnQVZqTk8xMUZJUU9rTHFMY2FDVnM0UU9ZaUR3MmE2bVB4bVJYWnVpa1ZPY2RzZ1hqY0R6enV0R1VmNUQ4c1RCQTZhcUZENHpRZXdXdHR0amZCTjlCODNmNjV2Q0pTM3U5UmFpWWNDUzR3?oc=5\" target=\"_blank\" rel=\"nofollow noopener\">FOTO: Oblohu nad Hradcem ovl\u00e1dly bal\u00f3ny<\/a>&nbsp;&nbsp;Novinky<a href=\"https:\/\/news.google.com\/rss\/articles\/CBMinAFBVV95cUxNSGNJdzJkQWhIQ1pobEYyY200UUVTVmpGQlhoc1lFMkNTX3dIeTFSUlFtMks4VGJJMEpMcV9EemZpZFNLLVIwOU0xeW9uelhRZjAySkEyLVZIRjdfU1Z4WHc3ZjJBU2ktNkFDSGE3ekFVVFFFRXhrakt5dXhxNFkzQndSZWhpeFV2RjJNVUczZG5MVlVqZ2RhMWJDV3k?oc=5\" target=\"_blank\" rel=\"nofollow noopener\">Upoutan\u00fd bal\u00f3n v Hradci u\u017e dnes. Atrakci si d\u011bti u\u017eij\u00ed d\u0159\u00edve kv\u016fli p\u0159edpov\u011bdi<\/a>&nbsp;&nbsp;hradecky.denik.cz<a href=\"https:\/\/news.google.com\/rss\/articles\/CBMiyAJBVV95cUxPMHU0WFRUYWp5RGVvdnVvZjlKMHNkNTRQYjJsaERJdDN4T25KdHkyUmlBUndja05iT1BER2xNdzhrRjk4aW1XTFVQS1Q2cUNENzQ2Wjcwei1VcmJzejJMNTBPRnF4X2QxX051R1BCa3JpY05oSUVRWHhjaDl3TDVvTS1pQnNYMmJSX0J1OEREdlkxSXBJZXFQOWdCcHRyaW1rZUgzcnVjRTk2MEtfZjZoQTFrZHk4UzNQMWppMGtfWmNReE1ZR2lrdkc3M05JNV8wY1IxQWtLMWNZaGF2TXRxVUprWTVQVjI4MGZMN0k5NjdzTVMyWHF1bmt5dC1MSGFNbExMUVE2bW1kZGtQcEh0SjQ2emFWVEhyY0F3UEdOc2lLOGQ4Uk95TU9uWDdYOGxxVEUzSVdZZEptVUZENFlobkJybjdYcTN2?oc=5\" target=\"_blank\" rel=\"nofollow noopener\">FOTO: Balony zaplnily nebe nad Hradcem. Ve \u010dtvrtek rozz\u00e1\u0159\u00ed tak\u00e9 Jarom\u011b\u0159 \u2013 fotogalerie<\/a>&nbsp;&nbsp;hradecka.drbna.cz<a href=\"https:\/\/news.google.com\/rss\/articles\/CBMiygFBVV95cUxPQTdkbmJrSkJfWW1PV2ZoT1VuaXNPcmtaNUdMRzg3TnJaRmg3czJKcGt5bkZIdlBDNGhJcGVZLWZUaVBpVmpZQkhyZ2xqMFFWd0tsMTJzSXRCRjBDSzZMWmh5d0NpVDlVVV9ORHdsbkZUalh4SGJQTFV3dlVIeTVmU2NPRzNnXzM0ekh4SE5KdXRnVWpTNEtqVml3ekR5ZGNaY1hWSkNjVnZzS3ZSaGVQelQ0RTRVc2NyUkk1Nnd3dGQzXzBjalBQclNB?oc=5\" target=\"_blank\" rel=\"nofollow noopener\">OBRAZEM: Koukej, u\u017e se nafukuje! Nad Hradec Kr\u00e1lov\u00e9 vzl\u00e9tly des\u00edtky balon\u016f<\/a>&nbsp;&nbsp;R\u00e1dio Impuls<a href=\"https:\/\/news.google.com\/rss\/articles\/CBMitAFBVV95cUxOWWN4dU5DLTNUREhGTGNmaDAzNmdxUnJsTm1QdWt3S09aQVJWUVJobXZILWt2Y2N6YnlZZnppM1loOVVoQ2hWa3M1dHZYZEhZYmt2Y3hiSkE1SnpwdGdBWVBGTzRwaHlLYnZlWnk0Y2ozaUJmZ0E0YzRVU3dqb0Vpb29GYWRDUThOeHgtYXRYa2c0Q0JQLVBHcTY2aHFTYlZCZGtIdlZtUDZUWnZ5U2hqRFNpTC0?oc=5\" target=\"_blank\" rel=\"nofollow noopener\">Tipy na v\u00edkend: Balonov\u00e9 nebe, Kuronsk\u00e9 slavnosti, Den s letadly, v\u00fdstava miner\u00e1l\u016f i Do\u017e\u00ednkov\u00fd den<\/a>&nbsp;&nbsp;hradec.rozhlas.cz<\/p>\n","protected":false},"excerpt":{"rendered":"FOTO: Oblohu nad Hradcem ovl\u00e1dly bal\u00f3ny&nbsp;&nbsp;NovinkyUpoutan\u00fd bal\u00f3n v Hradci u\u017e dnes. Atrakci si d\u011bti u\u017eij\u00ed d\u0159\u00edve kv\u016fli p\u0159edpov\u011bdi&nbsp;&nbsp;hradecky.denik.czFOTO:&hellip;\n","protected":false},"author":2,"featured_media":201701,"comment_status":"","ping_status":"","sticky":false,"template":"","format":"standard","meta":{"footnotes":"","_share_on_mastodon":"0"},"categories":[7],"tags":[43,42,41,40,13420,975],"class_list":["post-201700","post","type-post","status-publish","format-standard","has-post-thumbnail","category-cesko","tag-ceska-republika","tag-cesko","tag-czech-republic","tag-czechia","tag-horkovzdusny-balon","tag-hradec-kralove"],"share_on_mastodon":{"url":"https:\/\/pubeurope.com\/@cz\/117208016984593979","error":""},"_links":{"self":[{"href":"https:\/\/www.europesays.com\/cz\/wp-json\/wp\/v2\/posts\/201700","targetHints":{"allow":["GET"]}}],"collection":[{"href":"https:\/\/www.europesays.com\/cz\/wp-json\/wp\/v2\/posts"}],"about":[{"href":"https:\/\/www.europesays.com\/cz\/wp-json\/wp\/v2\/types\/post"}],"author":[{"embeddable":true,"href":"https:\/\/www.europesays.com\/cz\/wp-json\/wp\/v2\/users\/2"}],"replies":[{"embeddable":true,"href":"https:\/\/www.europesays.com\/cz\/wp-json\/wp\/v2\/comments?post=201700"}],"version-history":[{"count":0,"href":"https:\/\/www.europesays.com\/cz\/wp-json\/wp\/v2\/posts\/201700\/revisions"}],"wp:featuredmedia":[{"embeddable":true,"href":"https:\/\/www.europesays.com\/cz\/wp-json\/wp\/v2\/media\/201701"}],"wp:attachment":[{"href":"https:\/\/www.europesays.com\/cz\/wp-json\/wp\/v2\/media?parent=201700"}],"wp:term":[{"taxonomy":"category","embeddable":true,"href":"https:\/\/www.europesays.com\/cz\/wp-json\/wp\/v2\/categories?post=201700"},{"taxonomy":"post_tag","embeddable":true,"href":"https:\/\/www.europesays.com\/cz\/wp-json\/wp\/v2\/tags?post=201700"}],"curies":[{"name":"wp","href":"https:\/\/api.w.org\/{rel}","templated":true}]}}