{"id":201726,"date":"2026-09-03T16:44:08","date_gmt":"2026-09-03T16:44:08","guid":{"rendered":"https:\/\/www.europesays.com\/cz\/201726\/"},"modified":"2026-09-03T16:44:08","modified_gmt":"2026-09-03T16:44:08","slug":"nizozemci-reaguji-na-nestabilitu-cast-zlatych-rezerv-presunuli-z-usa-do-londyna-idnes-cz","status":"publish","type":"post","link":"https:\/\/www.europesays.com\/cz\/201726\/","title":{"rendered":"Nizozemci reaguj\u00ed na nestabilitu. \u010c\u00e1st zlat\u00fdch rezerv p\u0159esunuli z USA do Lond\u00fdna &#8211; iDNES.cz"},"content":{"rendered":"<p><a href=\"https:\/\/news.google.com\/rss\/articles\/CBMiywFBVV95cUxOUjd0NDJkYmdzc29kalF2UzFZMlRKeWpYR0dOV3ZBbHRQV3F2N2xURVFIZk1oNk94RmNTdlRVcHhuM2FjUExRSFRSZGlNMW12OHN5dGg0SlFKQzUyVnlZemZpbTFYbVM5Nl81Sl9WMWR5dEVHZlJja280YVJWcUpHNUNhOW5vUjNzakNTNHR0a0wxMUxGNHA1YWZzalhZTEwxVHZGZWdOSHB2RkNLVy1LVjhqR0s0RzhwMkl0b2MwcFpRWVRhQVBjckl0MA?oc=5\" target=\"_blank\" rel=\"nofollow noopener\">Nizozemci reaguj\u00ed na nestabilitu. \u010c\u00e1st zlat\u00fdch rezerv p\u0159esunuli z USA do Lond\u00fdna<\/a>&nbsp;&nbsp;iDNES.cz<a href=\"https:\/\/news.google.com\/rss\/articles\/CBMixwFBVV95cUxNa2pOeWYtdmdnQmlxTnVZQjc0aDdKOW9vb2ZNWi1XVWNKcHFaS3NoNkJ2LWozZXJ5aUFuUzFsT3FPdWZzNzFObjFvbGRnWlp4UkMwWTBuNUl0Uk5KYW5IMjJNTVJ6UXVicTVPd3FqdWNOTC1aMGVfTHFuQTVfak5kU2w2NG5nTHBsd1o4WU84TmxxNzNHUUEwYkFEUDlwdUJfanp4MVVzWmZlRzZHUG9rNWF5QU1DY08tMkVBbnlxMUY5RkY1dWZV?oc=5\" target=\"_blank\" rel=\"nofollow noopener\">Holandsk\u00e1 centr\u00e1ln\u00ed banka st\u00e1hla \u010dtvrtinu zlat\u00fdch rezerv z USA a Kanady do Bank of England<\/a>&nbsp;&nbsp;Kurzy.cz<a href=\"https:\/\/news.google.com\/rss\/articles\/CBMiigFBVV95cUxQVERVMGUyOG42cW43TVJBY3BOT08yQTljcnZTU0gxZkhSdzZseHNPUzFYcWlQc1F4V2FuYWgwdENoeFJackxubWZINE1FMlpjZTB2ajVoYk1WRWEwcGw5ZjlBU1Z1alN6bGdPWXVZVzNZdm9jcTlJdjZLU3dOTm5oamtxd0lmQWtuV0E?oc=5\" target=\"_blank\" rel=\"nofollow noopener\">Nizozemsko st\u00e1hlo z Ameriky 86 tun zlata. M\u00ed\u0159\u00ed do Lond\u00fdna<\/a>&nbsp;&nbsp;Echo24<a href=\"https:\/\/news.google.com\/rss\/articles\/CBMixwFBVV95cUxOSmdYRmVURmhtSndfOFVsaldIZVlYWXNYR2hMejVmOHktSEZDWm1sRGZxVDJvR3lrYy1pd2pyQllkLVdnODlDS1p6c056MHJyXzZPSmxPYmpwT05uUU1XS3pMX2x4VVJyd1NVNzFkd0RKWVZXdm9WTnlXTWRSUHRVeVlibndacnpfSndncENWRnZZZnJ3b1hNWll5cjVzUXYxazBMall3WGZDOVFmZDlmaWcxbmJadjZiYVp3MGU0TzFha2p2Nkow0gHMAUFVX3lxTE9oRVlPVDBBa19NbHBEUnVTalVwV2xOQTVRaWpyMHU2ZnNYYk53U2UwRkpzNnd1enJqeWstMnpfeGV4REdYdE5Ma2JwR0lWUmVOYjRVSVNoSDlHZlRKUWVualR1SEUyempjTU1iZDhueGUxSlpHamdHOHFkUDZ1MWQ5Vk1uRE9XU3RmajRPM0Z0czllbkg5RFRQQTYtdVE2YWNUMUpYbjNrb1cydWgxZVVKWGJZeV8tRkh6OVFPMlZ1VzJWUVg1Ul96R2Zuag?oc=5\" target=\"_blank\" rel=\"nofollow noopener\">Nizozemsk\u00e1 banka p\u0159esunula \u010d\u00e1st zlat\u00fdch rezerv z Ameriky do Brit\u00e1nie<\/a>&nbsp;&nbsp;www.prahanadlani.cz<a href=\"https:\/\/news.google.com\/rss\/articles\/CBMikgFBVV95cUxNSF9vWDlheFdYZjVDQVp0RkNiSGN0VC1JRjRUalg5dkUwU01mcTRQSHZ4RngxWG8wREhmV1FGWHFuS05yb0FUeFEtN3htY0tvMDVzMEVGdXRBRllSZXI2NHZWMlZldVZld2lCQjQtYy1LS2tkdnZoOXlVeThmVEpUbHAzd3R4RnVuN2djc1UxcFJzZw?oc=5\" target=\"_blank\" rel=\"nofollow noopener\">Nizozemci m\u011bn\u00ed \u00fakryt pro zlato. Z USA a Kanady ho p\u0159esouvaj\u00ed do Lond\u00fdna<\/a>&nbsp;&nbsp;Hrot24.cz<\/p>\n","protected":false},"excerpt":{"rendered":"Nizozemci reaguj\u00ed na nestabilitu. \u010c\u00e1st zlat\u00fdch rezerv p\u0159esunuli z USA do Lond\u00fdna&nbsp;&nbsp;iDNES.czHolandsk\u00e1 centr\u00e1ln\u00ed banka st\u00e1hla \u010dtvrtinu zlat\u00fdch rezerv&hellip;\n","protected":false},"author":2,"featured_media":201727,"comment_status":"","ping_status":"","sticky":false,"template":"","format":"standard","meta":{"footnotes":"","_share_on_mastodon":"0"},"categories":[12],"tags":[67,68,685,2111,2412,1186,23855,1136,558],"class_list":["post-201726","post","type-post","status-publish","format-standard","has-post-thumbnail","category-byznys","tag-business","tag-byznys","tag-centralni-banka","tag-londyn","tag-new-york","tag-ottawa","tag-spojene-staty-americke","tag-velka-britanie","tag-zlato"],"share_on_mastodon":{"url":"https:\/\/pubeurope.com\/@cz\/117208118896339700","error":""},"_links":{"self":[{"href":"https:\/\/www.europesays.com\/cz\/wp-json\/wp\/v2\/posts\/201726","targetHints":{"allow":["GET"]}}],"collection":[{"href":"https:\/\/www.europesays.com\/cz\/wp-json\/wp\/v2\/posts"}],"about":[{"href":"https:\/\/www.europesays.com\/cz\/wp-json\/wp\/v2\/types\/post"}],"author":[{"embeddable":true,"href":"https:\/\/www.europesays.com\/cz\/wp-json\/wp\/v2\/users\/2"}],"replies":[{"embeddable":true,"href":"https:\/\/www.europesays.com\/cz\/wp-json\/wp\/v2\/comments?post=201726"}],"version-history":[{"count":0,"href":"https:\/\/www.europesays.com\/cz\/wp-json\/wp\/v2\/posts\/201726\/revisions"}],"wp:featuredmedia":[{"embeddable":true,"href":"https:\/\/www.europesays.com\/cz\/wp-json\/wp\/v2\/media\/201727"}],"wp:attachment":[{"href":"https:\/\/www.europesays.com\/cz\/wp-json\/wp\/v2\/media?parent=201726"}],"wp:term":[{"taxonomy":"category","embeddable":true,"href":"https:\/\/www.europesays.com\/cz\/wp-json\/wp\/v2\/categories?post=201726"},{"taxonomy":"post_tag","embeddable":true,"href":"https:\/\/www.europesays.com\/cz\/wp-json\/wp\/v2\/tags?post=201726"}],"curies":[{"name":"wp","href":"https:\/\/api.w.org\/{rel}","templated":true}]}}