{"id":201728,"date":"2026-09-03T16:46:18","date_gmt":"2026-09-03T16:46:18","guid":{"rendered":"https:\/\/www.europesays.com\/cz\/201728\/"},"modified":"2026-09-03T16:46:18","modified_gmt":"2026-09-03T16:46:18","slug":"video-dron-natocil-orlik-na-historickem-minimu-policie-proverovala-sudy","status":"publish","type":"post","link":"https:\/\/www.europesays.com\/cz\/201728\/","title":{"rendered":"Video: Dron nato\u010dil Orl\u00edk na historick\u00e9m minimu. Policie prov\u011b\u0159ovala sudy"},"content":{"rendered":"<p class=\"e_bX\">\u201eSkute\u010dn\u011b jsme v\u00a0uplynul\u00fdch dvou dnech otev\u00edrali spole\u010dn\u011b s\u00a0hasi\u010di dva sudy v\u00a0orlick\u00e9 p\u0159ehrad\u011b. Nakonec v\u0161ak v\u0161echno dob\u0159e dopadlo,\u201c \u0159ekla ve \u010dtvrtek serveru Novinky.cz mluv\u010d\u00ed p\u00edseck\u00e9 policie Kamila \u010cu\u0159\u00ednov\u00e1 Ingri\u0161ov\u00e1. Sudy byly podle n\u00ed zaplaven\u00e9 vodou a\u00a0z\u0159ejm\u011b p\u016fvodn\u011b slou\u017eily jako sou\u010d\u00e1st pontonu.<\/p>\n<p class=\"e_bX\">Seznam Zpr\u00e1vy se na sudy v\u00a0Orl\u00edku ptaly i\u00a0tiskov\u00e9 mluv\u010d\u00ed jiho\u010desk\u00e9 policie Lenky Krausov\u00e9. \u201eV\u00edm, \u017ee zat\u00edm nikdo nic hrozn\u00e9ho nena\u0161el,\u201c \u0159ekla. <\/p>\n<p class=\"e_bX\">P\u0159ehrada je spojen\u00e1 s\u00a0p\u0159\u00edpadem orlick\u00fdch vrah\u016f, kte\u0159\u00ed v\u00a0letech 1991\u00a0a\u017e 1993\u00a0zavra\u017edili p\u011bt lid\u00ed. T\u011bla t\u0159\u00ed ob\u011bt\u00ed shodili ze \u017d\u010f\u00e1kovsk\u00e9ho mostu do Orl\u00edku. Dva zavra\u017ed\u011bn\u00e9 ukryli pr\u00e1v\u011b do sud\u016f, t\u0159et\u00edho zabalili do pletiva. Ostatky ob\u011bt\u00ed pot\u00e1p\u011b\u010di vyzvedli v\u00a0roce 1995.<\/p>\n<p class=\"e_bX\">Hladina Orl\u00edku kv\u016fli leto\u0161n\u00edmu mimo\u0159\u00e1dn\u00e9mu suchu klesla p\u0159ibli\u017en\u011b o\u00a015\u00a0metr\u016f. Ve st\u0159edu ve\u010der se <a data-dot=\"atm-link\" target=\"_blank\" rel=\"noopener nofollow\" href=\"https:\/\/www.pvl.cz\/portal\/nadrze\/cz\/pc\/Mereni.aspx?id=VLOR&amp;oid=2\" class=\"e_n\">dostala<\/a> pod hranici 335\u00a0metr\u016f nad mo\u0159em. Za poklesem stoj\u00ed dlouhodob\u011b n\u00edzk\u00e9 p\u0159\u00edtoky, odpar b\u011bhem veder a\u00a0vypou\u0161t\u011bn\u00ed vody pot\u0159ebn\u00e9 k\u00a0udr\u017eov\u00e1n\u00ed pr\u016ftoku na doln\u00ed Vltav\u011b a\u00a0Labi.<\/p>\n<p><img fetchpriority=\"high\" height=\"2334\"   width=\"3500\" src=\"https:\/\/www.europesays.com\/cz\/wp-content\/uploads\/2026\/09\/1788453977_711_bb0d.jpeg\" loading=\"eager\" decoding=\"sync\" class=\"e_aa e_Z\"\/>Foto: Michal Turek, Seznam Zpr\u00e1vy<\/p>\n<p class=\"e_bX\">Podle Povod\u00ed Vltavy v\u00a0p\u00e1tek nastane situace, kdy vodn\u00ed hladina n\u00e1dr\u017ee klesne na  334,60\u00a0metr\u016f nad mo\u0159em. Zm\u011bn\u00ed se tak zp\u016fsob hospoda\u0159en\u00ed s\u00a0vodou ve Vltavsk\u00e9 kask\u00e1d\u011b a\u00a0nam\u00edsto Orl\u00edku se za\u010dnou odpou\u0161t\u011bt Slapy. \u0160\u00e9f Povod\u00ed Vltavy Petr Kubala Seznam Zpr\u00e1v\u00e1m v\u00a0polovin\u011b srpna \u0159ekl, \u017ee to ale <a data-dot=\"atm-link\" target=\"_blank\" href=\"https:\/\/www.seznamzpravy.cz\/clanek\/domaci-zivot-v-cesku-orlik-ztraci-metr-tydne-jde-o-vyjimecnou-situaci-rika-sef-povodi-vltavy-313034?previewToken=BCExXWj7IPPvdDuER-UoN-igcLQ_3ehQJcwdsFNyOo1jNkG7cDT9FrauOvoNOYIK9udnyU0uhSx_AgcLaRd9FHRBRQQ5C7ON5TSzlCiSsBLFGZGwJUT8TWffXOosB07CwYQB9pEXEFkUOmsvTEJddB4tPi_Fn4PZGJoAxsRpBhgLhWNVKOuOev0Dh4ZqEHWKOPwk9r4tEBEYxrI6tY2BvA3Tsys4urlozFs_d4lw7Ug%3D\" class=\"e_n\" rel=\"nofollow noopener\">neznamen\u00e1<\/a>, \u017ee by voda v\u00a0orlick\u00e9 p\u0159ehrad\u011b do\u0161la.<\/p>\n<p class=\"e_bX\">\u201eJde o\u00a0v\u00fdjime\u010dnou, nikoliv v\u0161ak neo\u010dek\u00e1vanou situaci,\u201c \u0159ekl Kubala s\u00a0t\u00edm, \u017ee dlouhodob\u00e9 situace po\u010d\u00edtaj\u00ed s\u00a0vyu\u017eit\u00edm z\u00e1sob vod ve Slapech jednou za pades\u00e1t let.V historii existence vodn\u00edho d\u00edla Slapy v\u0161ak tato situace nast\u00e1v\u00e1 poprv\u00e9.<\/p>\n<p class=\"e_bX\">Ke zlep\u0161en\u00ed situace by podle Kubaly pomohly d\u00e9letrvaj\u00edc\u00ed sr\u00e1\u017eky. \u201eIde\u00e1ln\u00ed by byl sv\u011b\u017e\u00ed zahradnick\u00fd d\u00e9\u0161\u0165 n\u011bkolik dn\u016f po sob\u011b,\u201c \u0159ekl u\u017e d\u0159\u00edve redakci. Nejprve je podle n\u011bj pot\u0159eba nasytit p\u016fdu, aby se n\u00e1sledn\u011b zv\u00fd\u0161ily pr\u016ftoky v\u00a0toc\u00edch a\u00a0do n\u00e1dr\u017e\u00ed p\u0159it\u00e9kalo v\u00edce vody, kterou by bylo mo\u017en\u00e9 znovu zadr\u017eovat. Deficit vody v\u00a0krajin\u011b i\u00a0p\u0159ehrad\u00e1ch je v\u0161ak velk\u00fd a\u00a0jeho dopln\u011bn\u00ed by vy\u017eadovalo vydatn\u011bj\u0161\u00ed sr\u00e1\u017eky.<\/p>\n<p><a data-dot=\"mol-article-card-media\" aria-hidden=\"true\" tabindex=\"-1\" href=\"https:\/\/www.seznamzpravy.cz\/clanek\/obrazem-fotky-z-dronu-nabizeji-u-orliku-pohledy-jako-ze-sci-fi-filmu-314391\" class=\"e_n f_l8\" rel=\"nofollow noopener\" target=\"_blank\"><img height=\"1968\"   width=\"3500\" src=\"https:\/\/www.europesays.com\/cz\/wp-content\/uploads\/2026\/09\/1788453978_600_41c9.jpeg\" loading=\"eager\" decoding=\"sync\" class=\"e_aa e_Z\"\/><\/a><\/p>\n<p class=\"e_bX\">Ustupuj\u00edc\u00ed voda odkr\u00fdv\u00e1 z\u00e1klady zatopen\u00fdch budov, poz\u016fstatky star\u00e9ho \u0159et\u011bzov\u00e9ho mostu pod Podolsk\u00fdm mostem i\u00a0p\u0159edm\u011bty, kter\u00e9 lid\u00e9 do p\u0159ehrady odhodili. Znovu vystoupilo nap\u0159\u00edklad tak\u00e9 Moravcovo peklo, n\u011bkdej\u0161\u00ed nebezpe\u010dn\u00fd \u00fasek Vltavy nedaleko Zv\u00edkova, jeho\u017e zr\u00e1dn\u00e9 v\u00edry a\u00a0proudy b\u00fdvaly postrachem vora\u0159\u016f. Posledn\u00ed vory tudy propluly v\u00a0\u010dervnu 1960\u00a0p\u0159ed zatopen\u00edm \u00fadol\u00ed.<\/p>\n","protected":false},"excerpt":{"rendered":"\u201eSkute\u010dn\u011b jsme v\u00a0uplynul\u00fdch dvou dnech otev\u00edrali spole\u010dn\u011b s\u00a0hasi\u010di dva sudy v\u00a0orlick\u00e9 p\u0159ehrad\u011b. Nakonec v\u0161ak v\u0161echno dob\u0159e dopadlo,\u201c \u0159ekla&hellip;\n","protected":false},"author":2,"featured_media":201729,"comment_status":"","ping_status":"","sticky":false,"template":"","format":"standard","meta":{"footnotes":"","_share_on_mastodon":"0"},"categories":[7],"tags":[43,42,41,40,5700,715,7031],"class_list":["post-201728","post","type-post","status-publish","format-standard","has-post-thumbnail","category-cesko","tag-ceska-republika","tag-cesko","tag-czech-republic","tag-czechia","tag-orlik","tag-policie-ceske-republiky","tag-sucho"],"share_on_mastodon":{"url":"https:\/\/pubeurope.com\/@cz\/117208127361702318","error":""},"_links":{"self":[{"href":"https:\/\/www.europesays.com\/cz\/wp-json\/wp\/v2\/posts\/201728","targetHints":{"allow":["GET"]}}],"collection":[{"href":"https:\/\/www.europesays.com\/cz\/wp-json\/wp\/v2\/posts"}],"about":[{"href":"https:\/\/www.europesays.com\/cz\/wp-json\/wp\/v2\/types\/post"}],"author":[{"embeddable":true,"href":"https:\/\/www.europesays.com\/cz\/wp-json\/wp\/v2\/users\/2"}],"replies":[{"embeddable":true,"href":"https:\/\/www.europesays.com\/cz\/wp-json\/wp\/v2\/comments?post=201728"}],"version-history":[{"count":0,"href":"https:\/\/www.europesays.com\/cz\/wp-json\/wp\/v2\/posts\/201728\/revisions"}],"wp:featuredmedia":[{"embeddable":true,"href":"https:\/\/www.europesays.com\/cz\/wp-json\/wp\/v2\/media\/201729"}],"wp:attachment":[{"href":"https:\/\/www.europesays.com\/cz\/wp-json\/wp\/v2\/media?parent=201728"}],"wp:term":[{"taxonomy":"category","embeddable":true,"href":"https:\/\/www.europesays.com\/cz\/wp-json\/wp\/v2\/categories?post=201728"},{"taxonomy":"post_tag","embeddable":true,"href":"https:\/\/www.europesays.com\/cz\/wp-json\/wp\/v2\/tags?post=201728"}],"curies":[{"name":"wp","href":"https:\/\/api.w.org\/{rel}","templated":true}]}}