{"id":201752,"date":"2026-09-03T17:03:26","date_gmt":"2026-09-03T17:03:26","guid":{"rendered":"https:\/\/www.europesays.com\/cz\/201752\/"},"modified":"2026-09-03T17:03:26","modified_gmt":"2026-09-03T17:03:26","slug":"roste-zajem-o-wellness-dovolene-lakaji-filipiny-i-madarsko","status":"publish","type":"post","link":"https:\/\/www.europesays.com\/cz\/201752\/","title":{"rendered":"Roste z\u00e1jem o\u00a0wellness dovolen\u00e9. L\u00e1kaj\u00ed Filip\u00edny i\u00a0Ma\u010farsko"},"content":{"rendered":"<p class=\"c_bB\">\u017deb\u0159\u00ed\u010dek zem\u00ed, v\u00a0nich\u017e roste z\u00e1jem o\u00a0relaxa\u010dn\u00ed pobyty nejrychleji, m\u00e1 na sv\u011bdom\u00ed mezin\u00e1rodn\u00ed rezerva\u010dn\u00ed platforma BookRetreats.com. V\u00fdsledky byly sestaveny na z\u00e1klad\u011b meziro\u010dn\u00edho n\u00e1r\u016fstu vyhled\u00e1v\u00e1n\u00ed jednotliv\u00fdch destinac\u00ed na webu serveru a\u00a0zapojen byl i\u00a0v\u00fdzkum mezi 1000\u00a0americk\u00fdmi cestovateli, kter\u00fd c\u00edlil na jejich cestovn\u00ed preference. O\u00a0v\u00fdsledc\u00edch informoval server <a data-dot=\"atm-link\" target=\"_blank\" rel=\"noopener nofollow\" href=\"https:\/\/www.travelandleisure.com\/best-wellness-destinations-2026-11937821\" class=\"c_I\">Travel + Leisure<\/a>.<\/p>\n<p class=\"c_bB\">Na prvn\u00edm m\u00edst\u011b skon\u010dily Filip\u00edny, kter\u00e9 tvo\u0159\u00ed v\u00edce ne\u017e 7600\u00a0ostrov\u016f. Ty l\u00e1kaj\u00ed na b\u011blostn\u00e9 pl\u00e1\u017ee, k\u0159i\u0161\u0165\u00e1lov\u011b \u010dist\u00e9 mo\u0159e a\u00a0dechberouc\u00ed horsk\u00e9 scen\u00e9rie. Prost\u011b\u00a0ide\u00e1ln\u00ed kulisy ke zpomalen\u00ed a\u00a0meditaci, pokud preferujete tropy. Cestovatel\u00e9 se tam mohou vy\u0159\u00e1dit ve v\u0161emo\u017en\u00fdch aktivit\u00e1ch od j\u00f3gy po surfov\u00e1n\u00ed nebo vyrazit na t\u00faru do p\u0159\u00edrody. Po\u010det vyhled\u00e1v\u00e1n\u00ed relaxa\u010dn\u00edch pobyt\u016f na Filip\u00edn\u00e1ch vzrostl na platform\u011b meziro\u010dn\u011b o\u00a0323\u00a0procent.  <\/p>\n<p><a data-dot=\"atm-link\" target=\"_self\" href=\"https:\/\/www.novinky.cz\/clanek\/cestovani-popularni-trasu-kolem-mont-blancu-suzuji-davy-urady-zvazuji-povinne-rezervace-40594070\" class=\"c_I\" rel=\"nofollow noopener\"><img fetchpriority=\"high\" height=\"2304\" width=\"4096\" src=\"https:\/\/www.europesays.com\/cz\/wp-content\/uploads\/2026\/09\/francie.jpeg\" loading=\"eager\" decoding=\"sync\" class=\"c_t c_r\"\/><\/a><\/p>\n<p class=\"c_bB\">Druh\u00e9 m\u00edsto pat\u0159\u00ed Austr\u00e1lii, u\u00a0n\u00ed\u017e se po\u010det vyhled\u00e1v\u00e1n\u00ed zv\u00fd\u0161il o\u00a0255\u00a0procent. Nab\u00eddka je obdobn\u00e1: j\u00f3ga, surfov\u00e1n\u00ed, meditace na pl\u00e1\u017ei, koupele v\u00a0term\u00e1ln\u00edch pramenech nebo p\u011b\u0161\u00ed t\u00fary rozmanitou australskou p\u0159\u00edrodou. <\/p>\n<p class=\"c_bB\">T\u0159et\u00ed skon\u010dilo Ma\u010farsko s\u00a0n\u00e1r\u016fstem o\u00a0236\u00a0procent. Asi nikoho nep\u0159ekvap\u00ed, \u017ee l\u00e1k\u00e1 p\u0159edev\u0161\u00edm na l\u00e1zn\u011b. Oblibu si z\u00edsk\u00e1v\u00e1 zejm\u00e9na st\u0159\u00edd\u00e1n\u00ed hork\u00e9 a\u00a0studen\u00e9 vody, kter\u00e9 zpr\u00e1va ozna\u010duje za jeden z\u00a0nastupuj\u00edc\u00edch wellness trend\u016f.<\/p>\n<p><img height=\"449\"   width=\"800\" src=\"https:\/\/www.europesays.com\/cz\/wp-content\/uploads\/2026\/09\/NIHWcP.jpeg\" loading=\"eager\" decoding=\"sync\" class=\"c_t c_r\"\/>Foto: Jakub Kyn\u010dl, Novinky<\/p>\n<p class=\"c_bB\">L\u00e1zn\u011b v\u00a0ma\u010farsk\u00e9m H\u00e9v\u00edzu l\u00e1kaj\u00ed na \u00fa\u010dinky i\u00a0atmosf\u00e9ru.<\/p>\n<p>P\u0159\u00edroda, houby i\u00a0va\u0159en\u00ed<\/p>\n<p class=\"c_bB\">Na \u010dtvrt\u00e9m m\u00edst\u011b je Nizozemsko, kde se po\u010det vyhled\u00e1v\u00e1n\u00ed zv\u00fd\u0161il o\u00a0159\u00a0procent. Zem\u011b l\u00e1k\u00e1 na pobyty zam\u011b\u0159en\u00e9 na sebepozn\u00e1n\u00ed. A\u00a0n\u011bkter\u00e9 p\u016fsob\u00ed vskutku neortodoxn\u011b. Travel + Leisure zm\u00ednil vedle dovolen\u00e9 v\u00a0naprost\u00e9m tichu tak\u00e9 \u0159\u00edzen\u00e9 programy s\u00a0psilocybinov\u00fdmi lan\u00fd\u017ei. Ty obsahuj\u00ed l\u00e1tku, kter\u00e1 m\u016f\u017ee m\u011bnit vn\u00edm\u00e1n\u00ed a\u00a0pro\u017e\u00edv\u00e1n\u00ed.  <\/p>\n<p class=\"c_bB\">P\u00e1t\u00e9 N\u011bmecko zaznamenalo zv\u00fd\u0161en\u00ed z\u00e1jmu o\u00a0157\u00a0procent. L\u00e1k\u00e1 zejm\u00e9na vyznava\u010de tradi\u010dn\u00edho l\u00e1ze\u0148stv\u00ed, kte\u0159\u00ed se tam mohou nalo\u017eit do term\u00e1ln\u00edch koupel\u00ed nebo zkusit lesn\u00ed terapii. V\u00a0katastru n\u011bmeck\u00fdch m\u011bst Lahnstein a\u00a0Bad Nauheim se dokonce nach\u00e1zej\u00ed <a data-dot=\"atm-link\" target=\"_blank\" href=\"https:\/\/www.novinky.cz\/clanek\/cestovani-zeny-sem-kdysi-nesmely-dnes-je-z-nej-certifikovany-lecivy-les-40592441\" class=\"c_I\" rel=\"nofollow noopener\">certifikovan\u00e9 l\u00e9\u010div\u00e9 lesy<\/a>. P\u0159i ud\u011blov\u00e1n\u00ed tohoto statusu je z\u00e1sadn\u00ed kup\u0159\u00edkladu m\u00edra hluku, n\u00e1ro\u010dnost stezek, ochrana p\u0159ed v\u011btrem nebo z\u00e1zem\u00ed pro odpo\u010dinek, cvi\u010den\u00ed a\u00a0pr\u00e1ci vy\u0161kolen\u00fdch lesn\u00edch terapeut\u016f. <\/p>\n<p class=\"c_bB\">\u0160est\u00fd skon\u010dil Vietnam, u\u00a0n\u011bho\u017e vyhled\u00e1v\u00e1n\u00ed vzrostlo o\u00a0129\u00a0procent. K\u00a0jeho p\u0159ednostem pat\u0159\u00ed p\u0159\u00edzniv\u00e9 ceny, tropick\u00e1 krajina, mo\u017enosti koup\u00e1n\u00ed a\u00a0vodn\u00edch sport\u016f i\u00a0nab\u00eddka j\u00f3gy, meditac\u00ed a\u00a0dostupn\u00fdch mas\u00e1\u017e\u00ed. Bonusem je vyhl\u00e1\u0161en\u00e1 m\u00edstn\u00ed kuchyn\u011b. <\/p>\n<p><img height=\"3072\"   width=\"4096\" src=\"https:\/\/www.europesays.com\/cz\/wp-content\/uploads\/2026\/09\/phu-quoc.jpeg\" loading=\"eager\" decoding=\"sync\" class=\"c_t c_r\"\/>Foto: Ta\u0165\u00e1na Kyn\u010dlov\u00e1, Novinky<\/p>\n<p class=\"c_bB\">Vietnam je pro relaxa\u010dn\u00ed pobyty jako stvo\u0159en\u00fd.<\/p>\n<p class=\"c_bB\">Sedm\u00e9 Rumunsko l\u00e1k\u00e1 na pobyty mimo civilizaci, digit\u00e1ln\u00ed detox a\u00a0pozorov\u00e1n\u00ed no\u010dn\u00ed oblohy. Po\u010det vyhled\u00e1v\u00e1n\u00ed se v\u00a0jeho p\u0159\u00edpad\u011b zv\u00fd\u0161il o\u00a094\u00a0procent.<\/p>\n<p class=\"c_bB\">Osm\u00e9 \u0160v\u00fdcarsko t\u011b\u017e\u00ed z\u00a0p\u016fvabn\u00fdch horsk\u00fdch scen\u00e9ri\u00ed. Nab\u00edz\u00ed p\u011b\u0161\u00ed turistiku, cyklistiku, mno\u017estv\u00ed jezer i\u00a0chutnou gastronomii. Z\u00e1jem o\u00a0tamn\u00ed wellness pobyty vzrostl o\u00a075\u00a0procent.<\/p>\n<p class=\"c_bB\">Dev\u00e1t\u00e1 je Sr\u00ed Lanka, u\u00a0n\u00ed\u017e se po\u010det vyhled\u00e1v\u00e1n\u00ed zv\u00fd\u0161il o\u00a058\u00a0procent. Ostrov je proslul\u00fd dlouhou tradic\u00ed \u00e1jurv\u00e9dy a\u00a0nab\u00edz\u00ed bylinn\u00e9 procedury, mas\u00e1\u017ee, j\u00f3gu i\u00a0meditace v\u00a0tropick\u00e9m prost\u0159ed\u00ed.  <\/p>\n<p class=\"c_bB\">Des\u00e1tou p\u0159\u00ed\u010dku obsadila It\u00e1lie s\u00a0n\u00e1r\u016fstem o\u00a055\u00a0procent. Relaxa\u010dn\u00ed pobyty zde \u010dasto maj\u00ed kulin\u00e1\u0159skou podobu: turist\u00e9 se na trz\u00edch seznamuj\u00ed s\u00a0lok\u00e1ln\u00edmi surovinami, va\u0159\u00ed, jed\u00ed a\u00a0odpo\u010d\u00edvaj\u00ed stranou od dav\u016f. Je tak trochu div, \u017ee s\u00a0programem zam\u011b\u0159en\u00fdm na dobr\u00e9 j\u00eddlo nestoupl z\u00e1jem mnohem v\u00edc.  <\/p>\n<p><a data-dot=\"atm-link\" target=\"_self\" href=\"https:\/\/www.novinky.cz\/clanek\/cestovani-extremni-vedra-v-athenach-ozivila-skomirajici-remeslo-40594306\" class=\"c_I\" rel=\"nofollow noopener\"><img height=\"2304\" width=\"4096\" src=\"https:\/\/www.europesays.com\/cz\/wp-content\/uploads\/2026\/09\/1788455006_918_atheny.jpeg\" loading=\"eager\" decoding=\"sync\" class=\"c_t c_r\"\/><\/a><\/p>\n","protected":false},"excerpt":{"rendered":"\u017deb\u0159\u00ed\u010dek zem\u00ed, v\u00a0nich\u017e roste z\u00e1jem o\u00a0relaxa\u010dn\u00ed pobyty nejrychleji, m\u00e1 na sv\u011bdom\u00ed mezin\u00e1rodn\u00ed rezerva\u010dn\u00ed platforma BookRetreats.com. V\u00fdsledky byly sestaveny&hellip;\n","protected":false},"author":2,"featured_media":201753,"comment_status":"","ping_status":"","sticky":false,"template":"","format":"standard","meta":{"footnotes":"","_share_on_mastodon":"0"},"categories":[11],"tags":[536,1471,7839,15350,8161,54,46133,4194,53,52],"class_list":["post-201752","post","type-post","status-publish","format-standard","has-post-thumbnail","category-svet","tag-cestovani","tag-dovolena","tag-filipiny","tag-joga","tag-meditace","tag-svet","tag-termaly","tag-wellness","tag-world","tag-world-news"],"share_on_mastodon":{"url":"https:\/\/pubeurope.com\/@cz\/117208194201666285","error":""},"_links":{"self":[{"href":"https:\/\/www.europesays.com\/cz\/wp-json\/wp\/v2\/posts\/201752","targetHints":{"allow":["GET"]}}],"collection":[{"href":"https:\/\/www.europesays.com\/cz\/wp-json\/wp\/v2\/posts"}],"about":[{"href":"https:\/\/www.europesays.com\/cz\/wp-json\/wp\/v2\/types\/post"}],"author":[{"embeddable":true,"href":"https:\/\/www.europesays.com\/cz\/wp-json\/wp\/v2\/users\/2"}],"replies":[{"embeddable":true,"href":"https:\/\/www.europesays.com\/cz\/wp-json\/wp\/v2\/comments?post=201752"}],"version-history":[{"count":0,"href":"https:\/\/www.europesays.com\/cz\/wp-json\/wp\/v2\/posts\/201752\/revisions"}],"wp:featuredmedia":[{"embeddable":true,"href":"https:\/\/www.europesays.com\/cz\/wp-json\/wp\/v2\/media\/201753"}],"wp:attachment":[{"href":"https:\/\/www.europesays.com\/cz\/wp-json\/wp\/v2\/media?parent=201752"}],"wp:term":[{"taxonomy":"category","embeddable":true,"href":"https:\/\/www.europesays.com\/cz\/wp-json\/wp\/v2\/categories?post=201752"},{"taxonomy":"post_tag","embeddable":true,"href":"https:\/\/www.europesays.com\/cz\/wp-json\/wp\/v2\/tags?post=201752"}],"curies":[{"name":"wp","href":"https:\/\/api.w.org\/{rel}","templated":true}]}}