{"id":201770,"date":"2026-09-03T17:17:17","date_gmt":"2026-09-03T17:17:17","guid":{"rendered":"https:\/\/www.europesays.com\/cz\/201770\/"},"modified":"2026-09-03T17:17:17","modified_gmt":"2026-09-03T17:17:17","slug":"vuelta-2026-12-etapa-pogacaruv-nastupce-slavi-velky-triumf","status":"publish","type":"post","link":"https:\/\/www.europesays.com\/cz\/201770\/","title":{"rendered":"Vuelta 2026 | 12. etapa: Poga\u010dar\u016fv n\u00e1stupce slav\u00ed velk\u00fd triumf"},"content":{"rendered":"<p class=\"b_bA\">Poga\u010dar sice z\u00a0Vuelty odstoupil u\u017e v\u00a0sobotu, p\u0159esto se slovinsk\u00e1 cyklistika do\u010dkala dal\u0161\u00edho v\u00edt\u011bzstv\u00ed. Na sv\u011bdom\u00ed ho nem\u00e1 velezku\u0161en\u00fd Primo\u017e Rogli\u010d, ale naopak z\u00e1stupce nastupuj\u00edc\u00ed generace Jakob Omrzel.<\/p>\n<p class=\"b_bA\">Mlad\u00edk z\u00a0t\u00fdmu Bahrain-Victorious, kde v\u00a0roli jednoho ze sportovn\u00edch \u0159editel\u016f p\u016fsob\u00ed Roman Kreuziger, byl sou\u010d\u00e1st\u00ed t\u0159iceti\u010dlenn\u00e9ho \u00faniku. Aktivn\u00ed v\u00a0po\u010detn\u00e9 skupin\u011b byl dr\u017eitel zelen\u00e9ho trikotu Wout van Aert, kter\u00fd vedle sprintersk\u00e9 pr\u00e9mie ovl\u00e1dl i\u00a0prvn\u00ed t\u0159i hodnocen\u00e1 stoup\u00e1n\u00ed, \u010d\u00edm\u017e se posunul na druh\u00e9 m\u00edsto mezi vrcha\u0159i.<\/p>\n<p class=\"b_bA\">Punt\u00edkat\u00fd trikot st\u00e1le dr\u017e\u00ed Kolumbijec Santiago Buitrago, jen\u017e rovn\u011b\u017e \u0161lapal v\u00a0\u00faniku a\u00a0p\u0159ipravoval pozici pro t\u00fdmov\u00e9ho kolegu Omrzela. S\u00a0n\u00edm se jako posledn\u00ed dr\u017eel \u0160pan\u011bl Urko Berrade, ale tak\u00e9 od n\u011bj se Slovinec odp\u00e1ral. Za\u00fato\u010dil v\u00a0c\u00edlov\u00e9m stoup\u00e1n\u00ed u\u017e dvan\u00e1ct kilometr\u016f p\u0159ed c\u00edlem a\u00a0suver\u00e9nn\u011b si dojel pro \u017eivotn\u00ed triumf.<\/p>\n<p lang=\"ro\" dir=\"ltr\">\ud83c\udfc1- 10 km | Stage 1\ufe0f\u20e32\ufe0f\u20e3 &#8211; Etapa 1\ufe0f\u20e32\ufe0f\u20e3 | <a href=\"https:\/\/x.com\/hashtag\/LaVuelta26?src=hash&amp;ref_src=twsrc%5Etfw\" rel=\"nofollow\">#LaVuelta26<\/a><\/p>\n<p>\ud83d\udca5Omrzel is up the road alone&#8230; and ENRIC MAS ATTACKS BEHIND \u2764\ufe0f<\/p>\n<p>\ud83d\udd25 Jakob Omrzel se marcha en solitario por delante&#8230; Y EL PATR\u00d3N DE LA CARRERA ATACA POR DETR\u00c1S \u2764\ufe0f <a href=\"https:\/\/t.co\/86Z4z70OUB\" rel=\"nofollow\">pic.twitter.com\/86Z4z70OUB<\/a><\/p>\n<p>\u2014 La Vuelta (@lavuelta) <a href=\"https:\/\/x.com\/lavuelta\/status\/2095532427762450841?ref_src=twsrc%5Etfw\" rel=\"nofollow\">September 3, 2026<\/a><\/p>\n<p class=\"b_bA\">Ve fini\u0161i ocenil zejm\u00e9na pr\u00e1ci t\u00fdmu. \u201eJsem na n\u00e1s moc hrd\u00fd. Navz\u00e1jem si skv\u011ble rozum\u00edme a\u00a0v\u00fdborn\u011b jsme spolupracovali. Skoro jako kdybychom hr\u00e1li na konzoli,\u201c vtipkoval.<\/p>\n<p class=\"b_bA\">Omrzel se tak stal nejmlad\u0161\u00edm slovinsk\u00fdm v\u00edt\u011bzem etapy na Grand Tour, o\u00a0p\u016fl roku p\u0159ekonal i\u00a0Poga\u010dara, kter\u00fd poprv\u00e9 slavil rovn\u011b\u017e na Vuelt\u011b p\u0159ed sedmi lety. \u201eSamoz\u0159ejm\u011b je to fajn, ale je to jen statistika,\u201c usm\u00e1l se.<\/p>\n<p class=\"b_bA\">Bojovalo se i\u00a0o celkov\u00e9 po\u0159ad\u00ed. V\u00a0pelotonu mezit\u00edm tvo\u0159il tempo t\u00fdm Decathlon pro Raku\u0161ana Felixa Galla. T\u0159et\u00ed mu\u017e po\u0159ad\u00ed v\u00a0z\u00e1v\u011bre\u010dn\u00e9m stoup\u00e1n\u00ed na Calar Alto nastoupil, ale za z\u00e1dy si st\u00e1le vezl Rogli\u010de s\u00a0Masem. Pr\u00e1v\u011b \u0160pan\u011bl jedouc\u00ed v\u00a0\u010derven\u00e9m trikotu si znovu nejl\u00e9pe rozvrhl s\u00edly a\u00a0od hlavn\u00edch konkurent\u016f se odp\u00e1ral.<\/p>\n<p><a data-dot=\"atm-link\" target=\"_self\" href=\"https:\/\/www.sport.cz\/clanek\/cyklistika-vuelta-prisla-o-dalsi-velke-jmeno-5524922\" class=\"b_V g_ig\" rel=\"nofollow noopener\"><img fetchpriority=\"high\" height=\"2730\" width=\"3641\" src=\"https:\/\/www.europesays.com\/cz\/wp-content\/uploads\/2026\/09\/1788455836_801_cyklistika-vuelta-mads-pedersen.jpeg\" loading=\"eager\" decoding=\"sync\" class=\"b_B b_z\"\/><\/a><\/p>\n<p class=\"b_bA\">V c\u00edli byl nakonec o\u00a027\u00a0sekund d\u0159\u00edve ne\u017e Rogli\u010d s\u00a0Gallem, p\u0159ed Slovincem vede u\u017e o\u00a0minutu a\u00a045\u00a0vte\u0159in. Smoln\u00fd den pro\u017eil Brit Oscar Onley, dr\u017eitel b\u00edl\u00e9ho trikotu spadl a\u00a0pokra\u010doval s\u00a0bolestiv\u00fdmi od\u0159eninami. Na soupe\u0159e ztratil kolem dvou minut a\u00a0klesl ze \u010dtvrt\u00e9ho na p\u00e1t\u00e9 m\u00edsto. Na \u0161est\u00e9 p\u0159\u00ed\u010dce u\u017e je skokan Omrzel.<\/p>\n<p class=\"b_bA\">Jedin\u00fd \u010desk\u00fd z\u00e1stupce Jan Hirt dojel na 28.\u00a0m\u00edst\u011b s\u00a0mankem tak\u0159ka \u010dtrn\u00e1ct minut a\u00a0v pr\u016fb\u011b\u017en\u00e9m po\u0159ad\u00ed posko\u010dil do druh\u00e9 des\u00edtky.<\/p>\n<p class=\"b_bA\">V p\u00e1tek na cyklisty \u010dek\u00e1 193\u00a0kilometr\u016f dlouh\u00e1 etapa do c\u00edlov\u00e9ho m\u011bsta Loja se t\u0159emi st\u0159edn\u011b n\u00e1ro\u010dn\u00fdmi v\u00fd\u0161lapy. Op\u011bt by mohl usp\u011bt \u00fanik.<\/p>\n<p>Vuelta 2026<\/p>\n<p class=\"b_bA\">V po\u0159ad\u00ed t\u0159et\u00ed cyklistick\u00fd etapov\u00fd z\u00e1vod z\u00a0elitn\u00ed s\u00e9rie <a data-dot=\"atm-link\" target=\"_blank\" href=\"https:\/\/www.sport.cz\/tag\/grand-tours-80977\" class=\"b_V\" rel=\"nofollow noopener\">Grand Tour<\/a> se jede od 22.\u00a0srpna do 13.\u00a0z\u00e1\u0159\u00ed 2026.\u00a0Nejv\u011bt\u0161\u00edm favoritem na v\u00edt\u011bzstv\u00ed byl slovinsk\u00fd z\u00e1vodn\u00edk <a data-dot=\"atm-link\" target=\"_blank\" href=\"https:\/\/www.sport.cz\/tag\/tadej-pogacar-108491\" class=\"b_V\" rel=\"nofollow noopener\">Tadej Poga\u010dar<\/a>, v\u00a0osm\u00e9 etap\u011b ale po p\u00e1du odstoupil. Na startu nechyb\u00ed ani \u010desk\u00fd z\u00e1stupce <a data-dot=\"atm-link\" target=\"_blank\" href=\"https:\/\/www.sport.cz\/tag\/jan-hirt-14605\" class=\"b_V\" rel=\"nofollow noopener\">Jan Hirt<\/a>.<\/p>\n<p>Cyklistick\u00fd z\u00e1vod Vuelta &#8211; 12. etapa (Vera &#8211; Calar Alto, 166,5 km):1. Omrzel (Slovin.\/Bahrain-Victorious) 4:29:532. Berrade (\u0160p.\/Equipo Kern Pharma) -1:563. Buitrago (Kol.\/Bahrain-Victorious) -2:134. Lucenko (Kaz.\/NSN) -2:495. Vansevenant (Belg.\/Soudal Quick-Step) -2:536. Mas (\u0160p.\/Movistar) -2:56&#8230;28. HIRT (\u010cR\/NSN) -13:43.Pr\u016fb\u011b\u017en\u00e9 po\u0159ad\u00ed: 1. Mas 40:31:512. Rogli\u010d (Slovin.\/Red Bull-BORA-hansgrohe) -1:453. Gall (Rak.\/Decathlon CMA CGM) -2:064. Carapaz (Ekv.\/EF Education-EasyPost) -3:535. Onley (Brit.\/Netcompany INEOS) -4:296. Omrzel -4:59&#8230;20. HIRT -41:52<a data-dot=\"atm-link\" target=\"_self\" href=\"https:\/\/www.sport.cz\/clanek\/cyklistika-vuelta-2026-britsky-mladik-ve-spurtu-znovu-nejrychlejsi-na-vuelte-slavi-uz-potreti-5524988\" class=\"b_V g_ig\" rel=\"nofollow noopener\"><img height=\"1098\" width=\"1465\" src=\"https:\/\/www.europesays.com\/cz\/wp-content\/uploads\/2026\/09\/1788455837_520_0dca.jpeg\" loading=\"eager\" decoding=\"sync\" class=\"b_B b_z\"\/><\/a><script async src=\"https:\/\/platform.twitter.com\/widgets.js\" charset=\"utf-8\"><\/script><\/p>\n","protected":false},"excerpt":{"rendered":"Poga\u010dar sice z\u00a0Vuelty odstoupil u\u017e v\u00a0sobotu, p\u0159esto se slovinsk\u00e1 cyklistika do\u010dkala dal\u0161\u00edho v\u00edt\u011bzstv\u00ed. Na sv\u011bdom\u00ed ho nem\u00e1 velezku\u0161en\u00fd&hellip;\n","protected":false},"author":2,"featured_media":201771,"comment_status":"","ping_status":"","sticky":false,"template":"","format":"standard","meta":{"footnotes":"","_share_on_mastodon":"0"},"categories":[15],"tags":[4967,94,93,24093],"class_list":["post-201770","post","type-post","status-publish","format-standard","has-post-thumbnail","category-sport","tag-cyklistika","tag-sport","tag-sports","tag-vuelta-a-espana"],"share_on_mastodon":{"url":"https:\/\/pubeurope.com\/@cz\/117208249181746801","error":""},"_links":{"self":[{"href":"https:\/\/www.europesays.com\/cz\/wp-json\/wp\/v2\/posts\/201770","targetHints":{"allow":["GET"]}}],"collection":[{"href":"https:\/\/www.europesays.com\/cz\/wp-json\/wp\/v2\/posts"}],"about":[{"href":"https:\/\/www.europesays.com\/cz\/wp-json\/wp\/v2\/types\/post"}],"author":[{"embeddable":true,"href":"https:\/\/www.europesays.com\/cz\/wp-json\/wp\/v2\/users\/2"}],"replies":[{"embeddable":true,"href":"https:\/\/www.europesays.com\/cz\/wp-json\/wp\/v2\/comments?post=201770"}],"version-history":[{"count":0,"href":"https:\/\/www.europesays.com\/cz\/wp-json\/wp\/v2\/posts\/201770\/revisions"}],"wp:featuredmedia":[{"embeddable":true,"href":"https:\/\/www.europesays.com\/cz\/wp-json\/wp\/v2\/media\/201771"}],"wp:attachment":[{"href":"https:\/\/www.europesays.com\/cz\/wp-json\/wp\/v2\/media?parent=201770"}],"wp:term":[{"taxonomy":"category","embeddable":true,"href":"https:\/\/www.europesays.com\/cz\/wp-json\/wp\/v2\/categories?post=201770"},{"taxonomy":"post_tag","embeddable":true,"href":"https:\/\/www.europesays.com\/cz\/wp-json\/wp\/v2\/tags?post=201770"}],"curies":[{"name":"wp","href":"https:\/\/api.w.org\/{rel}","templated":true}]}}